{"id":507019,"date":"2025-11-02T15:48:11","date_gmt":"2025-11-02T15:48:11","guid":{"rendered":"https:\/\/www.europesays.com\/fr\/507019\/"},"modified":"2025-11-02T15:48:11","modified_gmt":"2025-11-02T15:48:11","slug":"coincidence-ou-revelateur-du-malaise-francais","status":"publish","type":"post","link":"https:\/\/www.europesays.com\/fr\/507019\/","title":{"rendered":"co\u00efncidence ou r\u00e9v\u00e9lateur du malaise fran\u00e7ais ?"},"content":{"rendered":"<p>Le fleuron fran\u00e7ais de la publicit\u00e9 en ligne, Criteo, a annonc\u00e9 son intention de transf\u00e9rer son\u00a0si\u00e8ge juridique au Luxembourg. Officiellement, il ne s\u2019agirait pas d\u2019une fuite fiscale, mais d\u2019une simplification de structure. Officieusement, difficile de ne pas y voir le reflet d\u2019un\u00a0climat fiscal et politique devenu \u00e9touffant\u00a0pour les entreprises fran\u00e7aises.<\/p>\n<p>Fond\u00e9e \u00e0 Paris par\u00a0Jean-Baptiste Rudelle, Criteo est l\u2019une des rares start-up fran\u00e7aises cot\u00e9es au Nasdaq. L\u2019entreprise emploie encore plusieurs centaines de personnes en France, o\u00f9 se trouvent ses \u00e9quipes techniques et son laboratoire d\u2019intelligence artificielle. Mais le groupe a annonc\u00e9 vouloir transf\u00e9rer son\u00a0domicile juridique\u00a0au\u00a0Luxembourg, tout en maintenant ses activit\u00e9s op\u00e9rationnelles \u00e0 Paris. Officiellement, Criteo explique ce choix par des raisons de\u00a0gouvernance et de simplification\u00a0: le Luxembourg offrirait un cadre plus adapt\u00e9 aux soci\u00e9t\u00e9s internationales et faciliterait la conversion de ses actions pour une meilleure int\u00e9gration aux march\u00e9s am\u00e9ricains. La soci\u00e9t\u00e9 assure qu\u2019il ne s\u2019agit \u00ab en aucun cas d\u2019un d\u00e9part fiscal \u00bb. Pourtant, le moment interroge. Car ce d\u00e9m\u00e9nagement intervient dans un contexte o\u00f9 la France multiplie les signaux n\u00e9gatifs :\u00a0instabilit\u00e9 fiscale, menaces de\u00a0nouvelles taxes sur les entreprises et les patrimoines, climat politique tendu. Or, le fondateur historique,\u00a0Jean-Baptiste Rudelle, s\u2019est lui-m\u00eame r\u00e9cemment illustr\u00e9 en\u00a0soutenant la taxe Zucman, cens\u00e9e cibler les grandes fortunes et holdings patrimoniales. Voir aujourd\u2019hui l\u2019entreprise qu\u2019il a cr\u00e9\u00e9e partir s\u2019installer au Luxembourg n\u2019est pas anodin et devient m\u00eame un symbole. Faut-il y voir une simple co\u00efncidence ou un\u00a0sympt\u00f4me d\u2019un malaise plus profond\u00a0? En quelques mois, plusieurs soci\u00e9t\u00e9s fran\u00e7aises ou investisseurs ont choisi de se r\u00e9implanter ailleurs en Europe. Le Luxembourg, les Pays-Bas ou l\u2019Irlande attirent par leur\u00a0stabilit\u00e9 juridique et fiscale, pendant que la France continue de s\u2019enfermer dans un d\u00e9bat id\u00e9ologique sur la \u00ab juste contribution \u00bb.<\/p>\n<p>Criteo affirme ne pas fuir la France. Mais son d\u00e9part, m\u00eame partiel,\u00a0pose une question de fond\u00a0: que reste-t-il de la comp\u00e9titivit\u00e9 fiscale et r\u00e9glementaire d\u2019un pays o\u00f9 le succ\u00e8s finit trop souvent par chercher refuge ailleurs ?<\/p>\n","protected":false},"excerpt":{"rendered":"Le fleuron fran\u00e7ais de la publicit\u00e9 en ligne, Criteo, a annonc\u00e9 son intention de transf\u00e9rer son\u00a0si\u00e8ge juridique au&hellip;\n","protected":false},"author":2,"featured_media":507020,"comment_status":"","ping_status":"","sticky":false,"template":"","format":"standard","meta":{"footnotes":""},"categories":[6],"tags":[35,33,34,1011,27],"class_list":{"0":"post-507019","1":"post","2":"type-post","3":"status-publish","4":"format-standard","5":"has-post-thumbnail","7":"category-economie","8":"tag-business","9":"tag-economie","10":"tag-economy","11":"tag-fr","12":"tag-france"},"share_on_mastodon":{"url":"https:\/\/pubeurope.com\/@fr\/115480894171104637","error":""},"_links":{"self":[{"href":"https:\/\/www.europesays.com\/fr\/wp-json\/wp\/v2\/posts\/507019","targetHints":{"allow":["GET"]}}],"collection":[{"href":"https:\/\/www.europesays.com\/fr\/wp-json\/wp\/v2\/posts"}],"about":[{"href":"https:\/\/www.europesays.com\/fr\/wp-json\/wp\/v2\/types\/post"}],"author":[{"embeddable":true,"href":"https:\/\/www.europesays.com\/fr\/wp-json\/wp\/v2\/users\/2"}],"replies":[{"embeddable":true,"href":"https:\/\/www.europesays.com\/fr\/wp-json\/wp\/v2\/comments?post=507019"}],"version-history":[{"count":0,"href":"https:\/\/www.europesays.com\/fr\/wp-json\/wp\/v2\/posts\/507019\/revisions"}],"wp:featuredmedia":[{"embeddable":true,"href":"https:\/\/www.europesays.com\/fr\/wp-json\/wp\/v2\/media\/507020"}],"wp:attachment":[{"href":"https:\/\/www.europesays.com\/fr\/wp-json\/wp\/v2\/media?parent=507019"}],"wp:term":[{"taxonomy":"category","embeddable":true,"href":"https:\/\/www.europesays.com\/fr\/wp-json\/wp\/v2\/categories?post=507019"},{"taxonomy":"post_tag","embeddable":true,"href":"https:\/\/www.europesays.com\/fr\/wp-json\/wp\/v2\/tags?post=507019"}],"curies":[{"name":"wp","href":"https:\/\/api.w.org\/{rel}","templated":true}]}}