{"id":507029,"date":"2025-11-02T15:55:33","date_gmt":"2025-11-02T15:55:33","guid":{"rendered":"https:\/\/www.europesays.com\/fr\/507029\/"},"modified":"2025-11-02T15:55:33","modified_gmt":"2025-11-02T15:55:33","slug":"liaisons-ter-epinal-nancy-les-usagers-du-train-en-colere","status":"publish","type":"post","link":"https:\/\/www.europesays.com\/fr\/507029\/","title":{"rendered":"liaisons TER \u00c9pinal-Nancy, les usagers du train en col\u00e8re"},"content":{"rendered":"<p>Invariablement, la vie des travailleurs interd\u00e9partementaux qui ont choisi le train pour rallier Nancy depuis \u00c9pinal se transforme en gal\u00e8re pendant les vacances. Et pour cause : le rythme des rotations du TER Grand Est, nombreuses en temps normal, est r\u00e9duit \u00e0 chaque fois \u00e0 la portion congrue : quelques trains avant 9 h 30 (9 h 06 pour le dernier en matin\u00e9e), un en milieu de journ\u00e9e (15 h 43) avant un rythme plus normal en fin de journ\u00e9e. Et, bizarrement, dans l\u2019autre sens, plus de rotations.<\/p>\n<p>Des bus ont bien \u00e9t\u00e9 mis en place pour se substituer aux rames r\u00e9gionales mais, force est de constater qu\u2019ils sont plus longs en termes de temps de trajet. Au grand dam de certains usagers qui aimeraient pouvoir&#8230;<\/p>\n","protected":false},"excerpt":{"rendered":"Invariablement, la vie des travailleurs interd\u00e9partementaux qui ont choisi le train pour rallier Nancy depuis \u00c9pinal se transforme&hellip;\n","protected":false},"author":2,"featured_media":507030,"comment_status":"","ping_status":"","sticky":false,"template":"","format":"standard","meta":{"footnotes":""},"categories":[9635],"tags":[1111,11,46078,10220,3542,1796,778,19336,1777,674,107,1011,27,775,1702,12,25,104,2803,774],"class_list":{"0":"post-507029","1":"post","2":"type-post","3":"status-publish","4":"format-standard","5":"has-post-thumbnail","7":"category-nancy","8":"tag-actu","9":"tag-actualites","10":"tag-ca-depinal-88a1","11":"tag-ca-depinal-88a2","12":"tag-circulation","13":"tag-edition-epinal","14":"tag-epinal","15":"tag-epinal-ville-88a","16":"tag-eu","17":"tag-europe","18":"tag-fil-info","19":"tag-fr","20":"tag-france","21":"tag-grand-est","22":"tag-nancy","23":"tag-news","24":"tag-republique-francaise","25":"tag-societe","26":"tag-transport","27":"tag-vosges"},"share_on_mastodon":{"url":"https:\/\/pubeurope.com\/@fr\/115480921574145438","error":""},"_links":{"self":[{"href":"https:\/\/www.europesays.com\/fr\/wp-json\/wp\/v2\/posts\/507029","targetHints":{"allow":["GET"]}}],"collection":[{"href":"https:\/\/www.europesays.com\/fr\/wp-json\/wp\/v2\/posts"}],"about":[{"href":"https:\/\/www.europesays.com\/fr\/wp-json\/wp\/v2\/types\/post"}],"author":[{"embeddable":true,"href":"https:\/\/www.europesays.com\/fr\/wp-json\/wp\/v2\/users\/2"}],"replies":[{"embeddable":true,"href":"https:\/\/www.europesays.com\/fr\/wp-json\/wp\/v2\/comments?post=507029"}],"version-history":[{"count":0,"href":"https:\/\/www.europesays.com\/fr\/wp-json\/wp\/v2\/posts\/507029\/revisions"}],"wp:featuredmedia":[{"embeddable":true,"href":"https:\/\/www.europesays.com\/fr\/wp-json\/wp\/v2\/media\/507030"}],"wp:attachment":[{"href":"https:\/\/www.europesays.com\/fr\/wp-json\/wp\/v2\/media?parent=507029"}],"wp:term":[{"taxonomy":"category","embeddable":true,"href":"https:\/\/www.europesays.com\/fr\/wp-json\/wp\/v2\/categories?post=507029"},{"taxonomy":"post_tag","embeddable":true,"href":"https:\/\/www.europesays.com\/fr\/wp-json\/wp\/v2\/tags?post=507029"}],"curies":[{"name":"wp","href":"https:\/\/api.w.org\/{rel}","templated":true}]}}