{"id":507035,"date":"2025-11-02T15:59:11","date_gmt":"2025-11-02T15:59:11","guid":{"rendered":"https:\/\/www.europesays.com\/fr\/507035\/"},"modified":"2025-11-02T15:59:11","modified_gmt":"2025-11-02T15:59:11","slug":"alexis-lebrun-sarrete-avant-la-finale","status":"publish","type":"post","link":"https:\/\/www.europesays.com\/fr\/507035\/","title":{"rendered":"Alexis Lebrun s\u2019arr\u00eate avant la finale"},"content":{"rendered":"<p>Le titre n\u2019est pas rest\u00e9 dans la famille Lebrun. Malgr\u00e9 le soutien du public de la Sud de France Arena, Alexis Lebrun n\u2019a pas r\u00e9ussi \u00e0 atteindre la finale du WTT Champions de Montpellier, sa ville natale, s\u2019inclinant nettement en demi-finale face au Su\u00e9dois Truls Moregard, dimanche 2\u00a0novembre 2025.\u00a0Ce dernier, 5e joueur mondial et vice-champion olympique l\u2019ann\u00e9e derni\u00e8re \u00e0 Paris, s\u2019est impos\u00e9 quatre sets \u00e0 un (12-10, 11-7, 13-15, 11-4, 11-5).<\/p>\n<p>Dans une ambiance bruyante mais qui s\u2019est progressivement \u00e9teinte au regard de la domination du Su\u00e9dois, l\u2019a\u00een\u00e9 des fr\u00e8res Lebrun a couru apr\u00e8s le score tout au long du match, malgr\u00e9 un beau sursaut dans la troisi\u00e8me manche. Vendredi, il avait pourtant r\u00e9ussi un superbe exploit pour battre le Japonais Tomokazu Harimoto, n\u00b0\u00a04 mondial, apr\u00e8s avoir \u00e9t\u00e9 men\u00e9 deux sets \u00e0 z\u00e9ro. \u00ab\u00a0\u00c7a avait bascul\u00e9 contre Harimoto, mais \u00e7a ne marche pas \u00e0 chaque fois\u00a0\u00bb, a-t-il souri dimanche, apr\u00e8s un match lors duquel la sup\u00e9riorit\u00e9 du Su\u00e9dois a \u00e9t\u00e9 manifeste d\u2019entr\u00e9e.<\/p>\n<p>\u00ab\u00a0C\u2019est dur de se sentir domin\u00e9 pendant cinq sets, c\u2019est long\u2026 J\u2019ai l\u2019impression qu\u2019il a \u00e9t\u00e9 bien meilleur que moi. Il est vraiment en confiance et il joue un tr\u00e8s bon ping. \u00c7a montre qu\u2019il y a encore du chemin sur les tout meilleurs, m\u00eame si je fais un super tournoi\u00a0\u00bb, a ensuite d\u00e9clar\u00e9 le Fran\u00e7ais.<\/p>\n<p>\u00ab\u00a0L\u2019impression d\u2019\u00eatre dans un combat de boxe o\u00f9 on prend beaucoup de coups\u00a0\u00bb<\/p>\n<p>Il a d\u2019ailleurs su se montrer opportuniste lors de la troisi\u00e8me manche, sauvant une balle de set (9-10) avant d\u2019inverser la tendance pour d\u00e9crocher le gain de cet acte (13-15) devant une foule d\u00e9cha\u00een\u00e9e. \u00ab\u00a0Dans le jeu, j\u2019ai \u00e9t\u00e9 domin\u00e9. Mais je sais que le ping peut se jouer sur deux points et qu\u2019on peut gratter un set qui fait tourner. C\u2019est pour \u00e7a que je ne l\u00e2che pas et que je me dis \u201c\u00a0pourquoi pas\u00a0?\u00a0\u201d \u00e0 2-1.\u00a0\u00bb<\/p>\n<p>Mais cela n\u2019a fait que piquer l\u2019orgueil du Su\u00e9dois, qui a ensuite acc\u00e9l\u00e9r\u00e9 pour empocher les deux derniers sets de mani\u00e8re exp\u00e9ditive. \u00ab\u00a0Il fait un quatri\u00e8me set de malade, et moi, je ne joue pas tr\u00e8s bien. C\u2019est mon petit regret. Mais sur la globalit\u00e9 du match, il est au-dessus. C\u2019est long, c\u2019est \u00e9prouvant. On a l\u2019impression d\u2019\u00eatre dans un combat de boxe o\u00f9 on prend beaucoup de coups sans en donner. Je suis un peu d\u00e9\u00e7u mais je sais que c\u2019est bien de faire une demi-finale. C\u2019est la premi\u00e8re fois depuis mon retour de blessure que je joue \u00e0 ce niveau.\u00a0\u00bb<\/p>\n<p>Sora Matsushima, adversaire de Truls Moregard en finale<\/p>\n<p>Alexis Lebrun n\u2019a donc pas r\u00e9ussi \u00e0 faire aussi bien que son jeune fr\u00e8re F\u00e9lix, qui s\u2019\u00e9tait impos\u00e9 l\u2019ann\u00e9e derni\u00e8re \u00e0 Montpellier pour ce qui reste la seule victoire fran\u00e7aise en WTT Champions, le deuxi\u00e8me niveau du circuit international. Cette ann\u00e9e, F\u00e9lix Lebrun a \u00e9t\u00e9 \u00e9limin\u00e9 d\u00e8s le deuxi\u00e8me tour par un autre Fran\u00e7ais, Simon Gauzy.<\/p>\n<p>\u00ab\u00a0Je savais que ce serait tr\u00e8s dur face \u00e0 Alexis, mais j\u2019ai profit\u00e9 du moment, a, de son c\u00f4t\u00e9, r\u00e9agi le Su\u00e9dois. Je sais que le public voulait une histoire diff\u00e9rente, mais je voulais gagner aujourd\u2019hui.\u00a0\u00bb En finale (ce dimanche \u00e0 17\u00a0h), Moregard affrontera le jeune Japonais Sora Matsushima, 15e joueur mondial, <a target=\"_self\" href=\"https:\/\/www.lanouvellerepublique.fr\/sports\/wtt-champions-de-montpellier-simon-gauzy-s-arrete-en-quart-a-montpellier-1762031447\" rel=\"noopener\">tombeur de Gauzy en quarts<\/a>.<\/p>\n","protected":false},"excerpt":{"rendered":"Le titre n\u2019est pas rest\u00e9 dans la famille Lebrun. Malgr\u00e9 le soutien du public de la Sud de&hellip;\n","protected":false},"author":2,"featured_media":507036,"comment_status":"","ping_status":"","sticky":false,"template":"","format":"standard","meta":{"footnotes":""},"categories":[9599],"tags":[1111,11,1777,674,1011,27,2208,12,2680,25,60,16149],"class_list":{"0":"post-507035","1":"post","2":"type-post","3":"status-publish","4":"format-standard","5":"has-post-thumbnail","7":"category-montpellier","8":"tag-actu","9":"tag-actualites","10":"tag-eu","11":"tag-europe","12":"tag-fr","13":"tag-france","14":"tag-montpellier","15":"tag-news","16":"tag-occitanie","17":"tag-republique-francaise","18":"tag-sports","19":"tag-tennis-de-table"},"share_on_mastodon":{"url":"https:\/\/pubeurope.com\/@fr\/115480937578883090","error":""},"_links":{"self":[{"href":"https:\/\/www.europesays.com\/fr\/wp-json\/wp\/v2\/posts\/507035","targetHints":{"allow":["GET"]}}],"collection":[{"href":"https:\/\/www.europesays.com\/fr\/wp-json\/wp\/v2\/posts"}],"about":[{"href":"https:\/\/www.europesays.com\/fr\/wp-json\/wp\/v2\/types\/post"}],"author":[{"embeddable":true,"href":"https:\/\/www.europesays.com\/fr\/wp-json\/wp\/v2\/users\/2"}],"replies":[{"embeddable":true,"href":"https:\/\/www.europesays.com\/fr\/wp-json\/wp\/v2\/comments?post=507035"}],"version-history":[{"count":0,"href":"https:\/\/www.europesays.com\/fr\/wp-json\/wp\/v2\/posts\/507035\/revisions"}],"wp:featuredmedia":[{"embeddable":true,"href":"https:\/\/www.europesays.com\/fr\/wp-json\/wp\/v2\/media\/507036"}],"wp:attachment":[{"href":"https:\/\/www.europesays.com\/fr\/wp-json\/wp\/v2\/media?parent=507035"}],"wp:term":[{"taxonomy":"category","embeddable":true,"href":"https:\/\/www.europesays.com\/fr\/wp-json\/wp\/v2\/categories?post=507035"},{"taxonomy":"post_tag","embeddable":true,"href":"https:\/\/www.europesays.com\/fr\/wp-json\/wp\/v2\/tags?post=507035"}],"curies":[{"name":"wp","href":"https:\/\/api.w.org\/{rel}","templated":true}]}}