{"id":507037,"date":"2025-11-02T16:00:12","date_gmt":"2025-11-02T16:00:12","guid":{"rendered":"https:\/\/www.europesays.com\/fr\/507037\/"},"modified":"2025-11-02T16:00:12","modified_gmt":"2025-11-02T16:00:12","slug":"incendie-de-la-mairie-explosion-flashs-ce-qui-a-fait-lactu-a-rouen-cette-semaine","status":"publish","type":"post","link":"https:\/\/www.europesays.com\/fr\/507037\/","title":{"rendered":"Incendie de la mairie, explosion, flashs&#8230; Ce qui a fait l&rsquo;actu \u00e0 Rouen cette semaine"},"content":{"rendered":"<p>            Par<br \/>\n        <strong><br \/>\n            <a href=\"https:\/\/actu.fr\/auteur\/julien-bouteiller\" title=\"Consulter tous les articles de Julien Bouteiller\" rel=\"nofollow noopener\" target=\"_blank\">Julien Bouteiller<\/a><br \/>\n        <\/strong><\/p>\n<p>        Publi\u00e9 le<\/p>\n<p>            2 nov. 2025 \u00e0 16h10        <\/p>\n<p>Un nouveau mois se termine, et il a \u00e9t\u00e9 riche en actualit\u00e9s. La preuve, avec cette derni\u00e8re semaine d\u2019octobre 2025. Et si vous n\u2019avez pas tout suivi, voici <strong>les infos \u00e0 retenir de ces derniers jours \u00e0 Rouen.<\/strong><\/p>\n<p>Les infos de la semaine \u00e0 Rouen<\/p>\n<p class=\"expresso-item wall-content\"><a title=\"Lire l&#039;article\" href=\"https:\/\/actu.fr\/normandie\/rouen_76540\/agressee-sexuellement-a-la-fac-une-etudiante-de-rouen-part-en-bataille-contre-l-universite_63375877.html\" rel=\"nofollow noopener\" target=\"_blank\"><strong>Agress\u00e9e sexuellement \u00e0 la fac, une \u00e9tudiante de Rouen part en bataille contre l\u2019Universit\u00e9<\/strong><\/a><br \/>Victime d\u2019une agression sexuelle en novembre 2024 sur le campus de la facult\u00e9 Pasteur \u00e0 Rouen, Laura souhaite passer ses examens \u00e0 distance. Ce que l\u2019Universit\u00e9 lui refuse.<\/p>\n<p class=\"expresso-item wall-content\"><a title=\"Lire l&#039;article\" href=\"https:\/\/actu.fr\/normandie\/grand-couronne_76319\/info-76actu-incendie-de-la-mairie-de-grand-couronne-la-bri-interpelle-quatre-personnes_63371177.html\" rel=\"nofollow noopener\" target=\"_blank\"><strong>INFO 76ACTU. Incendie de la mairie de Grand-Couronne : la BRI interpelle quatre personnes<\/strong><\/a><br \/>Mercredi 29 octobre 2025, dans la matin\u00e9e, quatre personnes ont \u00e9t\u00e9 interpell\u00e9es par la BRI \u00e0 Grand-Couronne, dans le cadre de l\u2019enqu\u00eate sur l\u2019incendie de la mairie de la commune.<\/p>\n<p class=\"expresso-item wall-content\"><a title=\"Lire l&#039;article\" href=\"https:\/\/actu.fr\/normandie\/rouen_76540\/ce-bureau-de-poste-de-rouen-attaque-avec-un-engin-de-chantier-vole-quelques-mois-apres-un-braquage_63361363.html\" rel=\"nofollow noopener\" target=\"_blank\"><strong>Ce bureau de poste de Rouen attaqu\u00e9 avec un engin de chantier vol\u00e9, quelques mois apr\u00e8s un braquage<\/strong><\/a><br \/>Un engin de chantier vol\u00e9 a fonc\u00e9 dans le bureau de Poste des Hauts de Rouen, dans la nuit du 28 octobre 2025. L\u2019\u00e9tablissement reste ferm\u00e9 jusqu\u2019\u00e0 nouvel ordre.<\/p>\n<p class=\"expresso-item wall-content\"><a title=\"Lire l&#039;article\" href=\"https:\/\/actu.fr\/normandie\/grand-couronne_76319\/c-etait-quoi-ces-etranges-flashs-lumineux-apercus-dans-le-ciel-pres-de-rouen_63367677.html\" rel=\"nofollow noopener\" target=\"_blank\"><strong>C\u2019\u00e9tait quoi ces \u00e9tranges flashs lumineux aper\u00e7us dans le ciel pr\u00e8s de Rouen\u00a0?<\/strong><\/a><br \/>De myst\u00e9rieux flashs lumineux ont \u00e9t\u00e9 aper\u00e7us la nuit dans le ciel dans le secteur de Grand-Couronne (Seine-Maritime), pr\u00e8s de Rouen. D\u2019o\u00f9 viennent-ils ?<\/p>\n<p class=\"expresso-item wall-content\"><a title=\"Lire l&#039;article\" href=\"https:\/\/actu.fr\/normandie\/rouen_76540\/la-serie-continue-une-nouvelle-explosion-a-fait-trembler-rouen-le-soir-d-halloween_63382090.html\" rel=\"nofollow noopener\" target=\"_blank\"><strong>La s\u00e9rie continue : une nouvelle explosion a fait trembler Rouen le soir d\u2019Halloween<\/strong><\/a><br \/>Un nouvel \u00e9pisode dans la s\u00e9rie de p\u00e9tards provoquant de forts bruits d\u2019explosion \u00e0 Rouen. Cette fois, c\u2019\u00e9tait dans le quartier rue Eau de Robec, dans la soir\u00e9e 31 octobre 2025.<\/p>\n<p>Bon \u00e0 savoir \u00e0 Rouen<\/p>\n<p class=\"expresso-item wall-content\"><a title=\"Lire l&#039;article\" href=\"https:\/\/actu.fr\/normandie\/rouen_76540\/apres-la-parfumerie-elle-ouvre-sa-patisserie-a-rouen-inspiree-par-son-ancien-metier_63341433.html\" rel=\"nofollow noopener\" target=\"_blank\"><strong>Apr\u00e8s la parfumerie, elle ouvre sa p\u00e2tisserie \u00e0 Rouen, inspir\u00e9e par son ancien m\u00e9tier<\/strong><\/a><br \/>Une nouvelle p\u00e2tisserie a ouvert ses portes rue \u00e0 l\u2019angle de la rue de la R\u00e9publique et de la rue Saint-Nicolas \u00e0 Rouen (Seine-Maritime) : Kubo.<\/p>\n<p class=\"expresso-item wall-content\"><a title=\"Lire l&#039;article\" href=\"https:\/\/actu.fr\/normandie\/rouen_76540\/a-rouen-la-premiere-salle-d-escalade-de-blocs-du-centre-ville-vient-d-ouvrir-on-vous-la-fait-decouvrir_63336505.html\" rel=\"nofollow noopener\" target=\"_blank\"><strong>\u00c0 Rouen, la premi\u00e8re salle d\u2019escalade de blocs du centre-ville vient d\u2019ouvrir : on vous la fait d\u00e9couvrir<\/strong><\/a><br \/>Une salle d\u2019escalade de blocs s\u2019est install\u00e9e fin septembre 2025 sur la rive droite de Rouen (Seine-Maritime), en plein c\u0153ur du quartier Pasteur. Pr\u00e9sentation.<\/p>\n<p class=\"expresso-item wall-content\"><a title=\"Lire l&#039;article\" href=\"https:\/\/actu.fr\/normandie\/maromme_76410\/pres-de-rouen-une-mini-ville-geante-pour-les-enfants-va-bientot-voir-le-jour_63325342.html\" rel=\"nofollow noopener\" target=\"_blank\"><strong>Pr\u00e8s de Rouen, une \u00ab mini-ville g\u00e9ante \u00bb pour les enfants va bient\u00f4t voir le jour<\/strong><\/a><br \/>Un parc \u00e0 th\u00e8mes XXL d\u00e9di\u00e9 au enfants ouvrira ses portes d\u00e9but 2026 \u00e0 deux pas de Rouen (Seine-Maritime). Qu\u2019est-ce que Palomano ? On vous explique.<\/p>\n<p class=\"expresso-item wall-content\"><a title=\"Lire l&#039;article\" href=\"https:\/\/actu.fr\/normandie\/rouen_76540\/on-sent-beaucoup-d-engouement-a-rouen-cette-mythique-boite-de-nuit-des-annees-90-va-renaitre_63361471.html\" rel=\"nofollow noopener\" target=\"_blank\"><strong>\u00ab On sent beaucoup d\u2019engouement \u00bb : \u00e0 Rouen, cette mythique bo\u00eete de nuit des ann\u00e9es 90 va rena\u00eetre<\/strong><\/a><br \/>La c\u00e9l\u00e8bre bo\u00eete de nuit du boulevard de l\u2019Yser, le Velvet, install\u00e9e entre les ann\u00e9es 90 et 2000, va rena\u00eetre \u00e0 Rouen. Les patrons du Bifr\u00f6st ont d\u00e9cid\u00e9 de changer de cap.<\/p>\n<p class=\"expresso-item wall-content\"><a title=\"Lire l&#039;article\" href=\"https:\/\/actu.fr\/normandie\/rouen_76540\/salons-gourmand-et-du-mariage-gagnez-vos-places-pour-ces-evenements-a-rouen_63364613.html\" rel=\"nofollow noopener\" target=\"_blank\"><strong>Salons gourmand et du mariage : gagnez vos places pour ces \u00e9v\u00e9nements \u00e0 Rouen !<\/strong><\/a><br \/>Du 7 au 9 novembre 2025, le Parc Expo de Rouen accueille le Salon gourmand et le Salon du mariage et de la f\u00eate. On vous fait gagner vos places.<\/p>\n<p>Suivez l\u2019actualit\u00e9 de Rouen <a href=\"https:\/\/www.whatsapp.com\/channel\/0029VaKfnf99hXF2ddApFB1D\" rel=\"nofollow noopener\" target=\"_blank\">sur notre cha\u00eene WhatsApp<\/a> et <a href=\"https:\/\/www.tiktok.com\/@76actu.fr?lang=fr\" rel=\"nofollow noopener\" target=\"_blank\">sur notre compte TikTok<\/a><\/p>\n<p class=\" wall-content\">Personnalisez votre actualit\u00e9 en ajoutant vos villes et m\u00e9dias en favori avec <a href=\"https:\/\/moncompte.actu.fr\" title=\"D\u00e9couvez Mon Actu\" rel=\"nofollow noopener\" data-trk=\"{&quot;cta&quot;:{&quot;action&quot;:&quot;https:\\\/\\\/moncompte.actu.fr&quot;,&quot;category&quot;:&quot;mon compte&quot;,&quot;from&quot;:&quot;article footer&quot;,&quot;name&quot;:&quot;Mon actu&quot;,&quot;type&quot;:&quot;cta&quot;}}\" target=\"_blank\">Mon Actu<\/a>.<\/p>\n<p>                    <script async src=\"\/\/www.tiktok.com\/embed.js\"><\/script><\/p>\n","protected":false},"excerpt":{"rendered":"Par Julien Bouteiller Publi\u00e9 le 2 nov. 2025 \u00e0 16h10 Un nouveau mois se termine, et il a&hellip;\n","protected":false},"author":2,"featured_media":507038,"comment_status":"","ping_status":"","sticky":false,"template":"","format":"standard","meta":{"footnotes":""},"categories":[9587],"tags":[1111,11,9086,1777,674,1011,27,1310,12,5161,25,9590,104],"class_list":{"0":"post-507037","1":"post","2":"type-post","3":"status-publish","4":"format-standard","5":"has-post-thumbnail","7":"category-rouen","8":"tag-actu","9":"tag-actualites","10":"tag-bon-plan-a-rouen","11":"tag-eu","12":"tag-europe","13":"tag-fr","14":"tag-france","15":"tag-incendie","16":"tag-news","17":"tag-normandie","18":"tag-republique-francaise","19":"tag-rouen","20":"tag-societe"},"share_on_mastodon":{"url":"https:\/\/pubeurope.com\/@fr\/115480941228928705","error":""},"_links":{"self":[{"href":"https:\/\/www.europesays.com\/fr\/wp-json\/wp\/v2\/posts\/507037","targetHints":{"allow":["GET"]}}],"collection":[{"href":"https:\/\/www.europesays.com\/fr\/wp-json\/wp\/v2\/posts"}],"about":[{"href":"https:\/\/www.europesays.com\/fr\/wp-json\/wp\/v2\/types\/post"}],"author":[{"embeddable":true,"href":"https:\/\/www.europesays.com\/fr\/wp-json\/wp\/v2\/users\/2"}],"replies":[{"embeddable":true,"href":"https:\/\/www.europesays.com\/fr\/wp-json\/wp\/v2\/comments?post=507037"}],"version-history":[{"count":0,"href":"https:\/\/www.europesays.com\/fr\/wp-json\/wp\/v2\/posts\/507037\/revisions"}],"wp:featuredmedia":[{"embeddable":true,"href":"https:\/\/www.europesays.com\/fr\/wp-json\/wp\/v2\/media\/507038"}],"wp:attachment":[{"href":"https:\/\/www.europesays.com\/fr\/wp-json\/wp\/v2\/media?parent=507037"}],"wp:term":[{"taxonomy":"category","embeddable":true,"href":"https:\/\/www.europesays.com\/fr\/wp-json\/wp\/v2\/categories?post=507037"},{"taxonomy":"post_tag","embeddable":true,"href":"https:\/\/www.europesays.com\/fr\/wp-json\/wp\/v2\/tags?post=507037"}],"curies":[{"name":"wp","href":"https:\/\/api.w.org\/{rel}","templated":true}]}}