{"id":50704,"date":"2025-04-25T02:49:09","date_gmt":"2025-04-25T02:49:09","guid":{"rendered":"https:\/\/www.europesays.com\/fr\/50704\/"},"modified":"2025-04-25T02:49:09","modified_gmt":"2025-04-25T02:49:09","slug":"un-mari-qui-rares-confidences-de-meghan-markle-sur-son-couple-avec-harry","status":"publish","type":"post","link":"https:\/\/www.europesays.com\/fr\/50704\/","title":{"rendered":"\u201cUn mari qui\u2026\u201d : rares confidences de Meghan Markle sur son couple avec Harry"},"content":{"rendered":"<p class=\"\" data-start=\"424\" data-end=\"1026\">\u00c0 quelques jours des<br \/>\nsix ans de son fils Archie, <a href=\"https:\/\/www.closermag.fr\/royautes\/meghan-markle-a-ses-cotes-harry-plus-invisible-que-jamais-et-cest-un-specialiste-qui-le-clam-3539557\" target=\"_blank\" rel=\"noopener\"><br \/>\nMeghan Markle<\/a> s\u2019est exprim\u00e9e sur son quotidien de maman lors du<br \/>\nTime100 Summit \u00e0 New York.<br \/>\nL\u2019ex-actrice, d\u00e9sormais tr\u00e8s engag\u00e9e dans ses projets<br \/>\nentrepreneuriaux, a confi\u00e9 jongler entre sa vie professionnelle et<br \/>\nsa vie de famille. Et elle l\u2019a fait avec un sourire lumineux.<br \/>\n\u201cCe que nous allons proposer<br \/>\nlors de notre prochain lancement est tout aussi important pour moi<br \/>\nque le fait <strong>qu\u2019Archie ait sa premi\u00e8re dent<br \/>\nd\u00e9finitive<\/strong> cette semaine. C\u2019est sur le point d\u2019arriver, je<br \/>\npourrais revenir juste \u00e0 temps pour \u00e7a !\u201d, a-t-elle lanc\u00e9,<br \/>\navec enthousiasme.<\/p>\n<p class=\"\" data-start=\"1028\" data-end=\"1371\">Le grand fr\u00e8re de<br \/>\n<a href=\"https:\/\/www.closermag.fr\/royautes\/archie-et-lilibet-bientot-en-angleterre-harry-pret-a-lacher-du-lest-a-une-seule-condition-3539045\" target=\"_blank\" rel=\"noopener\"><br \/>\nLilibet<\/a> grandit vite, et Meghan garde un \u0153il sur chaque \u00e9tape.<br \/>\nSon emploi du temps est serr\u00e9, mais elle tient \u00e0 <strong>ne rien<br \/>\nmanquer<\/strong>. Sa mani\u00e8re de partager ce petit moment anodin,<br \/>\nmais symbolique, a touch\u00e9 beaucoup de monde. Car derri\u00e8re le<br \/>\nstatut, la duchesse reste avant tout une maman attentive, attach\u00e9e<br \/>\n\u00e0 son cocon familial.<\/p>\n<p>Meghan Markle se confie comme<br \/>\nrarement sur son mari Harry<\/p>\n<p class=\"\" data-start=\"1419\" data-end=\"1925\">Dans le m\u00eame \u00e9lan,<br \/>\nMeghan a gliss\u00e9 une rare confidence sur son mari. \u201cAvoir <strong>un mari qui me soutient<br \/>\ntellement,<\/strong> et avoir des enfants en bonne sant\u00e9 qui sont si<br \/>\njoyeux, et dans la libert\u00e9 de leur vie et la s\u00e9curit\u00e9 de leur vie<br \/>\nque nous avons cr\u00e9\u00e9e pour eux&#8230; de toutes les choses qui sont<br \/>\narriv\u00e9es, je n\u2019aurais jamais imagin\u00e9 qu\u2019\u00e0 ce stade, je serais si<br \/>\nheureuse et si libre \u2013 et je le suis vraiment.\u201d Une<br \/>\nd\u00e9claration pleine de douceur, \u00e0 contre-courant des tensions qui<br \/>\nentourent r\u00e9guli\u00e8rement le couple.<\/p>\n<p class=\"\" data-start=\"1927\" data-end=\"2199\">Car malgr\u00e9 les<br \/>\npol\u00e9miques, les r\u00e9v\u00e9lations m\u00e9diatiques et les coups bas venus du<br \/>\npalais, Meghan semble aujourd\u2019hui en paix. Elle trace sa route, aux<br \/>\nc\u00f4t\u00e9s d\u2019un Harry discret mais toujours l\u00e0. Un bin\u00f4me uni, qui mise<br \/>\ntout sur la famille et leur nouvelle vie aux \u00c9tats-Unis.<\/p>\n<p>Archie et Louis : m\u00eame \u00e2ge, m\u00eame sourire \u00e9dent\u00e9<\/p>\n<p class=\"\" data-start=\"2259\" data-end=\"2608\">Autre clin d&rsquo;\u0153il<br \/>\nattendrissant : <a href=\"https:\/\/www.closermag.fr\/royautes\/meghan-markle-revelations-inedites-sur-son-fils-archie-et-les-points-importants-de-son-education-3539685\" target=\"_blank\" rel=\"noopener\"><br \/>\nArchie<\/a> n\u2019est pas le seul petit prince \u00e0 perdre ses dents de<br \/>\nlait. Le m\u00eame jour, la famille de <a href=\"https:\/\/www.closermag.fr\/royautes\/le-prince-louis-a-7-ans-ses-photos-les-plus-craquantes-avec-ses-frere-et-soeur-3537713\" target=\"_blank\" rel=\"noopener\"><br \/>\nKate et William<\/a> publiait une photo in\u00e9dite du prince Louis pour<br \/>\nses 7 ans. Sur le clich\u00e9, le petit dernier affiche un large<br \/>\nsourire\u2026 sans ses incisives ! Une co\u00efncidence rigolote qui<br \/>\nrapproche malgr\u00e9 tout <strong>les deux cousins.<\/strong><\/p>\n<p class=\"\" data-start=\"2610\" data-end=\"2902\">Mais les<br \/>\nretrouvailles entre Archie et Louis ne sont pas pour demain. Les<br \/>\ntensions entre les deux fr\u00e8res, Harry et William, restent vives. En<br \/>\nattendant, Meghan pr\u00e9f\u00e8re regarder devant elle. Entre business,<br \/>\nmaternit\u00e9 et vie de couple soud\u00e9e, la duchesse construit sa propre<br \/>\nversion du bonheur.<\/p>\n","protected":false},"excerpt":{"rendered":"\u00c0 quelques jours des six ans de son fils Archie, Meghan Markle s\u2019est exprim\u00e9e sur son quotidien de&hellip;\n","protected":false},"author":2,"featured_media":50705,"comment_status":"","ping_status":"","sticky":false,"template":"","format":"standard","meta":{"footnotes":""},"categories":[1359],"tags":[548,1193,58,59,1011,27,5171,908,973],"class_list":{"0":"post-50704","1":"post","2":"type-post","3":"status-publish","4":"format-standard","5":"has-post-thumbnail","7":"category-people","8":"tag-article-simple","9":"tag-couple","10":"tag-divertissement","11":"tag-entertainment","12":"tag-fr","13":"tag-france","14":"tag-harry-et-meghan","15":"tag-meghan-markle","16":"tag-people"},"share_on_mastodon":{"url":"https:\/\/pubeurope.com\/@fr\/114396329642937768","error":""},"_links":{"self":[{"href":"https:\/\/www.europesays.com\/fr\/wp-json\/wp\/v2\/posts\/50704","targetHints":{"allow":["GET"]}}],"collection":[{"href":"https:\/\/www.europesays.com\/fr\/wp-json\/wp\/v2\/posts"}],"about":[{"href":"https:\/\/www.europesays.com\/fr\/wp-json\/wp\/v2\/types\/post"}],"author":[{"embeddable":true,"href":"https:\/\/www.europesays.com\/fr\/wp-json\/wp\/v2\/users\/2"}],"replies":[{"embeddable":true,"href":"https:\/\/www.europesays.com\/fr\/wp-json\/wp\/v2\/comments?post=50704"}],"version-history":[{"count":0,"href":"https:\/\/www.europesays.com\/fr\/wp-json\/wp\/v2\/posts\/50704\/revisions"}],"wp:featuredmedia":[{"embeddable":true,"href":"https:\/\/www.europesays.com\/fr\/wp-json\/wp\/v2\/media\/50705"}],"wp:attachment":[{"href":"https:\/\/www.europesays.com\/fr\/wp-json\/wp\/v2\/media?parent=50704"}],"wp:term":[{"taxonomy":"category","embeddable":true,"href":"https:\/\/www.europesays.com\/fr\/wp-json\/wp\/v2\/categories?post=50704"},{"taxonomy":"post_tag","embeddable":true,"href":"https:\/\/www.europesays.com\/fr\/wp-json\/wp\/v2\/tags?post=50704"}],"curies":[{"name":"wp","href":"https:\/\/api.w.org\/{rel}","templated":true}]}}