{"id":507051,"date":"2025-11-02T16:16:32","date_gmt":"2025-11-02T16:16:32","guid":{"rendered":"https:\/\/www.europesays.com\/fr\/507051\/"},"modified":"2025-11-02T16:16:32","modified_gmt":"2025-11-02T16:16:32","slug":"suivez-le-match-du-fc-metz-a-nantes-avec-nous","status":"publish","type":"post","link":"https:\/\/www.europesays.com\/fr\/507051\/","title":{"rendered":"suivez le match du FC Metz \u00e0 Nantes avec nous"},"content":{"rendered":"<p>&#13;<br \/>\n                                                    En direct&#13;<br \/>\n                        &#13;\n                                            <\/p>\n<p>Quatre jours apr\u00e8s son premier succ\u00e8s de la saison en Ligue 1, le FC Metz se d\u00e9place \u00e0 La Beaujoire avec la possibilit\u00e9 de quitter la derni\u00e8re place du classement en cas de victoire.<\/p>\n<p>&#13;<br \/>\n              Angelo Salemi &#8211; &#13;<br \/>\n        &#13;<br \/>\n          Aujourd&rsquo;hui \u00e0 16:15&#13;<br \/>\n    &#13;<br \/>\n                  | mis \u00e0 jour aujourd&rsquo;hui \u00e0 17:13&#13;<br \/>\n              &#8211; Temps de lecture : &#13;<br \/>\n  &#13;\n<\/p>\n<p>                        &#13;<br \/>\n    &#13;<br \/>\n    &#13;<br \/>\n    <a href=\"https:\/\/cdn-s-www.republicain-lorrain.fr\/images\/E8383B58-C5E6-45E7-BD73-F2FC90FA1337\/NW_raw\/title-1762093448.jpg\" title=\"\" class=\"chocolat-image GA-tracking\" data-ga_type=\"click\" data-ga_category=\"D\u00e9tail\" data-ga_action=\"zoomer\" data-ga_label=\"aggrandir image\" target=\"_blank\" rel=\"noopener\">&#13;<br \/>\n        <img src=\"https:\/\/www.europesays.com\/fr\/wp-content\/uploads\/2025\/11\/title-1762093448.jpg\"   alt=\"\" fetchpriority=\"high\" decoding=\"async\" data-mobile=\"NW_detail_M|1762093448\" data-base=\"NW_detail|1762093448\"\/>&#13;<br \/>\n    <\/a>&#13;<\/p>\n","protected":false},"excerpt":{"rendered":"&#13; En direct&#13; &#13; Quatre jours apr\u00e8s son premier succ\u00e8s de la saison en Ligue 1, le FC&hellip;\n","protected":false},"author":2,"featured_media":507052,"comment_status":"","ping_status":"","sticky":false,"template":"","format":"standard","meta":{"footnotes":""},"categories":[2818],"tags":[1111,11,3545,5598,1777,674,8113,107,63,1011,27,6212,766,12,2636,25,517,1700],"class_list":{"0":"post-507051","1":"post","2":"type-post","3":"status-publish","4":"format-standard","5":"has-post-thumbnail","7":"category-nantes","8":"tag-actu","9":"tag-actualites","10":"tag-direct-sport","11":"tag-edition-metz-et-agglomeration","12":"tag-eu","13":"tag-europe","14":"tag-fc-metz","15":"tag-fil-info","16":"tag-football","17":"tag-fr","18":"tag-france","19":"tag-metz","20":"tag-nantes","21":"tag-news","22":"tag-pays-de-la-loire","23":"tag-republique-francaise","24":"tag-sport","25":"tag-sport-lorrain"},"share_on_mastodon":{"url":"https:\/\/pubeurope.com\/@fr\/115481004891265857","error":""},"_links":{"self":[{"href":"https:\/\/www.europesays.com\/fr\/wp-json\/wp\/v2\/posts\/507051","targetHints":{"allow":["GET"]}}],"collection":[{"href":"https:\/\/www.europesays.com\/fr\/wp-json\/wp\/v2\/posts"}],"about":[{"href":"https:\/\/www.europesays.com\/fr\/wp-json\/wp\/v2\/types\/post"}],"author":[{"embeddable":true,"href":"https:\/\/www.europesays.com\/fr\/wp-json\/wp\/v2\/users\/2"}],"replies":[{"embeddable":true,"href":"https:\/\/www.europesays.com\/fr\/wp-json\/wp\/v2\/comments?post=507051"}],"version-history":[{"count":0,"href":"https:\/\/www.europesays.com\/fr\/wp-json\/wp\/v2\/posts\/507051\/revisions"}],"wp:featuredmedia":[{"embeddable":true,"href":"https:\/\/www.europesays.com\/fr\/wp-json\/wp\/v2\/media\/507052"}],"wp:attachment":[{"href":"https:\/\/www.europesays.com\/fr\/wp-json\/wp\/v2\/media?parent=507051"}],"wp:term":[{"taxonomy":"category","embeddable":true,"href":"https:\/\/www.europesays.com\/fr\/wp-json\/wp\/v2\/categories?post=507051"},{"taxonomy":"post_tag","embeddable":true,"href":"https:\/\/www.europesays.com\/fr\/wp-json\/wp\/v2\/tags?post=507051"}],"curies":[{"name":"wp","href":"https:\/\/api.w.org\/{rel}","templated":true}]}}