{"id":507057,"date":"2025-11-02T16:19:10","date_gmt":"2025-11-02T16:19:10","guid":{"rendered":"https:\/\/www.europesays.com\/fr\/507057\/"},"modified":"2025-11-02T16:19:10","modified_gmt":"2025-11-02T16:19:10","slug":"histoire-de-toulouse-jacques-cujas-le-grand-juriste-de-la-renaissance","status":"publish","type":"post","link":"https:\/\/www.europesays.com\/fr\/507057\/","title":{"rendered":"Histoire de Toulouse. Jacques Cujas, le grand juriste de la Renaissance"},"content":{"rendered":"<p>            Par<br \/>\n        <strong><br \/>\n            <a href=\"https:\/\/actu.fr\/auteur\/redaction-toulouse\" title=\"Consulter tous les articles de R\u00e9daction de Toulouse\" rel=\"nofollow noopener\" target=\"_blank\">R\u00e9daction de Toulouse<\/a><br \/>\n        <\/strong><\/p>\n<p>        Publi\u00e9 le<\/p>\n<p>            2 nov. 2025 \u00e0 16h52        <\/p>\n<p>Toulouse, le 12 avril 2019. Jean-Luc Moudenc, le maire de <a href=\"https:\/\/actu.fr\/toulouse\/\" rel=\"nofollow noopener\" target=\"_blank\">Toulouse<\/a>, accompagn\u00e9 de Jacques Boulard, premier pr\u00e9sident de la cour d\u2019appel et de Monique Ollivier, procureure g\u00e9n\u00e9ral, inaugure, apr\u00e8s plusieurs mois de travaux, la \u00a0\u00bb nouvelle \u00a0\u00bb place du Salin. L\u2019iconique statue de<strong> Jacques Cujas<\/strong>, toilett\u00e9e, retrouve sa position originelle face au palais de justice. On y admire le <strong>grand intellectuel humaniste<\/strong> (1522-1590) en majest\u00e9, v\u00eatu d\u2019une robe de juriste, d\u2019un lourd manteau et coiff\u00e9 d\u2019un chapeau, tenant dans sa main droite un livre ouvert et pointant son index gauche devant lui.<\/p>\n<p>L\u2019un des plus grands juristes de l\u2019histoire<\/p>\n<p class=\" wall-content\">L\u2019homme, consid\u00e9r\u00e9 parmi les plus grands juristes de l\u2019histoire, est issu d\u2019une famille plut\u00f4t ais\u00e9e du capitoulat (\u00e9quivalent de quartier) de la <strong>Daurade<\/strong>.<\/p>\n<p class=\" wall-content\">Form\u00e9 par les plus \u00e9minents professeurs, dont le jurisconsulte et diplomate Arnaud du Ferrier, il enseigne d\u00e8s 1547 \u00e0 la facult\u00e9 de droit comme hallebardier (\u00e9tudiant licenci\u00e9 mais pas encore docteur) un cours introductif sur l\u2019apprentissage du droit romain avec les Institutes de Justinien. Appuy\u00e9 par les <strong>grandes familles toulousaines<\/strong>, il accepte d\u2019assurer le pr\u00e9ceptorat des deux fils a\u00een\u00e9s du juge-mage et futur pr\u00e9sident au parlement Michel Du Faur.<\/p>\n<p>Un enseignant itin\u00e9rant<\/p>\n<p class=\" wall-content\">Ne pouvant acc\u00e9der \u00e0 la chaire de droit romain de Toulouse, Cujas accepte l\u2019offre de l\u2019universit\u00e9 de Cahors puis celle plus prestigieuse de Bourges, centre de l\u2019humanisme juridique du royaume. Malgr\u00e9 le soutien de <strong>Marguerite de Valois<\/strong> (future reine de Navarre puis de France) et de son chancelier Michel de L\u2019Hospital, il se heurte \u00e0 la jalousie de ses coll\u00e8gues dont le doyen Fran\u00e7ois Le Douaren qui le force \u00e0 partir.<\/p>\n<p class=\" wall-content\">Apr\u00e8s un crochet par Turin puis Paris, et en d\u00e9pit des troubles engendr\u00e9s par les guerres de Religion, Cujas acquit une renomm\u00e9e certaine \u00e0 Valence o\u00f9 il professe entre 1567 et 1575. R\u00e9guli\u00e8rement sollicit\u00e9 par les autorit\u00e9s judiciaires, il devient m\u00eame <strong>conseiller honoraire au parlement de Grenoble.<\/strong> Il quitte le Dauphin\u00e9 pour s\u2019\u00e9tablir de nouveau dans la capitale du Berry o\u00f9 il ach\u00e8ve sa carri\u00e8re.<\/p>\n<p>L\u2019\u00e9tude pluridisciplinaire des textes<\/p>\n<p class=\" wall-content\">Sa m\u00e9thode repose sur une approche v\u00e9ritablement pluridisciplinaire. Il confronte les versions, en se fondant sur des sources aussi bien latines que grecques, mais aussi juridiques et litt\u00e9raires. Il op\u00e8re, dans le m\u00eame temps, une analyse philologique, ce qui lui permet de r\u00e9tablir la langue et la grammaire latine.<\/p>\n<p>Votre r\u00e9gion, votre actu !<\/p>\n<p>Recevez chaque jour les infos qui comptent pour vous.<\/p>\n<p>\t<a href=\"https:\/\/actu.fr\/newsletter\" class=\"ac-btn ac-btn--corner ac-btn--medium ac-btn--blue800\" rel=\"nofollow noopener\" target=\"_blank\">S&rsquo;incrire<\/a><\/p>\n<p class=\" wall-content\">Par ce raisonnement et les commentaires des compilations justiniennes, il renouvelle grandement la compr\u00e9hension du droit romain. Son \u0153uvre,<strong> assez colossale<\/strong>, est constitu\u00e9e au final d<strong>\u2018une trentaine d\u2019ouvrages<\/strong> \u2013 dont une dizaine publi\u00e9e \u00e0 titre posthume \u2013 ce qui \u00e9quivaut \u00e0 dix volumes in-folio, soit plus de 13 000 colonnes en latin.<\/p>\n<p class=\" wall-content\"><b>Mathieu ARNAL<\/b><\/p>\n<p class=\" wall-content\">Personnalisez votre actualit\u00e9 en ajoutant vos villes et m\u00e9dias en favori avec <a href=\"https:\/\/moncompte.actu.fr\" title=\"D\u00e9couvez Mon Actu\" rel=\"nofollow noopener\" data-trk=\"{&quot;cta&quot;:{&quot;action&quot;:&quot;https:\\\/\\\/moncompte.actu.fr&quot;,&quot;category&quot;:&quot;mon compte&quot;,&quot;from&quot;:&quot;article footer&quot;,&quot;name&quot;:&quot;Mon actu&quot;,&quot;type&quot;:&quot;cta&quot;}}\" target=\"_blank\">Mon Actu<\/a>.<\/p>\n","protected":false},"excerpt":{"rendered":"Par R\u00e9daction de Toulouse Publi\u00e9 le 2 nov. 2025 \u00e0 16h52 Toulouse, le 12 avril 2019. Jean-Luc Moudenc,&hellip;\n","protected":false},"author":2,"featured_media":507058,"comment_status":"","ping_status":"","sticky":false,"template":"","format":"standard","meta":{"footnotes":""},"categories":[2816],"tags":[1111,11,1777,674,1011,27,937,12,2680,2551,25,104,2312],"class_list":{"0":"post-507057","1":"post","2":"type-post","3":"status-publish","4":"format-standard","5":"has-post-thumbnail","7":"category-toulouse","8":"tag-actu","9":"tag-actualites","10":"tag-eu","11":"tag-europe","12":"tag-fr","13":"tag-france","14":"tag-histoire","15":"tag-news","16":"tag-occitanie","17":"tag-patrimoine","18":"tag-republique-francaise","19":"tag-societe","20":"tag-toulouse"},"share_on_mastodon":{"url":"https:\/\/pubeurope.com\/@fr\/115481016228622580","error":""},"_links":{"self":[{"href":"https:\/\/www.europesays.com\/fr\/wp-json\/wp\/v2\/posts\/507057","targetHints":{"allow":["GET"]}}],"collection":[{"href":"https:\/\/www.europesays.com\/fr\/wp-json\/wp\/v2\/posts"}],"about":[{"href":"https:\/\/www.europesays.com\/fr\/wp-json\/wp\/v2\/types\/post"}],"author":[{"embeddable":true,"href":"https:\/\/www.europesays.com\/fr\/wp-json\/wp\/v2\/users\/2"}],"replies":[{"embeddable":true,"href":"https:\/\/www.europesays.com\/fr\/wp-json\/wp\/v2\/comments?post=507057"}],"version-history":[{"count":0,"href":"https:\/\/www.europesays.com\/fr\/wp-json\/wp\/v2\/posts\/507057\/revisions"}],"wp:featuredmedia":[{"embeddable":true,"href":"https:\/\/www.europesays.com\/fr\/wp-json\/wp\/v2\/media\/507058"}],"wp:attachment":[{"href":"https:\/\/www.europesays.com\/fr\/wp-json\/wp\/v2\/media?parent=507057"}],"wp:term":[{"taxonomy":"category","embeddable":true,"href":"https:\/\/www.europesays.com\/fr\/wp-json\/wp\/v2\/categories?post=507057"},{"taxonomy":"post_tag","embeddable":true,"href":"https:\/\/www.europesays.com\/fr\/wp-json\/wp\/v2\/tags?post=507057"}],"curies":[{"name":"wp","href":"https:\/\/api.w.org\/{rel}","templated":true}]}}