{"id":507064,"date":"2025-11-02T16:24:17","date_gmt":"2025-11-02T16:24:17","guid":{"rendered":"https:\/\/www.europesays.com\/fr\/507064\/"},"modified":"2025-11-02T16:24:17","modified_gmt":"2025-11-02T16:24:17","slug":"sur-le-vieux-port-de-marseille-le-ras-le-bol-des-pecheurs","status":"publish","type":"post","link":"https:\/\/www.europesays.com\/fr\/507064\/","title":{"rendered":"sur le Vieux-Port de Marseille, le ras-le-bol des p\u00eacheurs"},"content":{"rendered":"<p>Daurade, loup, limon, chapon, poulpe. Sur le <a href=\"https:\/\/www.laprovence.com\/article\/societe\/2084485230877415\/video-les-visages-de-marseille-sur-le-vieux-port-nana-vend-poissons-et-bonne-humeur-depuis-84-ans\" target=\"_blank\" rel=\"noopener\">march\u00e9 aux poissons du Vieux-Port<\/a>, sous des tonnelles aux couleurs de <a href=\"https:\/\/www.laprovence.com\/article\/culture-loisirs\/4723503387437\/marseille-vue-par-les-detaille-lexpo-photo-des-164-ans-dhistoire-de-la-ville-a-decouvrir-des-ce-vendredi\" target=\"_blank\" rel=\"noopener\">Marseille<\/a>, les transactions s&rsquo;encha\u00eenent, cettee matin\u00e9e du samedi 1er novembre. Les effluves de p\u00eache se m\u00ealent \u00e0 l&rsquo;odeur de la pluie qui s&rsquo;appr\u00eate \u00e0 tomber. \u00ab\u00a0Allez, vous me faites le kilo \u00e0 25 euros\u00a0\u00bb, n\u00e9gocie une cliente avant qu&rsquo;une vendeuse lui tende un sac plastique, le sourire aux l\u00e8vres.<\/p>\n<p>Le <a href=\"https:\/\/www.laprovence.com\/article\/region\/23934618998909\/montrer-notre-presence-en-mer-a-bord-avec-les-douaniers-qui-traquent-les-contrevenants-en-mediterranee\" target=\"_blank\" rel=\"noopener\">quotidien donne plut\u00f4t envie de faire la grimace.<\/a> Quotas, d\u00e9clarations, GPS \u00e0 plusieurs milliers d&rsquo;euros, \u00ab\u00a0flicage\u00a0\u00bb : certains p\u00eacheurs d\u00e9noncent des lourdeurs administratives, d\u00e9coulant notamment de l&rsquo;Union europ\u00e9enne, qui rendent leur travail plus difficile qu&rsquo;il ne l&rsquo;est d\u00e9j\u00e0.<\/p>\n<p>\u00ab\u00a0Moi, j&rsquo;\u00e9coute pas la r\u00e8glementation\u00a0\u00bb<\/p>\n<p>Pas facile d&rsquo;en parler. \u00ab\u00a0Nous, les petits bateaux, on n&rsquo;est pas trop emb\u00eat\u00e9s\u00a0\u00bb, souffle un vendeur affair\u00e9 \u00e0 d\u00e9couper un poisson. \u00ab\u00a0Moi, j&rsquo;\u00e9coute pas la r\u00e9glementation, tonne un ancien. Va l\u00e0-bas voir les jeunes.\u00a0\u00bb L&rsquo;Europe, \u00ab\u00a0ils cassent les couilles (sic)\u00a0\u00bb, s&#8217;emporte un autre. \u00ab\u00a0Les r\u00e8gles, je pr\u00e9f\u00e8re pas en parler\u00a0\u00bb, se ferme une vendeuse.<\/p>\n<p>Il y a bien H\u00e9l\u00e8ne, 57 ans, qui accepte d&rsquo;aborder le sujet, pr\u00e8s des caisses color\u00e9es qui se vident au fil de la matin\u00e9e, \u00e0 c\u00f4t\u00e9 d&#8230;<\/p>\n","protected":false},"excerpt":{"rendered":"Daurade, loup, limon, chapon, poulpe. Sur le march\u00e9 aux poissons du Vieux-Port, sous des tonnelles aux couleurs de&hellip;\n","protected":false},"author":2,"featured_media":507065,"comment_status":"","ping_status":"","sticky":false,"template":"","format":"standard","meta":{"footnotes":""},"categories":[2814],"tags":[17,1111,11,33,1777,674,62887,1011,27,884,12,1113,20993,882,3669,25,3356,1179],"class_list":{"0":"post-507064","1":"post","2":"type-post","3":"status-publish","4":"format-standard","5":"has-post-thumbnail","7":"category-marseille","8":"tag-17","9":"tag-actu","10":"tag-actualites","11":"tag-economie","12":"tag-eu","13":"tag-europe","14":"tag-flicage","15":"tag-fr","16":"tag-france","17":"tag-marseille","18":"tag-news","19":"tag-nouvelles","20":"tag-permanence","21":"tag-provence-alpes-cote-dazur","22":"tag-regles","23":"tag-republique-francaise","24":"tag-sur","25":"tag-vieux-port"},"share_on_mastodon":{"url":"https:\/\/pubeurope.com\/@fr\/115481035837786344","error":""},"_links":{"self":[{"href":"https:\/\/www.europesays.com\/fr\/wp-json\/wp\/v2\/posts\/507064","targetHints":{"allow":["GET"]}}],"collection":[{"href":"https:\/\/www.europesays.com\/fr\/wp-json\/wp\/v2\/posts"}],"about":[{"href":"https:\/\/www.europesays.com\/fr\/wp-json\/wp\/v2\/types\/post"}],"author":[{"embeddable":true,"href":"https:\/\/www.europesays.com\/fr\/wp-json\/wp\/v2\/users\/2"}],"replies":[{"embeddable":true,"href":"https:\/\/www.europesays.com\/fr\/wp-json\/wp\/v2\/comments?post=507064"}],"version-history":[{"count":0,"href":"https:\/\/www.europesays.com\/fr\/wp-json\/wp\/v2\/posts\/507064\/revisions"}],"wp:featuredmedia":[{"embeddable":true,"href":"https:\/\/www.europesays.com\/fr\/wp-json\/wp\/v2\/media\/507065"}],"wp:attachment":[{"href":"https:\/\/www.europesays.com\/fr\/wp-json\/wp\/v2\/media?parent=507064"}],"wp:term":[{"taxonomy":"category","embeddable":true,"href":"https:\/\/www.europesays.com\/fr\/wp-json\/wp\/v2\/categories?post=507064"},{"taxonomy":"post_tag","embeddable":true,"href":"https:\/\/www.europesays.com\/fr\/wp-json\/wp\/v2\/tags?post=507064"}],"curies":[{"name":"wp","href":"https:\/\/api.w.org\/{rel}","templated":true}]}}