{"id":507068,"date":"2025-11-02T16:26:13","date_gmt":"2025-11-02T16:26:13","guid":{"rendered":"https:\/\/www.europesays.com\/fr\/507068\/"},"modified":"2025-11-02T16:26:13","modified_gmt":"2025-11-02T16:26:13","slug":"lyon-un-cygne-provoque-des-bouchons-sur-la-m7-en-direction-de-paris","status":"publish","type":"post","link":"https:\/\/www.europesays.com\/fr\/507068\/","title":{"rendered":"Lyon : un cygne provoque des bouchons sur la M7 en direction de Paris\u00a0"},"content":{"rendered":"<p>Ce dimanche 2 novembre, un cygne s&rsquo;est aventur\u00e9 sur les voies de la M7 \u00e0 La Mulati\u00e8re, provoquant un ralentissement en direction de Paris.<\/p>\n<p>Une sc\u00e8ne insolite s&rsquo;est produite <b>ce dimanche 2 novembre<\/b> sur la <b>M7<\/b>, au niveau de <b>La Mulati\u00e8re<\/b>, pr\u00e8s de Lyon.\u00a0<\/p>\n<p>Un <b>cygne<\/b> a \u00e9t\u00e9 aper\u00e7u en train de se balader sur les voies de circulation, obligeant les automobilistes \u00e0 ralentir fortement pour \u00e9viter tout accident. L&rsquo;incident s&rsquo;est produit en direction de <b>Paris<\/b>, provoquant un embouteillage.\u00a0<\/p>\n<p>Ce n&rsquo;est pas la premi\u00e8re fois qu&rsquo;un tel \u00e9v\u00e9nement se produit \u00e0 cet endroit : en 2018, <a class=\"url\" href=\"https:\/\/radioscoop.com\/infos\/lyon-un-cygne-perturbe-la-circulation-sur-l-autoroute_156466\" target=\"_blank\" rel=\"nofollow noopener\">un autre cygne<\/a> avait d\u00e9j\u00e0 perturb\u00e9 le trafic sur ce m\u00eame tron\u00e7on.<\/p>\n<p><img loading=\"lazy\" decoding=\"async\" src=\"https:\/\/www.europesays.com\/fr\/wp-content\/uploads\/2025\/11\/1762100773_255_img\" width=\"350\" height=\"200\" border=\"0\" title=\"Les bretelles d'acc\u00c3\u00a8s de l'A46 et de l'A47 vers l'A7 seront ferm\u00c3\u00a9es du lundi 3 au jeudi 6 novembre, entre 21h et 5h\"\/><\/p>\n<p>\u25baTransport<\/p>\n<p style=\"font-size: 22px;\"><b>Travaux nocturnes sur l\u2019A7, l\u2019A47 et l\u2019A46 : perturbations \u00e0 pr\u00e9voir cette semaine<\/b><\/p>\n<p>Du lundi 3 au jeudi 6 novembre, des travaux de r\u00e9paration&#8230;<\/p>\n<p><\/p>\n","protected":false},"excerpt":{"rendered":"Ce dimanche 2 novembre, un cygne s&rsquo;est aventur\u00e9 sur les voies de la M7 \u00e0 La Mulati\u00e8re, provoquant&hellip;\n","protected":false},"author":2,"featured_media":507069,"comment_status":"","ping_status":"","sticky":false,"template":"","format":"standard","meta":{"footnotes":""},"categories":[1889],"tags":[1111,11,2430,7050,62888,1777,674,1011,27,9072,2428,27473,12,25],"class_list":{"0":"post-507068","1":"post","2":"type-post","3":"status-publish","4":"format-standard","5":"has-post-thumbnail","7":"category-lyon","8":"tag-actu","9":"tag-actualites","10":"tag-auvergne-rhone-alpes","11":"tag-bouchons","12":"tag-cygne","13":"tag-eu","14":"tag-europe","15":"tag-fr","16":"tag-france","17":"tag-la-mulatire","18":"tag-lyon","19":"tag-m7","20":"tag-news","21":"tag-republique-francaise"},"share_on_mastodon":{"url":"https:\/\/pubeurope.com\/@fr\/115481044351906916","error":""},"_links":{"self":[{"href":"https:\/\/www.europesays.com\/fr\/wp-json\/wp\/v2\/posts\/507068","targetHints":{"allow":["GET"]}}],"collection":[{"href":"https:\/\/www.europesays.com\/fr\/wp-json\/wp\/v2\/posts"}],"about":[{"href":"https:\/\/www.europesays.com\/fr\/wp-json\/wp\/v2\/types\/post"}],"author":[{"embeddable":true,"href":"https:\/\/www.europesays.com\/fr\/wp-json\/wp\/v2\/users\/2"}],"replies":[{"embeddable":true,"href":"https:\/\/www.europesays.com\/fr\/wp-json\/wp\/v2\/comments?post=507068"}],"version-history":[{"count":0,"href":"https:\/\/www.europesays.com\/fr\/wp-json\/wp\/v2\/posts\/507068\/revisions"}],"wp:featuredmedia":[{"embeddable":true,"href":"https:\/\/www.europesays.com\/fr\/wp-json\/wp\/v2\/media\/507069"}],"wp:attachment":[{"href":"https:\/\/www.europesays.com\/fr\/wp-json\/wp\/v2\/media?parent=507068"}],"wp:term":[{"taxonomy":"category","embeddable":true,"href":"https:\/\/www.europesays.com\/fr\/wp-json\/wp\/v2\/categories?post=507068"},{"taxonomy":"post_tag","embeddable":true,"href":"https:\/\/www.europesays.com\/fr\/wp-json\/wp\/v2\/tags?post=507068"}],"curies":[{"name":"wp","href":"https:\/\/api.w.org\/{rel}","templated":true}]}}