{"id":507078,"date":"2025-11-02T16:32:13","date_gmt":"2025-11-02T16:32:13","guid":{"rendered":"https:\/\/www.europesays.com\/fr\/507078\/"},"modified":"2025-11-02T16:32:13","modified_gmt":"2025-11-02T16:32:13","slug":"colombes-sur-fond-de-precampagne-municipale-tendue-ladjoint-ps-porte-plainte-pour-harcelement","status":"publish","type":"post","link":"https:\/\/www.europesays.com\/fr\/507078\/","title":{"rendered":"Colombes\u00a0: sur fond de pr\u00e9campagne municipale tendue, l\u2019adjoint PS porte plainte pour harc\u00e8lement"},"content":{"rendered":"<p class=\"paragraph text_align_left lp-f-body-02\">Les proc\u00e9dures d\u2019\u00e9lus pour menaces et harc\u00e8lement se multiplient \u00e0 quelques mois des \u00e9lections municipales. \u00c0 Colombes, c\u2019est Valentin Narbonnais qui a d\u00e9pos\u00e9 plainte contre x, \u00ab avec constitution de partie civile \u00bb pr\u00e9cise-t-il, pour cyberharc\u00e8lement et menaces t\u00e9l\u00e9phoniques.<\/p>\n<p class=\"paragraph text_align_left lp-f-body-02\">Si le ou les auteurs des menaces sont encore inconnus, le lien avec l\u2019activit\u00e9 politique de l\u2019int\u00e9ress\u00e9 ne fait \u00e0 ses yeux aucun doute. Valentin Narbonnais est maire adjoint PS charg\u00e9 de la jeunesse. Son groupe de cinq \u00e9lus est entr\u00e9 en dissidence et les vell\u00e9it\u00e9s d\u2019\u00e9mancipation se font de plus en plus pressantes.<\/p>\n<p class=\"paragraph text_align_left lp-f-body-02\">\u00ab Depuis des mois, quatre membres de notre groupe de cinq \u00e9lus et \u00e9lues sont la cible de cyberharc\u00e8lement. Ce n\u2019\u00e9tait pas encore mon cas. Au final, notre groupe a d\u00e9pos\u00e9 une dizaine de plaintes \u00bb, r\u00e9sume-t-il. Ces quatre \u00e9lus ont alors b\u00e9n\u00e9fici\u00e9 de la protection fonctionnelle accord\u00e9e par la ville.<\/p>\n<p>\u00ab Ces d\u00e9rives sont indignes \u00bb<\/p>\n<p class=\"paragraph text_align_left lp-f-body-02\">En septembre, la pression serait mont\u00e9e d\u2019un cran. \u00ab On a commenc\u00e9 \u00e0 recevoir des appels ou des messages t\u00e9l\u00e9phoniques masqu\u00e9s avec une voix brouill\u00e9e. Les messages \u00e9taient du style stoppez votre campagne ou vous finirez entre quatre planches. \u00c0 titre personnel, j\u2019avoue avoir pris la chose \u00e0 la l\u00e9g\u00e8re et donn\u00e9 peu de cr\u00e9dit \u00e0 tout cela, jusqu\u2019au moment o\u00f9 les menaces ont commenc\u00e9 \u00e0 concerner mes proches \u00bb, ajoute Valentin Narbonnais. Il rassemble alors captures d\u2019\u00e9crans et autres publications sur les r\u00e9seaux et d\u00e9pose plainte en bonne et due forme.<\/p>\n<p class=\"paragraph text_align_left lp-f-body-02\">S\u2019il n\u2019accuse personne nomm\u00e9ment faute de preuves, l\u2019\u00e9lu met en cause le climat local pr\u00e9\u00e9lectoral. Vendredi, il s\u2019est fendu d\u2019un tr\u00e8s long message sur X. \u00ab Je tiens \u00e0 pr\u00e9ciser que ce harc\u00e8lement ne vient pas seulement de l\u2019ext\u00e9rieur. Au sein m\u00eame de la gouvernance politique locale, un climat d\u00e9l\u00e9t\u00e8re s\u2019installe. Ces d\u00e9rives sont indignes du d\u00e9bat d\u00e9mocratique \u00bb , \u00e9crit-il.<\/p>\n<p>\u00ab S\u2019il y a des coups, ils ne viennent pas de chez nous \u00bb<\/p>\n<p class=\"paragraph text_align_left lp-f-body-02\">\u00ab J\u2019esp\u00e8re que tout cela n\u2019est pas une man\u0153uvre \u00e9lectorale. Il ne cite personne, son message est donc \u00e0 la limite de la diffamation, r\u00e9agit Patrick Chaimovitch, le maire \u00e9cologiste de Colombes. A-t-il des preuves ? Si c\u2019est le cas, alors cela m\u00e9rite des sanctions bien s\u00fbr. En tout cas, s\u2019il y a eu des coups, ils ne viennent pas de chez nous\u2026 \u00bb<\/p>\n<p class=\"paragraph text_align_left lp-f-body-02\">Les deux hommes ne semblent d\u00e9sormais plus s\u2019accorder que sur le caract\u00e8re \u00ab malsain \u00bb du climat actuel mais\u2026 se renvoient la balle sur son origine !<\/p>\n<p class=\"paragraph text_align_left lp-f-body-02\">Ces plaintes sont loin d\u2019\u00eatre des cas isol\u00e9s. Ces derni\u00e8res semaines, ce type de proc\u00e9dure s\u2019est multipli\u00e9 dans la r\u00e9gion. Ce m\u00eame vendredi,<a href=\"https:\/\/www.leparisien.fr\/val-de-marne-94\/villeneuve-saint-georges-la-maire-porte-plainte-apres-une-video-sur-facebook-01-11-2025-BEZCZM2P6ZF5FKW4OUE5BUJR7M.php\" target=\"_self\" rel=\"nofollow noopener\"> la maire de Villeneuve-Saint-Georges<\/a>, dans le Val-de-Marne, et son directeur de la police municipale ont d\u00e9pos\u00e9 plainte apr\u00e8s la mise en ligne sur Facebook d\u2019une vid\u00e9o accusant deux agents de la PM de se livrer \u00e0 \u00ab des contr\u00f4les au faci\u00e8s et \u00e0 des passages \u00e0 tabac gratuits et sans motif \u00bb.<\/p>\n<p class=\"paragraph text_align_left lp-f-body-02\">\u00c0 Saint-Ouen, un homme a \u00e9t\u00e9 interpell\u00e9 et plac\u00e9 sous contr\u00f4le judiciaire pour avoir<a href=\"https:\/\/www.leparisien.fr\/seine-saint-denis-93\/je-vais-te-tuer-le-maire-de-saint-ouen-menace-de-mort-un-homme-sera-juge-en-avril-31-10-2025-FE3EWF4YUZFALIE36TV235EAQU.php\" target=\"_self\" rel=\"nofollow noopener\"> insult\u00e9 et menac\u00e9 de mort le maire PS Karim Bouamrane <\/a>en marge d\u2019une inauguration. Il devrait \u00eatre jug\u00e9 le 14 avril au tribunal de Bobigny. Ce ph\u00e9nom\u00e8ne n\u2019\u00e9pargne aucune zone de petite ou de grande couronne. Ainsi, en 2024, l<a href=\"https:\/\/www.leparisien.fr\/seine-et-marne-77\/des-menaces-de-mort-glacantes-comment-ces-elus-de-seine-et-marne-reagissent-aux-violences-21-03-2025-J7GITUH6SJDRBEWAJYTOMMAKQ4.php\" rel=\"nofollow noopener\" target=\"_blank\">a Seine-et-Marne avait totalis\u00e9 60 faits de ce type<\/a>, des outrages, des menaces et une minorit\u00e9 d\u2019agressions physiques.<\/p>\n","protected":false},"excerpt":{"rendered":"Les proc\u00e9dures d\u2019\u00e9lus pour menaces et harc\u00e8lement se multiplient \u00e0 quelques mois des \u00e9lections municipales. \u00c0 Colombes, c\u2019est&hellip;\n","protected":false},"author":2,"featured_media":507079,"comment_status":"","ping_status":"","sticky":false,"template":"","format":"standard","meta":{"footnotes":""},"categories":[1888],"tags":[11,1777,674,1011,27,3314,1944,12,626,25],"class_list":{"0":"post-507078","1":"post","2":"type-post","3":"status-publish","4":"format-standard","5":"has-post-thumbnail","7":"category-paris","8":"tag-actualites","9":"tag-eu","10":"tag-europe","11":"tag-fr","12":"tag-france","13":"tag-hauts-de-seine","14":"tag-ma-ville","15":"tag-news","16":"tag-paris","17":"tag-republique-francaise"},"share_on_mastodon":{"url":"https:\/\/pubeurope.com\/@fr\/115481067198257538","error":""},"_links":{"self":[{"href":"https:\/\/www.europesays.com\/fr\/wp-json\/wp\/v2\/posts\/507078","targetHints":{"allow":["GET"]}}],"collection":[{"href":"https:\/\/www.europesays.com\/fr\/wp-json\/wp\/v2\/posts"}],"about":[{"href":"https:\/\/www.europesays.com\/fr\/wp-json\/wp\/v2\/types\/post"}],"author":[{"embeddable":true,"href":"https:\/\/www.europesays.com\/fr\/wp-json\/wp\/v2\/users\/2"}],"replies":[{"embeddable":true,"href":"https:\/\/www.europesays.com\/fr\/wp-json\/wp\/v2\/comments?post=507078"}],"version-history":[{"count":0,"href":"https:\/\/www.europesays.com\/fr\/wp-json\/wp\/v2\/posts\/507078\/revisions"}],"wp:featuredmedia":[{"embeddable":true,"href":"https:\/\/www.europesays.com\/fr\/wp-json\/wp\/v2\/media\/507079"}],"wp:attachment":[{"href":"https:\/\/www.europesays.com\/fr\/wp-json\/wp\/v2\/media?parent=507078"}],"wp:term":[{"taxonomy":"category","embeddable":true,"href":"https:\/\/www.europesays.com\/fr\/wp-json\/wp\/v2\/categories?post=507078"},{"taxonomy":"post_tag","embeddable":true,"href":"https:\/\/www.europesays.com\/fr\/wp-json\/wp\/v2\/tags?post=507078"}],"curies":[{"name":"wp","href":"https:\/\/api.w.org\/{rel}","templated":true}]}}