{"id":50708,"date":"2025-04-25T02:51:21","date_gmt":"2025-04-25T02:51:21","guid":{"rendered":"https:\/\/www.europesays.com\/fr\/50708\/"},"modified":"2025-04-25T02:51:21","modified_gmt":"2025-04-25T02:51:21","slug":"lindrien-guillaume-ledoux-des-blankass-sort-un-livre","status":"publish","type":"post","link":"https:\/\/www.europesays.com\/fr\/50708\/","title":{"rendered":"l\u2019Indrien Guillaume Ledoux des Blankass sort un livre"},"content":{"rendered":"<p>Le premier roman de <a target=\"_self\" href=\"https:\/\/www.lanouvellerepublique.fr\/chateauroux\/chateauroux-je-ne-suis-pas-peintre-je-suis-un-mec-qui-fait-des-bonhommes-guillaume-ledoux-expose-a-equinoxe\" rel=\"nofollow noopener\">Guillaume Ledoux<\/a>, Colza, aurait pu porter la mention\u00a0: \u00ab\u00a0Toute ressemblance avec des personnages existants serait purement fortuite\u00a0\u00bb. Pourtant l\u2019auteur berrichon, chanteur et parolier des Blankass, a savour\u00e9 le retour d\u2019un libraire \u00e0 la lecture de son livre\u00a0: \u00ab\u00a0Tes personnages, on a l\u2019impression de les conna\u00eetre et on s\u2019y attache vite.\u00a0\u00bb<\/p>\n<p>\u00ab\u00a0Je voulais une petite ville de province. Je me suis servi de mes souvenirs d\u2019enfance pour cr\u00e9er un monde, mais rien n\u2019est vrai\u00a0\u00bb, explique-t-il. \u00ab\u00a0Ce serait vraiment une erreur de croire que c\u2019est moi.\u00a0\u00bb D\u2019ailleurs, il ne nomme jamais cette petite ville, ni le nom de son h\u00e9ros. Mais la sc\u00e8ne pourrait se passer n\u2019importe o\u00f9 au milieu de la campagne berrichonne, dans les champs de colza, entre <a target=\"_self\" href=\"https:\/\/www.lanouvellerepublique.fr\/indre\/commune\/deols\/les-gros-bonshommes-de-guillaume-ledoux-au-musee-de-deols\" rel=\"nofollow noopener\">Issoudun et Ch\u00e2teauroux, le\u00a0berceau\u00a0de\u00a0son\u00a0enfance<\/a>. \u00ab\u00a0Mais en Loz\u00e8re, la vie de mes personnages ne serait pas diff\u00e9rente.\u00a0\u00bb<\/p>\n<p>\u00ab\u00a0Et si le lecteur peut verser une petite larme, c\u2019est encore mieux car c\u2019est vraiment la vie\u00a0\u00bb<\/p>\n<p>\u00ab\u00a0Je voulais raconter une histoire de gens simples du monde rural et que cela fasse rigoler \u00e0 certains moments, mais aussi de choses pas dr\u00f4les comme l\u2019usine, le ch\u00f4mage, l\u2019ivresse ou l\u2019ennui, d\u00e9taille Guillaume Ledoux. Et si le lecteur peut verser une petite larme, c\u2019est encore mieux car c\u2019est vraiment la vie.\u00a0\u00bb Mais attention, ce coin de campagne, l\u2019auteur, comme son h\u00e9ros, \u00ab\u00a0il l\u2019aime m\u00eame si des fois, il a envie de partir\u00a0\u00bb.<\/p>\n<p>L\u2019id\u00e9e a germ\u00e9 il y a quinze\u00a0ans, mais s\u2019\u00e9tait arr\u00eat\u00e9e au bout de trois pages et s\u2019est perdue. \u00ab\u00a0L\u2019ann\u00e9e derni\u00e8re, le 1er\u00a0mai, je me suis r\u00e9veill\u00e9 \u00e0 6\u00a0h, et j\u2019avais tout. Comme si mon cerveau avait continu\u00e9 \u00e0 l\u2019\u00e9crire.\u00a0\u00bb Alors il s\u2019est lev\u00e9 et a couch\u00e9 les mots sur le papier jusqu\u2019au 15\u00a0ao\u00fbt. \u00ab\u00a0<a target=\"_self\" href=\"https:\/\/www.lanouvellerepublique.fr\/vienne\/commune\/leigne-les-bois\/leigne-les-bois-concert-acoustique-de-guillaume-ledoux-des-blankass\" rel=\"nofollow noopener\">Passer de l\u2019\u00e9criture contrainte de chansons<\/a> o\u00f9 l\u2019histoire doit entrer dans six cases, tr\u00e8s math\u00e9matique avec un peu de rimes, au roman a \u00e9t\u00e9 une lib\u00e9ration, un vrai bonheur.\u00a0\u00bb M\u00eame si Guillaume Ledoux avoue qu\u2019il avait peur de ne pas avoir assez de \u00ab\u00a0rigueur\u00a0\u00bb pour l\u2019\u00e9criture d\u2019un roman. \u00ab\u00a0Mais je n\u2019arrivais pas \u00e0 m\u2019arr\u00eater tellement c\u2019\u00e9tait agr\u00e9able.\u00a0\u00bb<\/p>\n<p><img alt=\"\u00ab\u00a0Colza\u00a0\u00bb aux \u00e9ditions du Cherche Midi, par Guillaume Ledoux.\" loading=\"lazy\" width=\"980\" height=\"573\" decoding=\"async\" data-nimg=\"1\" class=\"img-responsive spinner-show\" style=\"color:transparent;background-size:cover;background-position:50% 50%;background-repeat:no-repeat;background-image:url(&quot;data:image\/svg+xml;charset=utf-8,%3Csvg xmlns=\" http:=\"\" viewbox=\"0 0 980 573\" id=\"b\" color-interpolation-filters=\"sRGB\" stddeviation=\"20\" values=\"1 0 0 0 0 0 1 0 0 0 0 0 1 0 0 0 0 0 100 -1\" result=\"s\" x=\"0\" y=\"0\" operator=\"out\" in=\"s\" in2=\"SourceGraphic\" preserveaspectratio=\"none\" href=\"https:\/\/images.lanouvellerepublique.fr\/image\/upload\/t_88w\/f_auto\/680a542047e633e3168b45e6.jpg\"   src=\"https:\/\/www.europesays.com\/fr\/wp-content\/uploads\/2025\/04\/680a542047e633e3168b45e6.jpg\"\/><\/p>\n<p style=\"background-color:#F2F2F2;padding:5px;margin-top:0px;margin-bottom:10px\">\u00ab\u00a0Colza\u00a0\u00bb aux \u00e9ditions du Cherche Midi, par Guillaume Ledoux.<br \/> \u00a9 Photo NR<\/p>\n<p>\u00ab\u00a0Beaucoup de po\u00e9sie et que l\u2019on se marre\u00a0\u00bb<\/p>\n<p>Colza raconte la vie d\u2019un jeune homme et ses aspirations d\u2019\u00e9crivain, entre son boulot, ses rencontres, ses sorties dans \u00ab\u00a0les rades\u00a0\u00bb. Ses p\u00e9rip\u00e9ties sont \u00e9maill\u00e9es\u00a0par ses \u00e9crits \u00ab\u00a0vraiment pas bons et d\u00e9lirants\u00a0\u00bb comme une invasion de pingouins dans les rues de la ville. \u00ab\u00a0Cela se m\u00e9lange \u00e0 son quotidien. Puis, son \u00e9criture va s\u2019affiner pour devenir une ligne claire avec sa vie, explique Guillaume Ledoux. Je voulais quelque chose de simple \u00e0 lire par n\u2019importe qui, avec beaucoup de po\u00e9sie et que l\u2019on se marre.\u00a0\u00bb<\/p>\n<p>Quand on lui demande s\u2019il y a un message dans ce roman, l\u2019auteur r\u00e9pond\u00a0: \u00ab\u00a0Dans toute \u0153uvre artistique, il y a truc politique, m\u00eame si je ne l\u2019ai pas voulu. Mais la vie n\u2019est pas moins bien dans ces campagnes qu\u2019ailleurs.\u00a0\u00bb<\/p>\n<p>Initialement, le roman n\u2019avait pas vocation \u00e0 \u00eatre publi\u00e9. \u00ab\u00a0L\u2019id\u00e9e de d\u00e9part \u00e9tait d\u2019arriver au bout, j\u2019ai d\u00e9j\u00e0 mes expos de peinture et les concerts qui occupent beaucoup de mon emploi du temps. Mais quand H\u00e9l\u00e8ne, ma femme, l\u2019a lu, elle m\u2019a dit de l\u2019envoyer \u00e0 des maisons d\u2019\u00e9dition. Deux ont r\u00e9pondu oui.\u00a0\u00bb La sortie officielle de Colza aux \u00e9ditions Le Cherche Midi est pr\u00e9vue mercredi 7\u00a0mai 2025, et en avant-premi\u00e8re les 26 et 27\u00a0avril \u00e0 <a target=\"_self\" href=\"https:\/\/www.lanouvellerepublique.fr\/chateauroux\/chateauroux-douglas-kennedy-philippe-besson-et-nathalie-saint-cricq-presents-a-l-envolee-des-livres-2025-1738170158\" rel=\"nofollow noopener\">L\u2019Envol\u00e9e des livres de Ch\u00e2teauroux,<\/a> o\u00f9 il sera pr\u00e9sent. Qu\u2019attend-il de cette premi\u00e8re rencontre avec les lecteurs\u00a0? \u00ab\u00a0Qu\u2019on ne se moque pas de moi\u00a0!\u00a0\u00bb, dit Guillaume Ledoux dans un \u00e9clat de rire teint\u00e9 d\u2019appr\u00e9hension.<\/p>\n<p>\u00ab\u00a0Colza\u00a0\u00bb de Guillaume Ledoux aux \u00e9ditions Le Cherche Midi, 21\u00a0\u20ac.<\/p>\n<p>L\u2019envol\u00e9e des livres<\/p>\n<p><strong>&gt;\u00a0Vendredi 25\u00a0avril.<\/strong> \u00c0 18\u00a0h\u00a030, \u00e0 la Chapelle des R\u00e9demptoristes, lecture musicale Marcel Pagnol\u00a0; \u00e0 19\u00a0h, \u00e0 la librairie Arcanes, rencontre avec Pierre Pouchairet.<\/p>\n<p><strong>&gt;\u00a0Samedi 26\u00a0avril.<\/strong> \u00c0 11\u00a0h, \u00e0 la m\u00e9diath\u00e8que, remise des prix de la Ville Guy-Vanhor\u00a0; \u00e0 14\u00a0h, au Couvent des Cordeliers, visite inaugurale\u00a0; de 14\u00a0h \u00e0 16\u00a0h, \u00e0 l\u2019\u00e9glise Saint-Martial, lecture \u00e0 mi-voix de Fran\u00e7ois Claude et Johanna S\u00e9gelle\u00a0; \u00e0 14\u00a0h\u00a030, sous le chapiteau, rencontre avec Douglas Kennedy\u00a0; \u00e0 15\u00a0h\u00a015, sous le chapiteau, table ronde\u00a0: \u00ab\u00a0Les plusieurs voies\/voix d\u2019un artiste\u00a0\u00bb\u00a0; \u00e0 15\u00a0h\u00a030, au mus\u00e9e Bertrand, rencontre avec Bernard Capo\u00a0; \u00e0 16\u00a0h, sous le chapiteau, rencontre avec Peggy Sastre\u00a0; \u00e0 16\u00a0h\u00a030, au mus\u00e9e Bertrand, \u00ab\u00a0George Sand, l\u2019amoureuse\u00a0\u00bb pr\u00e9sent\u00e9e par Nathalie Redin\u00a0; \u00e0 16\u00a0h\u00a030, sous le chapiteau, table ronde\u00a0: \u00ab\u00a0Nuances de noir\u00a0\u00bb\u00a0; \u00e0 17\u00a0h\u00a015, sous le chapiteau, table ronde\u00a0: \u00ab\u00a0H\u00e9ro\u00efnes de l\u2019Histoire\u00a0\u00bb\u00a0; \u00e0 17\u00a0h\u00a045, sous le chapiteau, rencontre avec Hubert Haddad\u00a0; de 18\u00a0h\u00a015 \u00e0 19\u00a0h, clo\u00eetre, ap\u00e9ro-concert.<\/p>\n<p><strong>&gt;\u00a0Dimanche 27\u00a0avril.<\/strong> De 10\u00a0h \u00e0 11\u00a0h\u00a030, sous le chapiteau, plateau BipTV en public\u00a0; de 10\u00a0h\u00a030 \u00e0 12\u00a0h et 15\u00a0h \u00e0 17\u00a0h, \u00e0 l\u2019\u00e9glise Saint-Martial, lecture \u00e0 mi-voix de Fran\u00e7ois Claude et Johanna S\u00e9gelle\u00a0; \u00e0 11\u00a0h\u00a030, au clo\u00eetre, partage en musique avec Fr\u00e9d\u00e9ric Zeitoun et Anny Duperey\u00a0; \u00e0 14\u00a0h, au mus\u00e9e Bertrand, conf\u00e9rence de Jo\u00eblle Chev\u00e9\u00a0; \u00e0 14\u00a0h\u00a030, sous le chapiteau, rencontre avec H\u00e9lios Azoulay et Didier Van Cauwelaert\u00a0; 15\u00a0h, sous le chapiteau, rencontre avec Franck Bouysse\u00a0; \u00e0 15\u00a0h\u00a045, sous le chapiteau, table ronde\u00a0: \u00ab\u00a0La litt\u00e9rature du d\u00e9racinement\u00a0\u00bb\u00a0; \u00e0 16\u00a0h, au mus\u00e9e Bertrand, spectacle \u00ab\u00a0Les mots qui soufflent\u00a0\u00bb\u00a0; \u00e0 16\u00a0h\u00a015, sous le chapiteau, rencontre lecture avec Nicolas Fargues\u00a0; \u00e0 17\u00a0h\u00a015, sous le chapiteau, rencontre avec Bruno Mascle, Jean-Louis Laubry et Jean-Luc Stiver.<\/p>\n","protected":false},"excerpt":{"rendered":"Le premier roman de Guillaume Ledoux, Colza, aurait pu porter la mention\u00a0: \u00ab\u00a0Toute ressemblance avec des personnages existants&hellip;\n","protected":false},"author":2,"featured_media":50709,"comment_status":"","ping_status":"","sticky":false,"template":"","format":"standard","meta":{"footnotes":""},"categories":[1357],"tags":[1392,1379,4351,58,59,1011,27,10802,1380,1393,1698,14356],"class_list":{"0":"post-50708","1":"post","2":"type-post","3":"status-publish","4":"format-standard","5":"has-post-thumbnail","7":"category-livres","8":"tag-a-la-une-local","9":"tag-books","10":"tag-chateauroux","11":"tag-divertissement","12":"tag-entertainment","13":"tag-fr","14":"tag-france","15":"tag-issoudun","16":"tag-livres","17":"tag-loisirs","18":"tag-musiques","19":"tag-salons"},"share_on_mastodon":{"url":"https:\/\/pubeurope.com\/@fr\/114396337506089858","error":""},"_links":{"self":[{"href":"https:\/\/www.europesays.com\/fr\/wp-json\/wp\/v2\/posts\/50708","targetHints":{"allow":["GET"]}}],"collection":[{"href":"https:\/\/www.europesays.com\/fr\/wp-json\/wp\/v2\/posts"}],"about":[{"href":"https:\/\/www.europesays.com\/fr\/wp-json\/wp\/v2\/types\/post"}],"author":[{"embeddable":true,"href":"https:\/\/www.europesays.com\/fr\/wp-json\/wp\/v2\/users\/2"}],"replies":[{"embeddable":true,"href":"https:\/\/www.europesays.com\/fr\/wp-json\/wp\/v2\/comments?post=50708"}],"version-history":[{"count":0,"href":"https:\/\/www.europesays.com\/fr\/wp-json\/wp\/v2\/posts\/50708\/revisions"}],"wp:featuredmedia":[{"embeddable":true,"href":"https:\/\/www.europesays.com\/fr\/wp-json\/wp\/v2\/media\/50709"}],"wp:attachment":[{"href":"https:\/\/www.europesays.com\/fr\/wp-json\/wp\/v2\/media?parent=50708"}],"wp:term":[{"taxonomy":"category","embeddable":true,"href":"https:\/\/www.europesays.com\/fr\/wp-json\/wp\/v2\/categories?post=50708"},{"taxonomy":"post_tag","embeddable":true,"href":"https:\/\/www.europesays.com\/fr\/wp-json\/wp\/v2\/tags?post=50708"}],"curies":[{"name":"wp","href":"https:\/\/api.w.org\/{rel}","templated":true}]}}