{"id":507080,"date":"2025-11-02T16:33:14","date_gmt":"2025-11-02T16:33:14","guid":{"rendered":"https:\/\/www.europesays.com\/fr\/507080\/"},"modified":"2025-11-02T16:33:14","modified_gmt":"2025-11-02T16:33:14","slug":"ratp-et-sncf-les-perturbations-attendues-dans-les-transports-a-paris-et-en-ile-de-france-cette-semaine-24","status":"publish","type":"post","link":"https:\/\/www.europesays.com\/fr\/507080\/","title":{"rendered":"RATP et SNCF. Les perturbations attendues dans les transports \u00e0 Paris et en \u00cele-de-France cette semaine"},"content":{"rendered":"<p>            Par<br \/>\n        <strong><br \/>\n            <a href=\"https:\/\/actu.fr\/auteur\/glenn-gillet\" title=\"Consulter tous les articles de Glenn Gillet\" target=\"_blank\" rel=\"noopener\">Glenn Gillet<\/a><br \/>\n        <\/strong><\/p>\n<p>        Publi\u00e9 le<\/p>\n<p>            2 nov. 2025 \u00e0 17h30        <\/p>\n<p>Apr\u00e8s une semaine marqu\u00e9e par d\u2019assez faibles perturbations, les<a href=\"https:\/\/actu.fr\/tag\/transport\" target=\"_blank\" rel=\"noopener\"> transports<\/a> \u00e0 Paris et en \u00cele-de-France conna\u00eetront des modifications et interruptions en raison de travaux. RER, m\u00e9tro, Transilien\u2026 Voici ce qui vous attend du lundi 3 au dimanche 9 novembre 2025 sur vos lignes <a href=\"https:\/\/actu.fr\/tag\/sncf\" target=\"_blank\" rel=\"noopener\">SNCF<\/a> et <a href=\"https:\/\/actu.fr\/tag\/ratp\" target=\"_blank\" rel=\"noopener\">RATP<\/a>.<\/p>\n<p>M\u00e9tro<\/p>\n<p class=\" wall-content\"><strong>Ligne 9<\/strong>\u2009: du 8\u00a0novembre au 11\u00a0novembre, le trafic sera interrompu entre Michel-Ange \u2013 Molitor et Franklin D. Roosevelt en raison de travaux. Des bus de remplacement sont mis en place entre Michel-Ange \u2013 Molitor et Trocad\u00e9ro.<\/p>\n<p class=\" wall-content\"><strong>Ligne 14<\/strong>\u2009: le 9\u00a0novembre jusqu\u2019\u00e0 14h, le trafic sera interrompu sur toute la ligne en raison de travaux de modernisation. Des bus de remplacement sont mis en place entre Gare de Lyon et Olympiades.<\/p>\n<p>RER<\/p>\n<p class=\" wall-content\"><strong>RER A<\/strong>\u2009: jusqu\u2019au 19\u00a0d\u00e9cembre, du lundi au vendredi d\u00e8s 21h50, le trafic est interrompu entre Cergy \u2013 Le Haut et Maisons-Laffitte en raison de travaux. Jusqu\u2019au 13\u00a0d\u00e9cembre, du mardi au samedi jusqu\u2019\u00e0 5h10, le trafic est interrompu de Cergy \u2013 Le Haut \u00e0 Maisons-Laffitte en raison de travaux.<\/p>\n<p class=\" wall-content\"><strong>RER B<\/strong>\u2009: jusqu\u2019au 10\u00a0novembre, du lundi au vendredi d\u00e8s 22h45, le trafic est interrompu entre\u200b\u200b\u200b\u200b Ch\u00e2telet \u2013 Les Halles et Mitry \u2013 Claye\/A\u00e9roport CDG 2 en raison de travaux de maintenance. Du 8\u00a0novembre au 23\u00a0novembre, le week-end d\u00e8s 23h00, le trafic sera interrompu entre Aulnay-sous-Bois et A\u00e9roport Charles de Gaulle 2 \u2013 TGV en raison de travaux d\u2019entretien.<\/p>\n<p class=\" wall-content\"><strong>RER C<\/strong>\u2009: jusqu\u2019au 11\u00a0janvier, l\u2019arr\u00eat n\u2019est pas desservi \u00e0 Issy vers Dourdan la For\u00eat, Saint-Martin d\u2019\u00c9tampes et Massy \u2013 Palaiseau en raison de travaux. Samedi\u00a08 et dimanche 9\u00a0novembre, e trafic est interrompu entre Champ de Mars et Saint-Quentin en Yvelines \/ Versailles Ch\u00e2teau Rive Gauche. A partir de 22h50 jusqu\u2019en fin de soir\u00e9e, les 3 et 4\u00a0novembre, le trafic est interrompu de Paris Austerlitz vers Versailles Ch\u00e2teau Rive Gauche et Saint-Quentin en Yvelines. Samedi\u00a08 et dimanche 9\u00a0novembre, les trains sont directs entre Choisy le Roi et Juvisy. Les gares de Athis Mons, Ablon et Villeneuve le Roi ne sont pas desservies. Lundi\u00a03 et mardi 4\u00a0novembre, \u00e0 partir de 23h jusqu\u2019en fin de soir\u00e9e, le trafic est interrompu entre Paris Austerlitz et Juvisy. Du lundi\u00a03 au vendredi 7\u00a0novembre (sauf samedi, dimanche), \u00e0 partir de 23\u00a0heures, le trafic est interrompu entre Paris Austerlitz et Pont de Rungis. Mercredi\u00a05 au vendredi 7\u00a0novembre, le trafic est interrompu entre Paris Austerlitz et Juvisy via Choisy le Roi \u00e0 partir de 23h.<\/p>\n<p class=\" wall-content\"><strong>RER D<\/strong>\u2009: samedi 8\u00a0novembre, le trafic est interrompu de Paris Gare de Lyon vers Juvisy, et vers Combs-la-Ville \u2013 Quincy, et de Juvisy et Combs-la-Ville \u2013 Quincy vers Maisons-Alfort. En semaine jusqu\u2019au 10\u00a0novembre, le trafic est interrompu entre Paris Gare du Nord et Creil \u00e0 partir de 23h20. Du 3 au 10\u00a0novembre, le trafic sera interrompu entre Melun et Combs-la-Ville \u2013 Quincy.<\/p>\n<p class=\" wall-content\"><strong>RER E<\/strong>\u2009: samedi\u00a08 et dimanche 9\u00a0novembre, le trafic est interrompu entre Nanterre-la-Folie et Tournan. En semaine jusqu\u2019au vendredi 21\u00a0novembre le trafic est interrompu \u00e0 partir de 21h55 entre Nanterre-la-Folie et Villiers-sur-Marne et entre Nanterre-la-Folie et Tournan. Dimanche 9\u00a0novembre, le trafic est interrompu entre Nanterre-La-Folie et Villiers-sur-Marne \u00e0 partir de 22h15.<\/p>\n<p>Votre r\u00e9gion, votre actu !<\/p>\n<p>Recevez chaque jour les infos qui comptent pour vous.<\/p>\n<p>\t<a href=\"https:\/\/actu.fr\/newsletter\" class=\"ac-btn ac-btn--corner ac-btn--medium ac-btn--blue800\" target=\"_blank\" rel=\"noopener\">S&rsquo;incrire<\/a><br \/>\nTransilien<\/p>\n<p class=\" wall-content\"><strong>Ligne H<\/strong>\u2009: dimanche 9\u00a0novembre, le trafic est interrompu entre Paris Gare du Nord et Sarcelles \u2013 Saint-Brice et Paris Gare du Nord et Ermont-Eaubonne, de 1h30 \u00e0 8h50. Du samedi\u00a08 au dimanche 9\u00a0novembre, le trafic est interrompu entre Ermont \u2013 Eaubonne et Persan \u2013 Beaumont via Valmondois de 23h35 \u00e0 04h30.<\/p>\n<p class=\" wall-content\"><strong>Ligne J<\/strong>\u2009: samedi\u00a08 et dimanche 9\u00a0novembre, le trafic est interrompu toute la journ\u00e9e entre Issou \u2013 Porcheville et Mantes la Jolie, entre Paris Saint-Lazare et Mantes la Jolie, et entre Paris Saint-Lazare et Vernon \u2013 Giverny.<\/p>\n<p class=\" wall-content\"><strong>Ligne K<\/strong>\u2009: samedi\u00a08 dimanche 9\u00a0novembre, le trafic est interrompu toute la journ\u00e9e entre Paris Gare du Nord et Mitry \u2013 Claye. Jusqu\u2019au samedi 20\u00a0d\u00e9cembre, le trafic est interrompu en semaine entre Gare du Nord et Cr\u00e9py-en-Valois \u00e0 partir de 20h13. En semaine jusqu\u2019au 20\u00a0d\u00e9cembre \u00e9galement, le trafic est interrompu sur l\u2019ensemble de la ligne entre 21h15 et 4h45.<\/p>\n<p class=\" wall-content\"><strong>Ligne L<\/strong>\u2009: jusqu\u2019au vendredi 7\u00a0novembre puis du 12 au 14\u00a0novembre, le trafic est interrompu entre Paris Saint-Lazare et La D\u00e9fense. Dimanche 09 novembre, le trafic est interrompu entre Saint-Cloud et Saint-Nom la Bret\u00e8che \u00e0 partir de 21h15. En semaine jusqu\u2019au 12\u00a0d\u00e9cembre, le trafic est interrompu entre Sartrouville et Maisons-Laffitte \u00e0 partir de 21h50.<\/p>\n<p class=\" wall-content\"><strong>Ligne N<\/strong>\u2009: Samedi\u00a08 et dimanche 9\u00a0novembre, le trafic est interrompu toute la joun\u00e9e entre Mantes-la-Jolie et \u00c9p\u00f4ne \u2013 M\u00e9zi\u00e8res. Jusqu\u2019au 28\u00a0novembre, les soirs de semaine, le trafic est interrompu de Paris Montparnasse vers Mantes-la-Jolie \u00e0 partir de 20h50. Jusqu\u2019au vendredi 7\u00a0novembre, le trafic est interrompu entre Paris Montparnasse et Plaisir \u2013 Grignon entre 22h56 \u00e0 02h08. Du lundi\u00a03 au vendredi 7\u00a0novembre, le trafic est interrompu entre Paris Montparnasse et Rambouillet \u00e0 partir de 22h22.<\/p>\n<p class=\" wall-content\"><strong>Ligne P<\/strong>\u2009: samedi 8\u00a0novembre, le trafic interrompu entre Paris Est et Meaux \u00e0 partir de 22h50 et entre Paris Est et Ch\u00e2teau-Thierry \u00e0 partir de 23h. Jusqu\u2019au vendredi 21\u00a0novembre, le trafic est interrompu entre Paris Est et Provins en semaine \u00e0 partir de 21h45. Jusqu\u2019au 12\u00a0d\u00e9cembre, le trafic est interrompu entre Paris Est et Ch\u00e2teau-Thierry \u00e0 partir de 22h. Du lundi\u00a03 au vendredi 7\u00a0novembre, le trafic est interrompu entre Meaux et La Fert\u00e9-Milon \u00e0 partir de 22h.<\/p>\n<p class=\" wall-content\"><strong>Ligne R<\/strong>\u2009: Le 9\u00a0novembre, le trafic sera interrompu entre Gare de Lyon et Melun \u00e0 partir de 23h15. Jusqu\u2019au 14\u00a0novembre, le trafic est interrompu entre Melun et Montereau via Moret et entre Melun et Montargis via Moret \u00e0 partir de 23h45.<\/p>\n<p class=\" wall-content\"><strong>Ligne U<\/strong>\u2009: samedi\u00a08 et dimanche 9\u00a0novembre, le trafic est interrompu toute la journ\u00e9e entre La D\u00e9fense et La Verri\u00e8re.<\/p>\n<p class=\" wall-content\">Personnalisez votre actualit\u00e9 en ajoutant vos villes et m\u00e9dias en favori avec <a href=\"https:\/\/moncompte.actu.fr\" title=\"D\u00e9couvez Mon Actu\" rel=\"nofollow noopener\" data-trk=\"{&quot;cta&quot;:{&quot;action&quot;:&quot;https:\\\/\\\/moncompte.actu.fr&quot;,&quot;category&quot;:&quot;mon compte&quot;,&quot;from&quot;:&quot;article footer&quot;,&quot;name&quot;:&quot;Mon actu&quot;,&quot;type&quot;:&quot;cta&quot;}}\" target=\"_blank\">Mon Actu<\/a>.<\/p>\n","protected":false},"excerpt":{"rendered":"Par Glenn Gillet Publi\u00e9 le 2 nov. 2025 \u00e0 17h30 Apr\u00e8s une semaine marqu\u00e9e par d\u2019assez faibles perturbations,&hellip;\n","protected":false},"author":2,"featured_media":507081,"comment_status":"","ping_status":"","sticky":false,"template":"","format":"standard","meta":{"footnotes":""},"categories":[1888],"tags":[11,1777,674,1011,27,12,626,625,25,2215,104,2803],"class_list":{"0":"post-507080","1":"post","2":"type-post","3":"status-publish","4":"format-standard","5":"has-post-thumbnail","7":"category-paris","8":"tag-actualites","9":"tag-eu","10":"tag-europe","11":"tag-fr","12":"tag-france","13":"tag-news","14":"tag-paris","15":"tag-ratp","16":"tag-republique-francaise","17":"tag-sncf","18":"tag-societe","19":"tag-transport"},"share_on_mastodon":{"url":"https:\/\/pubeurope.com\/@fr\/115481071089574676","error":""},"_links":{"self":[{"href":"https:\/\/www.europesays.com\/fr\/wp-json\/wp\/v2\/posts\/507080","targetHints":{"allow":["GET"]}}],"collection":[{"href":"https:\/\/www.europesays.com\/fr\/wp-json\/wp\/v2\/posts"}],"about":[{"href":"https:\/\/www.europesays.com\/fr\/wp-json\/wp\/v2\/types\/post"}],"author":[{"embeddable":true,"href":"https:\/\/www.europesays.com\/fr\/wp-json\/wp\/v2\/users\/2"}],"replies":[{"embeddable":true,"href":"https:\/\/www.europesays.com\/fr\/wp-json\/wp\/v2\/comments?post=507080"}],"version-history":[{"count":0,"href":"https:\/\/www.europesays.com\/fr\/wp-json\/wp\/v2\/posts\/507080\/revisions"}],"wp:featuredmedia":[{"embeddable":true,"href":"https:\/\/www.europesays.com\/fr\/wp-json\/wp\/v2\/media\/507081"}],"wp:attachment":[{"href":"https:\/\/www.europesays.com\/fr\/wp-json\/wp\/v2\/media?parent=507080"}],"wp:term":[{"taxonomy":"category","embeddable":true,"href":"https:\/\/www.europesays.com\/fr\/wp-json\/wp\/v2\/categories?post=507080"},{"taxonomy":"post_tag","embeddable":true,"href":"https:\/\/www.europesays.com\/fr\/wp-json\/wp\/v2\/tags?post=507080"}],"curies":[{"name":"wp","href":"https:\/\/api.w.org\/{rel}","templated":true}]}}