{"id":507089,"date":"2025-11-02T16:38:13","date_gmt":"2025-11-02T16:38:13","guid":{"rendered":"https:\/\/www.europesays.com\/fr\/507089\/"},"modified":"2025-11-02T16:38:13","modified_gmt":"2025-11-02T16:38:13","slug":"un-syrien-suspecte-de-preparer-un-attentat-islamiste-arrete-en-allemagne","status":"publish","type":"post","link":"https:\/\/www.europesays.com\/fr\/507089\/","title":{"rendered":"Un Syrien suspect\u00e9 de pr\u00e9parer un attentat islamiste arr\u00eat\u00e9 en Allemagne"},"content":{"rendered":"\n<p class=\"c-chapo \">\n  D\u00e9tenu dans un centre de r\u00e9tention, le jeune homme de 22 ans doit \u00eatre pr\u00e9sent\u00e9 \u00e0 un juge d&rsquo;instruction dimanche. Il est poursuivi pour pr\u00e9paration d&rsquo;un acte grave mettant l&rsquo;Etat en danger.\n<\/p>\n<p>      lire plus tard<\/p>\n<p id=\"dialog__title\" class=\"dialog__title\">Pour sauvegarder cet article, connectez-vous ou cr\u00e9ez un compte franceinfo<\/p>\n<p class=\"dialog__description\">Sans paiement. Sans abonnement.<\/p>\n<p>        Fermer la fen\u00eatre d\u2019activation des notifications France Info<\/p>\n<p>      cr\u00e9er votre compte<\/p>\n<p>      se connecter<\/p>\n<p>        Fermer la fen\u00eatre de pr\u00e9sentation<\/p>\n<p>    <img loading=\"lazy\" decoding=\"async\" class=\"signature__image lazyload\" width=\"100\" height=\"100\" data- alt=\"\" src=\"https:\/\/www.europesays.com\/fr\/wp-content\/uploads\/2025\/05\/64a68815cd1a7_placeholder-36b69ec8.png\"\/><\/p>\n<p>    Publi\u00e9 le 02\/11\/2025 17:20<\/p>\n<p>        Temps de lecture : 1min<\/p>\n<p>    <img decoding=\"async\"  alt=\"Le quartier de Neuk\u00f6lln, \u00e0 Berlin, le 13 octobre 2025. (FABIAN SOMMER \/ DPA \/ AFP)\" width=\"432\" height=\"243\" src=\"https:\/\/www.europesays.com\/fr\/wp-content\/uploads\/2025\/11\/043-dpa-pa-251013-99-313349-dpai-690783eb5a4c7265330826.jpg\" fetchpriority=\"high\"\/><\/p>\n<p>      Le quartier de Neuk\u00f6lln, \u00e0 Berlin, le 13 octobre 2025. (FABIAN SOMMER \/ DPA \/ AFP)<\/p>\n<p>Les autorit\u00e9s allemandes ont annonc\u00e9, dimanche 2 novembre, l&rsquo;arrestation \u00e0 Berlin d&rsquo;un Syrien de 22 ans soup\u00e7onn\u00e9 de pr\u00e9parer un attentat islamiste. Le suspect, arr\u00eat\u00e9 samedi dans le quartier de Neuk\u00f6lln, est soup\u00e7onn\u00e9 d&rsquo;avoir pr\u00e9par\u00e9 un \u00ab\u00a0attentat motiv\u00e9 par le djihad\u00a0\u00bb, a d\u00e9taill\u00e9 un porte-parole du parquet g\u00e9n\u00e9ral de Berlin, sans autre d\u00e9tail. D\u00e9tenu dans un centre de r\u00e9tention, le jeune homme doit \u00eatre pr\u00e9sent\u00e9 \u00e0 un juge d&rsquo;instruction dimanche apr\u00e8s-midi. Il est poursuivi pour pr\u00e9paration d&rsquo;un acte grave mettant l&rsquo;Etat en danger.<\/p>\n<p>Selon le journal populaire <a href=\"https:\/\/www.bild.de\/regional\/berlin\/sek-einsatz-syrer-soll-terror-anschlag-in-berlin-geplant-haben-690751477a4efb1472f4f587\" target=\"_blank\" rel=\"noopener\">Bild<\/a>, des mat\u00e9riaux pouvant servir \u00e0 fabriquer des explosifs ont \u00e9t\u00e9 saisis lors de perquisitions dans trois domiciles berlinois du suspect, men\u00e9es par des forces sp\u00e9ciales.\u00a0L&rsquo;attaque aurait vis\u00e9 la capitale, sans que d&rsquo;autres d\u00e9tails ne soient r\u00e9v\u00e9l\u00e9s, selon le journal.<\/p>\n<p>L&rsquo;Allemagne a connu ces derniers mois <a href=\"https:\/\/www.franceinfo.fr\/monde\/europe\/allemagne\/une-enseignante-blessee-dans-une-attaque-au-couteau-en-allemagne-le-suspect-arrete_7475011.html\" target=\"_blank\" rel=\"noopener\">plusieurs attaques meurtri\u00e8res \u00e0 l&rsquo;arme blanche<\/a>, ainsi que des <a href=\"https:\/\/www.franceinfo.fr\/monde\/europe\/allemagne\/allemagne-une-voiture-percute-une-foule-a-munich_7072449.html\" target=\"_blank\" rel=\"noopener\">attentats \u00e0 motif jihadiste<\/a> et des violences d&rsquo;extr\u00eame droite qui ont mis au premier plan les questions de s\u00e9curit\u00e9. Berlin, grande m\u00e9tropole europ\u00e9enne, reste sous haute surveillance, notamment depuis l&rsquo;attaque jihadiste la plus meurtri\u00e8re sur un march\u00e9 de No\u00ebl, lorsqu&rsquo;<a href=\"https:\/\/www.franceinfo.fr\/monde\/europe\/attaque-au-camion-a-berlin\/berlin-un-camion-fonce-sur-la-foule-sur-un-marche-de-noel_1978257.html\" target=\"_blank\" rel=\"noopener\">un camion b\u00e9lier avait fait 12 morts<\/a> en d\u00e9cembre 2016.<\/p>\n","protected":false},"excerpt":{"rendered":"D\u00e9tenu dans un centre de r\u00e9tention, le jeune homme de 22 ans doit \u00eatre pr\u00e9sent\u00e9 \u00e0 un juge&hellip;\n","protected":false},"author":2,"featured_media":507090,"comment_status":"","ping_status":"","sticky":false,"template":"","format":"standard","meta":{"footnotes":""},"categories":[1587],"tags":[11,672,1804,1805,1803,1777,674,1801,12,1802],"class_list":{"0":"post-507089","1":"post","2":"type-post","3":"status-publish","4":"format-standard","5":"has-post-thumbnail","7":"category-allemagne","8":"tag-actualites","9":"tag-allemagne","10":"tag-bundesrepublik-deutschland","11":"tag-de","12":"tag-deutschland","13":"tag-eu","14":"tag-europe","15":"tag-germany","16":"tag-news","17":"tag-republique-federale-dallemagne"},"share_on_mastodon":{"url":"https:\/\/pubeurope.com\/@fr\/115481091662250265","error":""},"_links":{"self":[{"href":"https:\/\/www.europesays.com\/fr\/wp-json\/wp\/v2\/posts\/507089","targetHints":{"allow":["GET"]}}],"collection":[{"href":"https:\/\/www.europesays.com\/fr\/wp-json\/wp\/v2\/posts"}],"about":[{"href":"https:\/\/www.europesays.com\/fr\/wp-json\/wp\/v2\/types\/post"}],"author":[{"embeddable":true,"href":"https:\/\/www.europesays.com\/fr\/wp-json\/wp\/v2\/users\/2"}],"replies":[{"embeddable":true,"href":"https:\/\/www.europesays.com\/fr\/wp-json\/wp\/v2\/comments?post=507089"}],"version-history":[{"count":0,"href":"https:\/\/www.europesays.com\/fr\/wp-json\/wp\/v2\/posts\/507089\/revisions"}],"wp:featuredmedia":[{"embeddable":true,"href":"https:\/\/www.europesays.com\/fr\/wp-json\/wp\/v2\/media\/507090"}],"wp:attachment":[{"href":"https:\/\/www.europesays.com\/fr\/wp-json\/wp\/v2\/media?parent=507089"}],"wp:term":[{"taxonomy":"category","embeddable":true,"href":"https:\/\/www.europesays.com\/fr\/wp-json\/wp\/v2\/categories?post=507089"},{"taxonomy":"post_tag","embeddable":true,"href":"https:\/\/www.europesays.com\/fr\/wp-json\/wp\/v2\/tags?post=507089"}],"curies":[{"name":"wp","href":"https:\/\/api.w.org\/{rel}","templated":true}]}}