{"id":507093,"date":"2025-11-02T16:40:13","date_gmt":"2025-11-02T16:40:13","guid":{"rendered":"https:\/\/www.europesays.com\/fr\/507093\/"},"modified":"2025-11-02T16:40:13","modified_gmt":"2025-11-02T16:40:13","slug":"lambition-environnementale-de-lue-face-aux-tensions-mondiales","status":"publish","type":"post","link":"https:\/\/www.europesays.com\/fr\/507093\/","title":{"rendered":"l&rsquo;ambition environnementale de l&rsquo;UE face aux tensions mondiales"},"content":{"rendered":"<p class=\"mb-4 text-lg md:leading-8 break-words\">Traditionnellement \u00e0 l&rsquo;avant-garde de la lutte contre le changement climatique, l&rsquo;Union europ\u00e9enne n&rsquo;a pas encore pr\u00e9sent\u00e9 de propositions concr\u00e8tes \u00e0 l&rsquo;approche de la COP30.<\/p>\n<p class=\"mb-4 text-lg md:leading-8 break-words\">Les CDN (contributions d\u00e9termin\u00e9es au niveau national) sont des plans que chaque pays adopte et met \u00e0 jour r\u00e9guli\u00e8rement pour respecter l&rsquo;Accord de Paris et limiter le r\u00e9chauffement climatique \u00e0 1,5 \u00b0C.<\/p>\n<p class=\"mb-4 text-lg md:leading-8 break-words\">\u00ab\u00a0La pr\u00e9sidence br\u00e9silienne avait esp\u00e9r\u00e9 que davantage de CDN seraient pr\u00e9sent\u00e9es lors de la pr\u00e9-COP\u00a0\u00bb, d\u00e9plore Andr\u00e9 Guimar\u00e3es, directeur ex\u00e9cutif de l&rsquo;Institut de recherche environnementale de l&rsquo;Amazonie (IPAM), dans une interview accord\u00e9e \u00e0 Euronews.<\/p>\n<p class=\"mb-4 text-lg md:leading-8 break-words\">\u00ab\u00a0L&rsquo;absence de l&rsquo;Europe a \u00e9t\u00e9 d\u00e9cevante, surtout parce qu&rsquo;elle a toujours historiquement men\u00e9 ce d\u00e9bat, ce qui a frustr\u00e9 beaucoup d&rsquo;autres nations et m\u00eame des secteurs \u00e9conomiques\u00a0\u00bb.<\/p>\n<p>Les \u00c9tats membres divis\u00e9s sur la politique climatique<\/p>\n<p class=\"mb-4 text-lg md:leading-8 break-words\">Les dirigeants de l&rsquo;Union europ\u00e9enne assurent que les pays membres sont sur la bonne voie pour atteindre leurs objectifs de r\u00e9duction des \u00e9missions et ont promis de pr\u00e9senter leur nouvelle CDN lors de la COP30 \u00e0 Bel\u00e9m.<\/p>\n<p class=\"mb-4 text-lg md:leading-8 break-words\">Le sujet est \u00e0 l&rsquo;ordre du jour du sommet des ministres de l&rsquo;Environnement, qui se tiendra mardi \u00e0 Bruxelles. Pour l&rsquo;instant, l&rsquo;UE a seulement publi\u00e9 <a href=\"https:\/\/www.consilium.europa.eu\/en\/press\/press-releases\/2025\/09\/18\/paris-agreement-eu-submits-statement-of-intent-to-the-unfccc-on-the-post-2030-ndc\/\" rel=\"nofollow noopener\" target=\"_blank\" data-ylk=\"slk:une d\u00e9claration d&#039;intention;elm:context_link;itc:0;sec:content-canvas\" class=\"link \"><strong>une d\u00e9claration d&rsquo;intention<\/strong><\/a> qui pr\u00e9voie une fourchette de r\u00e9duction des \u00e9missions comprise entre 66,25 % et 72,5 %.<\/p>\n<p class=\"mb-4 text-lg md:leading-8 break-words\">Bruxelles consid\u00e8re ce document comme un moyen de faire avancer le d\u00e9bat pendant que les n\u00e9gociations internes se poursuivent. Certains \u00c9tats membres s&rsquo;opposent aux mesures environnementales et s&rsquo;interrogent sur la mani\u00e8re de financer la transition vers une \u00e9conomie \u00e0 faibles \u00e9missions de carbone, tout en tenant compte de priorit\u00e9s telles que la d\u00e9fense et la comp\u00e9titivit\u00e9 des industries.<\/p>\n<p class=\"mb-4 text-lg md:leading-8 break-words\"><b class=\"c-widget-related__title__text\">Related<\/b><\/p>\n<p class=\"mb-4 text-lg md:leading-8 break-words\">\u00ab\u00a0Il est compr\u00e9hensible, en cette p\u00e9riode d&rsquo;incertitude commerciale et g\u00e9opolitique, que les pays \u00e9vitent de se fixer des objectifs tr\u00e8s ambitieux. Mais si cette attitude est compr\u00e9hensible, elle n&rsquo;est pas justifiable\u00a0\u00bb, estime Andr\u00e9 Guimar\u00e3es.<\/p>\n<p class=\"mb-4 text-lg md:leading-8 break-words\">\u00ab\u00a0Le probl\u00e8me climatique est grave et a d\u00e9j\u00e0 \u00e9t\u00e9 d\u00e9montr\u00e9 par la science ; il est mesur\u00e9 par les thermom\u00e8tres, avec des records de chaleur, de pluie et d&rsquo;\u00e9v\u00e9nements extr\u00eames. Certains pays sont prudents \u00e0 l&rsquo;id\u00e9e d&rsquo;annoncer de nouvelles CDN, mais le changement climatique n&rsquo;attendra pas la fin de la guerre ou la fixation des tarifs douaniers. Il se manifeste d\u00e9j\u00e0 par des incendies, des s\u00e9cheresses, des inondations et des incertitudes \u00e9conomiques\u00a0\u00bb.<\/p>\n<p>Les Nations unies soulignent les progr\u00e8s accomplis, mais appellent \u00e0 une action plus rapide<\/p>\n<p class=\"mb-4 text-lg md:leading-8 break-words\">Cette semaine, les Nations unies ont publi\u00e9 <a href=\"https:\/\/unfccc.int\/sites\/default\/files\/resource\/cma2025%5F08.pdf\" rel=\"nofollow noopener\" target=\"_blank\" data-ylk=\"slk:leur rapport r\u00e9capitulant les 64 CDN;elm:context_link;itc:0;sec:content-canvas\" class=\"link \"><strong>leur rapport r\u00e9capitulant les 64 CDN<\/strong><\/a> soumises avant septembre. M\u00eame si l&rsquo;analyse est encore incompl\u00e8te sans l&rsquo;UE, le rapport pr\u00e9voit que les \u00e9missions atteindront leur maximum avant 2030 et diminueront de 11 % \u00e0 24 % d&rsquo;ici 2035, par rapport \u00e0 2019.<\/p>\n<p class=\"mb-4 text-lg md:leading-8 break-words\">Bien que les mesures de lutte contre le changement climatique progressent chaque ann\u00e9e dans le monde, l&rsquo;ONU estime qu&rsquo;il est urgent d&rsquo;acc\u00e9l\u00e9rer le rythme et d&rsquo;encourager davantage de pays \u00e0 adopter des politiques climatiques plus ambitieuses.<\/p>\n<p class=\"mb-4 text-lg md:leading-8 break-words\">\u00c0 cette fin, l&rsquo;expert br\u00e9silien souligne l&rsquo;importance de la coop\u00e9ration internationale lors de la COP30 pour atteindre les objectifs fix\u00e9s, affirmant que \u00ab\u00a0la crise climatique ne sera pas r\u00e9solue par quelques pays : soit tout le monde participe, soit nous ne pourrons pas trouver de solutions\u00a0\u00bb.<\/p>\n<p class=\"mb-4 text-lg md:leading-8 break-words\">\u00ab\u00a0Le mot choisi par la pr\u00e9sidence de la COP pour symboliser cette approche est \u00ab\u00a0mutir\u00e3o\u00a0\u00bb. C&rsquo;est un terme tr\u00e8s br\u00e9silien : il ne signifie pas seulement \u00ab\u00a0travailler ensemble\u00a0\u00bb, mais travailler ensemble pour le bien collectif. Ce concept est pr\u00e9sent dans les pratiques des peuples indig\u00e8nes, qui chassent, produisent et construisent collectivement. Cette sagesse r\u00e9sume ce que nous devons faire face \u00e0 la crise climatique : agir ensemble, de mani\u00e8re coop\u00e9rative et solidaire, pour le bien commun\u00a0\u00bb, conclut Andr\u00e9 Guimar\u00e3es.<\/p>\n","protected":false},"excerpt":{"rendered":"Traditionnellement \u00e0 l&rsquo;avant-garde de la lutte contre le changement climatique, l&rsquo;Union europ\u00e9enne n&rsquo;a pas encore pr\u00e9sent\u00e9 de propositions&hellip;\n","protected":false},"author":2,"featured_media":507094,"comment_status":"","ping_status":"","sticky":false,"template":"","format":"standard","meta":{"footnotes":""},"categories":[1586],"tags":[11,62889,4734,1777,674,1779,1011,27,49094,25387,38065,12,25,1778,364],"class_list":{"0":"post-507093","1":"post","2":"type-post","3":"status-publish","4":"format-standard","5":"has-post-thumbnail","7":"category-europe","8":"tag-actualites","9":"tag-cdn","10":"tag-changement-climatique","11":"tag-eu","12":"tag-europe","13":"tag-european-union","14":"tag-fr","15":"tag-france","16":"tag-lunion-europeenne-2","17":"tag-le-rechauffement-climatique","18":"tag-ministres-de-lenvironnement","19":"tag-news","20":"tag-republique-francaise","21":"tag-ue","22":"tag-union-europeenne"},"share_on_mastodon":{"url":"https:\/\/pubeurope.com\/@fr\/115481098652079476","error":""},"_links":{"self":[{"href":"https:\/\/www.europesays.com\/fr\/wp-json\/wp\/v2\/posts\/507093","targetHints":{"allow":["GET"]}}],"collection":[{"href":"https:\/\/www.europesays.com\/fr\/wp-json\/wp\/v2\/posts"}],"about":[{"href":"https:\/\/www.europesays.com\/fr\/wp-json\/wp\/v2\/types\/post"}],"author":[{"embeddable":true,"href":"https:\/\/www.europesays.com\/fr\/wp-json\/wp\/v2\/users\/2"}],"replies":[{"embeddable":true,"href":"https:\/\/www.europesays.com\/fr\/wp-json\/wp\/v2\/comments?post=507093"}],"version-history":[{"count":0,"href":"https:\/\/www.europesays.com\/fr\/wp-json\/wp\/v2\/posts\/507093\/revisions"}],"wp:featuredmedia":[{"embeddable":true,"href":"https:\/\/www.europesays.com\/fr\/wp-json\/wp\/v2\/media\/507094"}],"wp:attachment":[{"href":"https:\/\/www.europesays.com\/fr\/wp-json\/wp\/v2\/media?parent=507093"}],"wp:term":[{"taxonomy":"category","embeddable":true,"href":"https:\/\/www.europesays.com\/fr\/wp-json\/wp\/v2\/categories?post=507093"},{"taxonomy":"post_tag","embeddable":true,"href":"https:\/\/www.europesays.com\/fr\/wp-json\/wp\/v2\/tags?post=507093"}],"curies":[{"name":"wp","href":"https:\/\/api.w.org\/{rel}","templated":true}]}}