{"id":507099,"date":"2025-11-02T16:43:29","date_gmt":"2025-11-02T16:43:29","guid":{"rendered":"https:\/\/www.europesays.com\/fr\/507099\/"},"modified":"2025-11-02T16:43:29","modified_gmt":"2025-11-02T16:43:29","slug":"les-couts-de-production-en-france-ne-sont-plus-competitifs-martele-le-patron-de-michelin","status":"publish","type":"post","link":"https:\/\/www.europesays.com\/fr\/507099\/","title":{"rendered":"\u00abLes co\u00fbts de production en France ne sont plus comp\u00e9titifs\u00bb, mart\u00e8le le patron de Michelin"},"content":{"rendered":"<p>\n    \u00abOn parle beaucoup d\u2019une meilleure r\u00e9partition de la richesse, mais on oublie qu\u2019avant de mieux la r\u00e9partir, il faut d\u2019abord la cr\u00e9er\u00bb, avance Florent Menegaux, dans un entretien \u00e0 Ouest-France.<\/p>\n<p class=\"fig-paragraph\">Le\u00a0<a href=\"http:\/\/www.lefigaro.fr\/societes\/aides-aux-entreprises-fermeture-d-usines-licenciements-mis-en-cause-par-complement-d-enquete-michelin-se-defend-20250919\" data-fig-type=\"NewsFlash\" data-gtm-custom-categorie=\"navigation\" data-gtm-custom-action=\"crossclick\" data-gtm-custom-label=\"Contextuel\" data-gtm-event=\"customEventSPE\" data-fig-domain=\"LEFIGARO\" target=\"_blank\" rel=\"noopener\">patron de Michelin persiste et signe<\/a>. Dans un long entretien accord\u00e9 \u00e0 Ouest-France et publi\u00e9 ce week-end, le pr\u00e9sident du groupe tricolore, Florent Menegaux, est revenu sur la fermeture des sites de Cholet et Vannes, et des suppressions de postes associ\u00e9es. L\u2019occasion pour l\u2019homme d\u2019affaires de marteler son message selon lequel \u00ables co\u00fbts de production en France ne sont plus comp\u00e9titifs\u00bb.<\/p>\n<p class=\"fig-paragraph\">\u00abAucun site, o\u00f9 qu\u2019il se trouve dans le monde, n\u2019est p\u00e9renne par nature\u00bb, avance prudemment le pr\u00e9sident de Michelin, qui rappelle que \u00abla situation en Europe reste difficile\u00bb, et la concurrence internationale, rude. Malgr\u00e9 ses freins bien connus, dont un co\u00fbt du travail \u00abd\u00e9raisonnable\u00bb et prohibitif, l\u2019Hexagone peut compter sur de puissants atouts, mais \u00e0 condition de se focaliser sur \u00ables produits \u00e0 forte valeur ajout\u00e9e et sur l\u2019innovation\u00bb, plaide le dirigeant.<\/p>\n<p>                                    <a class=\"fig-a11y-skip a11y-hidden\" href=\"#fig-a11y-skip-main-inarticle\"><br \/>\n        Passer la publicit\u00e9<br \/>\n    <\/a><\/p>\n<p class=\"fig-paragraph\">Les \u00e9lus peuvent agir, y compris dans les d\u00e9bats budg\u00e9taires actuels, ajoute-t-il\u00a0: \u00abLe poids de la d\u00e9pense publique p\u00e8se trop lourdement sur les salaires. [&#8230;] Le poids des taxes p\u00e8se aussi sur nos capacit\u00e9s d\u2019investissement et d\u2019innovation, et affaiblit l\u2019attractivit\u00e9 de la France aux yeux des investisseurs\u00bb. Mieux vaut donc all\u00e9ger la fiscalit\u00e9, insiste Florent Menegaux, pour qui \u00abon parle beaucoup d\u2019une meilleure r\u00e9partition de la richesse, mais on oublie qu\u2019avant de mieux la r\u00e9partir, il faut d\u2019abord la cr\u00e9er\u00bb.<\/p>\n<p class=\"fig-body-link\">\n            \u00c0 lire aussi<br \/>\n        <a class=\"fig-body-link__link fig-premium-mark\" href=\"http:\/\/www.lefigaro.fr\/conjoncture\/l-alerte-de-florent-menegaux-pdg-de-michelin-pour-142-euros-verses-par-une-entreprise-le-salarie-n-en-touche-que-77-5-20250130\" data-fig-type=\"Article\" data-gtm-custom-categorie=\"navigation\" data-gtm-custom-action=\"crossclick\" data-gtm-custom-label=\"Contextuel\" data-gtm-event=\"customEventSPE\" data-fig-domain=\"LEFIGARO\" target=\"_blank\" rel=\"noopener\"><\/p>\n<p>        L\u2019alerte de Florent Menegaux, PDG de Michelin\u00a0: \u00abPour 142 euros vers\u00e9s par une entreprise, le salari\u00e9 n\u2019en touche que 77,5\u00bb<br \/>\n    <\/a>\n<\/p>\n<p class=\"fig-paragraph\">Les inqui\u00e9tudes du pr\u00e9sident de Michelin quant \u00e0 la comp\u00e9titivit\u00e9 tricolore sont exprim\u00e9es de longue date.\u00a0<a href=\"http:\/\/www.lefigaro.fr\/conjoncture\/cout-de-l-energie-cauchemar-administratif-quand-le-patron-de-michelin-s-inquiete-de-la-competitivite-europeenne-20250126\" data-fig-type=\"NewsFlash\" data-gtm-custom-categorie=\"navigation\" data-gtm-custom-action=\"crossclick\" data-gtm-custom-label=\"Contextuel\" data-gtm-event=\"customEventSPE\" data-fig-domain=\"LEFIGARO\" target=\"_blank\" rel=\"noopener\">En janvier dernier<\/a>, au S\u00e9nat, il \u00e9tait revenu sur l\u2019\u00e9pineuse question des augmentations, trop co\u00fbteuses pour les entreprises, et dont une partie seulement revient dans la poche des travailleurs au bout du compte. \u00abOn va prendre 100 euros brut vers\u00e9s en France. Le co\u00fbt moyen pour l\u2019entreprise, c\u2019est 142. Le salari\u00e9, lui, va toucher 77,5. [&#8230;] Les m\u00eames 100 euros, vers\u00e9s en Allemagne, vont co\u00fbter 120 \u00e0 l\u2019entreprise, et le salari\u00e9 va toucher 80. [&#8230;] Au Canada, le co\u00fbt pour l\u2019entreprise, c\u2019est 115, pour le salari\u00e9, c\u2019est 85. Pour la Tha\u00eflande, le co\u00fbt pour l\u2019entreprise, c\u2019est 120, et pour le salari\u00e9, c\u2019est 80\u00bb, avait-il d\u00e9taill\u00e9.<\/p>\n","protected":false},"excerpt":{"rendered":"\u00abOn parle beaucoup d\u2019une meilleure r\u00e9partition de la richesse, mais on oublie qu\u2019avant de mieux la r\u00e9partir, il&hellip;\n","protected":false},"author":2,"featured_media":507100,"comment_status":"","ping_status":"","sticky":false,"template":"","format":"standard","meta":{"footnotes":""},"categories":[4],"tags":[11,19610,1011,27,15479,12,25],"class_list":{"0":"post-507099","1":"post","2":"type-post","3":"status-publish","4":"format-standard","5":"has-post-thumbnail","7":"category-france","8":"tag-actualites","9":"tag-competitivite","10":"tag-fr","11":"tag-france","12":"tag-michelin","13":"tag-news","14":"tag-republique-francaise"},"share_on_mastodon":{"url":"https:\/\/pubeurope.com\/@fr\/115481110294299665","error":""},"_links":{"self":[{"href":"https:\/\/www.europesays.com\/fr\/wp-json\/wp\/v2\/posts\/507099","targetHints":{"allow":["GET"]}}],"collection":[{"href":"https:\/\/www.europesays.com\/fr\/wp-json\/wp\/v2\/posts"}],"about":[{"href":"https:\/\/www.europesays.com\/fr\/wp-json\/wp\/v2\/types\/post"}],"author":[{"embeddable":true,"href":"https:\/\/www.europesays.com\/fr\/wp-json\/wp\/v2\/users\/2"}],"replies":[{"embeddable":true,"href":"https:\/\/www.europesays.com\/fr\/wp-json\/wp\/v2\/comments?post=507099"}],"version-history":[{"count":0,"href":"https:\/\/www.europesays.com\/fr\/wp-json\/wp\/v2\/posts\/507099\/revisions"}],"wp:featuredmedia":[{"embeddable":true,"href":"https:\/\/www.europesays.com\/fr\/wp-json\/wp\/v2\/media\/507100"}],"wp:attachment":[{"href":"https:\/\/www.europesays.com\/fr\/wp-json\/wp\/v2\/media?parent=507099"}],"wp:term":[{"taxonomy":"category","embeddable":true,"href":"https:\/\/www.europesays.com\/fr\/wp-json\/wp\/v2\/categories?post=507099"},{"taxonomy":"post_tag","embeddable":true,"href":"https:\/\/www.europesays.com\/fr\/wp-json\/wp\/v2\/tags?post=507099"}],"curies":[{"name":"wp","href":"https:\/\/api.w.org\/{rel}","templated":true}]}}