{"id":507107,"date":"2025-11-02T16:52:18","date_gmt":"2025-11-02T16:52:18","guid":{"rendered":"https:\/\/www.europesays.com\/fr\/507107\/"},"modified":"2025-11-02T16:52:18","modified_gmt":"2025-11-02T16:52:18","slug":"rc-lens-mercato-une-affaire-en-or-se-profile-a-linter-milan-en-janvier","status":"publish","type":"post","link":"https:\/\/www.europesays.com\/fr\/507107\/","title":{"rendered":"RC Lens Mercato : une affaire en or se profile \u00e0 l\u2019Inter Milan en janvier !"},"content":{"rendered":"<p><strong>Recrut\u00e9 25 millions d\u2019euros par l\u2019Inter Milan cet \u00e9t\u00e9, Andy Diouf (22 ans) vit un d\u00e9but d\u2019aventure cauchemardesque en Italie. \u00c0 peine arriv\u00e9, l\u2019ancien milieu du <a href=\"https:\/\/www.butfootballclub.fr\/625836-rc-lens-un-retour-dans-le-groupe-lensois-pour-affronter-le-fc-lorient\/\" target=\"_blank\" rel=\"noopener\">RC Lens<\/a> pourrait d\u00e9j\u00e0 \u00eatre pri\u00e9 de faire ses valises cet hiver<\/strong> <strong>et ainsi rapporter gros au club art\u00e9sien\u2026<\/strong><\/p>\n<p>C\u2019est un transfert qui pourrait tourner court. Parti du <a href=\"https:\/\/www.butfootballclub.fr\/625782-revue-de-presse-le-rc-lens-secoue-avant-lorient-clauss-sur-le-depart-de-logc-nice\/\" target=\"_blank\" rel=\"noopener\">RC Lens<\/a> cet \u00e9t\u00e9 contre un ch\u00e8que de 25 millions d\u2019euros, Andy Diouf ne s\u2019est toujours pas impos\u00e9 \u00e0 l\u2019Inter Milan. D\u2019apr\u00e8s les informations de La Gazzetta dello Sport, le milieu de terrain de 22 ans pourrait d\u00e9j\u00e0 quitter le club lombard lors du mercato hivernal.<\/p>\n<p>Avec seulement 26 minutes de jeu depuis le d\u00e9but de la saison, Diouf n\u2019entre visiblement pas dans les plans de Cristian Chivu. Son adaptation est jug\u00e9e compliqu\u00e9e, et son manque de rythme inqui\u00e8te d\u00e9j\u00e0 les dirigeants int\u00e9ristes, pourtant s\u00e9duits par son profil \u00e0 la r\u00e9cup\u00e9ration lorsqu\u2019il \u00e9voluait au RC Lens.<\/p>\n<p>Des clubs de Serie A et de Bundesliga surveilleraient sa situation de pr\u00e8s, dans l\u2019espoir de relancer le joueur d\u00e8s janvier. Pour le <a href=\"https:\/\/www.butfootballclub.fr\/625808-rc-lens-sage-a-appris-une-grosse-nouvelle-pour-le-match-conte-monaco\/\" target=\"_blank\" rel=\"noopener\">RC Lens<\/a>, qui avait n\u00e9goci\u00e9 un pourcentage \u00e0 la revente, un d\u00e9part rapide serait un coup de th\u00e9\u00e2tre\u2026 mais aussi une occasion de retomber sur ses pattes financi\u00e8rement.<\/p>\n","protected":false},"excerpt":{"rendered":"Recrut\u00e9 25 millions d\u2019euros par l\u2019Inter Milan cet \u00e9t\u00e9, Andy Diouf (22 ans) vit un d\u00e9but d\u2019aventure cauchemardesque&hellip;\n","protected":false},"author":2,"featured_media":507108,"comment_status":"","ping_status":"","sticky":false,"template":"","format":"standard","meta":{"footnotes":""},"categories":[1410],"tags":[11,448,63,1011,27,66,3388,12,60,10662],"class_list":{"0":"post-507107","1":"post","2":"type-post","3":"status-publish","4":"format-standard","5":"has-post-thumbnail","7":"category-football","8":"tag-actualites","9":"tag-champions-league","10":"tag-football","11":"tag-fr","12":"tag-france","13":"tag-ligue-1","14":"tag-matchs","15":"tag-news","16":"tag-sports","17":"tag-transferts"},"share_on_mastodon":{"url":"https:\/\/pubeurope.com\/@fr\/115481145881416948","error":""},"_links":{"self":[{"href":"https:\/\/www.europesays.com\/fr\/wp-json\/wp\/v2\/posts\/507107","targetHints":{"allow":["GET"]}}],"collection":[{"href":"https:\/\/www.europesays.com\/fr\/wp-json\/wp\/v2\/posts"}],"about":[{"href":"https:\/\/www.europesays.com\/fr\/wp-json\/wp\/v2\/types\/post"}],"author":[{"embeddable":true,"href":"https:\/\/www.europesays.com\/fr\/wp-json\/wp\/v2\/users\/2"}],"replies":[{"embeddable":true,"href":"https:\/\/www.europesays.com\/fr\/wp-json\/wp\/v2\/comments?post=507107"}],"version-history":[{"count":0,"href":"https:\/\/www.europesays.com\/fr\/wp-json\/wp\/v2\/posts\/507107\/revisions"}],"wp:featuredmedia":[{"embeddable":true,"href":"https:\/\/www.europesays.com\/fr\/wp-json\/wp\/v2\/media\/507108"}],"wp:attachment":[{"href":"https:\/\/www.europesays.com\/fr\/wp-json\/wp\/v2\/media?parent=507107"}],"wp:term":[{"taxonomy":"category","embeddable":true,"href":"https:\/\/www.europesays.com\/fr\/wp-json\/wp\/v2\/categories?post=507107"},{"taxonomy":"post_tag","embeddable":true,"href":"https:\/\/www.europesays.com\/fr\/wp-json\/wp\/v2\/tags?post=507107"}],"curies":[{"name":"wp","href":"https:\/\/api.w.org\/{rel}","templated":true}]}}