{"id":507109,"date":"2025-11-02T16:53:15","date_gmt":"2025-11-02T16:53:15","guid":{"rendered":"https:\/\/www.europesays.com\/fr\/507109\/"},"modified":"2025-11-02T16:53:15","modified_gmt":"2025-11-02T16:53:15","slug":"anthony-hopkins-sexprime-sur-sa-fille-abigail-quil-na-pas-vue-depuis-de-nombreuses-annees","status":"publish","type":"post","link":"https:\/\/www.europesays.com\/fr\/507109\/","title":{"rendered":"Anthony Hopkins s\u2019exprime sur sa fille Abigail, qu\u2019il n\u2019a pas vue depuis de nombreuses ann\u00e9es"},"content":{"rendered":"<p class=\"mb-4 text-lg md:leading-8 break-words\"><strong>Conflits familiaux &#8211; L\u2019acteur du \u00ab Silence des agneaux \u00bb est d\u00e9sol\u00e9 de la d\u00e9cision de sa fille de couper les ponts avec lui, mais n\u2019\u00e9prouve pas de ranc\u0153ur<\/strong><\/p>\n<p class=\"mb-4 text-lg md:leading-8 break-words\">Anthony Hopkins et sa fille unique sont f\u00e2ch\u00e9s et ne se sont pas vus depuis de nombreuses ann\u00e9es. Face \u00e0 cette rupture, <a href=\"https:\/\/www.20minutes.fr\/arts-stars\/people\/4071574-20240121-anthony-hopkins-eclate-comme-petit-fou-tiktok?at_medium=RSS%20feed&amp;at_campaign=ynews&amp;utm_source=yahoo&amp;utm_medium=rss&amp;utm_campaign=news_feed&amp;utm_content=in_article_link\" rel=\"nofollow noopener\" target=\"_blank\" data-ylk=\"slk:l\u2019acteur de 87 ans;elm:context_link;itc:0;sec:content-canvas\" class=\"link \">l\u2019acteur de 87 ans<\/a> pr\u00e9f\u00e8re ne pas s\u2019enfermer dans l\u2019amertume et la ranc\u0153ur. Dans son nouveau livre autobiographique intitul\u00e9 We Did Ok, Kid (On s\u2019en est bien sortis, gamin), sorti le 28 octobre, l&rsquo;acteur oscaris\u00e9 aborde la douloureuse question de ses mauvaises relations avec sa fille Abigail, qu\u2019il a eue avec sa premi\u00e8re femme, la com\u00e9dienne britannique Petronella Barker.<\/p>\n<p class=\"mb-4 text-lg md:leading-8 break-words\">Quand un journaliste du <a href=\"https:\/\/www.nytimes.com\/2025\/10\/25\/magazine\/anthony-hopkins-interview.html?at_medium=RSS%20feed&amp;at_campaign=ynews&amp;utm_source=yahoo&amp;utm_medium=rss&amp;utm_campaign=news_feed&amp;utm_content=in_article_link\" rel=\"nofollow noopener\" target=\"_blank\" data-ylk=\"slk:New York Times;elm:context_link;itc:0;sec:content-canvas\" class=\"link \">New York Times<\/a>, qui l\u2019interrogeait sur cette longue f\u00e2cherie, lui a demand\u00e9 si sa fille avait lu son livre, l\u2019acteur a bott\u00e9 en touche, r\u00e9pondant qu\u2019il ne voulait pas la blesser.<\/p>\n<p>Pas de ranc\u0153ur<\/p>\n<p class=\"mb-4 text-lg md:leading-8 break-words\">Bless\u00e9, le <a href=\"https:\/\/www.20minutes.fr\/arts-stars\/cinema\/3019155-20210412-avant-oscars-nomadland-triomphe-bafta-anthony-hopkins-sacre-meilleur-acteur?at_medium=RSS%20feed&amp;at_campaign=ynews&amp;utm_source=yahoo&amp;utm_medium=rss&amp;utm_campaign=news_feed&amp;utm_content=in_article_link\" rel=\"nofollow noopener\" target=\"_blank\" data-ylk=\"slk:com\u00e9dien multir\u00e9compens\u00e9;elm:context_link;itc:0;sec:content-canvas\" class=\"link \">com\u00e9dien multir\u00e9compens\u00e9<\/a> avoue que lui, il ne l\u2019est pas vraiment, prenant soin de ne pas se complaire dans la d\u00e9lectation morose. Et il a invit\u00e9 sa fille \u00e0 en faire autant. \u00ab Parfois, les gens sont bless\u00e9s. Parfois, nous sommes bless\u00e9s. Mais on ne peut pas vivre comme \u00e7a. Il faut se dire : \u00ab\u00a0Passe \u00e0 autre chose\u00a0\u00bb. Et si elle n\u2019y arrive pas, tant pis, bonne chance. Je ne la juge pas. Mais j\u2019ai fait ce que j\u2019ai pu. Voil\u00e0. C\u2019est tout ce que j\u2019ai \u00e0 dire \u00bb, a-t-il expliqu\u00e9. \u00ab Si tu veux perdre ton temps avec du ressentiment, vas-y ! \u00c7a n\u2019est pas mon truc. J\u2019aurais pu garder de la ranc\u0153ur, mais c\u2019est la mort \u00bb.<\/p>\n<p class=\"mb-4 text-lg md:leading-8 break-words\">Anthony Hopkins a cependant tent\u00e9 de renouer avec la musicienne et actrice, n\u00e9e en 1968. \u00ab Ma femme, Stella, lui a envoy\u00e9 une invitation pour venir nous voir. Pas un(&#8230;)<\/p>\n<p class=\"mb-4 text-lg md:leading-8 break-words\"><a href=\"https:\/\/www.20minutes.fr\/arts-stars\/people\/4182790-20251102-anthony-hopkins-exprime-fille-abigail-vue-depuis-nombreuses-annees?at_medium=RSS%20feed&amp;at_campaign=ynews&amp;utm_source=yahoo&amp;utm_medium=rss&amp;utm_campaign=news_feed&amp;utm_content=read_more_link&quot;\" rel=\"nofollow noopener\" target=\"_blank\" data-ylk=\"slk:Lire la suite sur 20minutes;elm:context_link;itc:0;sec:content-canvas\" class=\"link \">Lire la suite sur 20minutes<\/a><\/p>\n<p>\u00c0 lire aussi :<br \/><a href=\"https:\/\/www.20minutes.fr\/arts-stars\/people\/4181393-20251026-dakota-johnson-va-realiser-premier-long-metrage?at_medium=RSS%20feed&amp;at_campaign=ynews&amp;utm_source=yahoo&amp;utm_medium=rss&amp;utm_campaign=news_feed&amp;utm_content=related_content_link\" rel=\"nofollow noopener\" target=\"_blank\" data-ylk=\"slk:Dakota Johnson va r\u00e9aliser son premier long-m\u00e9trage;elm:context_link;itc:0;sec:content-canvas\" class=\"link \">Dakota Johnson va r\u00e9aliser son premier long-m\u00e9trage<\/a><\/p>\n","protected":false},"excerpt":{"rendered":"Conflits familiaux &#8211; L\u2019acteur du \u00ab Silence des agneaux \u00bb est d\u00e9sol\u00e9 de la d\u00e9cision de sa fille&hellip;\n","protected":false},"author":2,"featured_media":507110,"comment_status":"","ping_status":"","sticky":false,"template":"","format":"standard","meta":{"footnotes":""},"categories":[1359],"tags":[62892,62891,58,59,195,1011,27,13466,973,62890],"class_list":{"0":"post-507109","1":"post","2":"type-post","3":"status-publish","4":"format-standard","5":"has-post-thumbnail","7":"category-people","8":"tag-anthony-hopkins","9":"tag-conflits-familiaux","10":"tag-divertissement","11":"tag-entertainment","12":"tag-fille","13":"tag-fr","14":"tag-france","15":"tag-lacteur","16":"tag-people","17":"tag-silence-des-agneaux"},"share_on_mastodon":{"url":"https:\/\/pubeurope.com\/@fr\/115481149843255000","error":""},"_links":{"self":[{"href":"https:\/\/www.europesays.com\/fr\/wp-json\/wp\/v2\/posts\/507109","targetHints":{"allow":["GET"]}}],"collection":[{"href":"https:\/\/www.europesays.com\/fr\/wp-json\/wp\/v2\/posts"}],"about":[{"href":"https:\/\/www.europesays.com\/fr\/wp-json\/wp\/v2\/types\/post"}],"author":[{"embeddable":true,"href":"https:\/\/www.europesays.com\/fr\/wp-json\/wp\/v2\/users\/2"}],"replies":[{"embeddable":true,"href":"https:\/\/www.europesays.com\/fr\/wp-json\/wp\/v2\/comments?post=507109"}],"version-history":[{"count":0,"href":"https:\/\/www.europesays.com\/fr\/wp-json\/wp\/v2\/posts\/507109\/revisions"}],"wp:featuredmedia":[{"embeddable":true,"href":"https:\/\/www.europesays.com\/fr\/wp-json\/wp\/v2\/media\/507110"}],"wp:attachment":[{"href":"https:\/\/www.europesays.com\/fr\/wp-json\/wp\/v2\/media?parent=507109"}],"wp:term":[{"taxonomy":"category","embeddable":true,"href":"https:\/\/www.europesays.com\/fr\/wp-json\/wp\/v2\/categories?post=507109"},{"taxonomy":"post_tag","embeddable":true,"href":"https:\/\/www.europesays.com\/fr\/wp-json\/wp\/v2\/tags?post=507109"}],"curies":[{"name":"wp","href":"https:\/\/api.w.org\/{rel}","templated":true}]}}