{"id":507126,"date":"2025-11-02T17:06:15","date_gmt":"2025-11-02T17:06:15","guid":{"rendered":"https:\/\/www.europesays.com\/fr\/507126\/"},"modified":"2025-11-02T17:06:15","modified_gmt":"2025-11-02T17:06:15","slug":"a-mar-a-lago-le-theme-de-la-soiree-halloween-de-donald-trump-passe-mal-en-plein-shutdown","status":"publish","type":"post","link":"https:\/\/www.europesays.com\/fr\/507126\/","title":{"rendered":"\u00c0 Mar-a-Lago, le th\u00e8me de la soir\u00e9e Halloween de Donald Trump passe mal en plein \u00ab\u00a0shutdown\u00a0\u00bb"},"content":{"rendered":"<p>        <img decoding=\"async\" loading=\"lazy\" src=\"https:\/\/www.europesays.com\/fr\/wp-content\/uploads\/2025\/11\/3fd708a_upload-1-z50lxmgu4iij-afp-20251101-82p23k4-v1-highres-uspoliticstrump.jpg\"  width=\"728\" height=\"409\" alt=\"Donald Trump, ici pr\u00e9sent lors d\u2019une f\u00eate d\u2019Halloween \u00e0 sa r\u00e9sidence de Mar-a-Lago \u00e0 Palm Beach, en Floride, le 31\u00a0octobre 2025.\"\/>  <\/p>\n<p>ROBERTO SCHMIDT \/ AFP<\/p>\n<p>Donald Trump, ici pr\u00e9sent lors d\u2019une f\u00eate d\u2019Halloween \u00e0 sa r\u00e9sidence de Mar-a-Lago \u00e0 Palm Beach, en Floride, le 31\u00a0octobre 2025.<\/p>\n<p class=\"asset asset-text\">\u00c9TATS-UNIS &#8211; Le timing n\u2019est pas heureux, c\u2019est le moins que l\u2019on puisse dire. Quelques heures seulement avant que pr\u00e8s de 42\u00a0millions d\u2019Am\u00e9ricains <a href=\"https:\/\/www.huffingtonpost.fr\/international\/article\/etats-unis-un-mois-apres-le-shutdown-va-cette-fois-penaliser-directement-les-americains_256620.html\" target=\"_blank\" rel=\"noopener\">ne perdent leurs allocations au Programme d\u2019aide alimentaire<\/a> (SNAP), \u00e0 cause de la paralysie budg\u00e9taire (\u00ab\u00a0shutdown\u00a0\u00bb) actuelle, <a href=\"https:\/\/www.huffingtonpost.fr\/international\/video\/etats-unis-canada-les-excuses-du-premier-ministre-canadien-a-trump-vexe-par-une-pub-de-l-ontario_256651.html\" target=\"_blank\" rel=\"noopener\">Donald Trump<\/a> donnait une f\u00eate d\u2019<a href=\"https:\/\/www.huffingtonpost.fr\/people\/article\/heidi-klum-ed-sheeran-ces-stars-ont-tout-donne-pour-leur-costume-d-halloween_256652.html\" target=\"_blank\" rel=\"noopener\">Halloween<\/a> dans sa r\u00e9sidence de Mar-a-Lago, en Floride. Le th\u00e8me choisi\u00a0? L\u2019univers de Gatsby le Magnifique, avec tout le faste qui va avec.<\/p>\n<p class=\"asset asset-text\">La Maison Blanche a mis en avant pour l\u2019occasion la chanson Une petite f\u00eate n\u2019a jamais tu\u00e9\u00a0personne (A little party never killed nobody), tir\u00e9e de l\u2019adaptation cin\u00e9matographique de 2013 du roman de F. Scott Fitzgerald. L\u2019ouvrage, paru en 1925, est c\u00e9l\u00e9br\u00e9 \u00e0 travers le temps par les sp\u00e9cialistes de la litt\u00e9rature pour sa description des divisions de richesse et de classe qui ont marqu\u00e9 l\u2019Am\u00e9rique \u00e0 cette \u00e9poque.<\/p>\n<p class=\"asset asset-text\">Les invit\u00e9s, eux, portaient des tenues typiques des ann\u00e9es 1920, tandis que Marco Rubio, le secr\u00e9taire d\u2019\u00c9tat des \u00c9tats-Unis, ou Ivanka Trump, la fille du pr\u00e9sident, ont \u00e9t\u00e9 vus en train d\u2019accueillir une partie des invit\u00e9s.<\/p>\n<p>    \u00ab\u00a0Il se fiche compl\u00e8tement de vous\u00a0\u00bb    <\/p>\n<p class=\"asset asset-text\"><a href=\"https:\/\/abcnews.go.com\/Politics\/trump-hosted-great-gatsby-halloween-party-hours-snap\/story?id=127091016&amp;cid=social_twitter_abcn\" target=\"_blank\" rel=\"noopener\" title=\"Nouvelle fen\u00eatre\">Comme le note le m\u00e9dia am\u00e9ricain ABC News<\/a>, plusieurs d\u00e9mocrates ont critiqu\u00e9 le choix du th\u00e8me de la soir\u00e9e, alors que des dizaines de millions d\u2019Am\u00e9ricains sont directement impact\u00e9s par les effets du \u00ab\u00a0shutdown\u00a0\u00bb.<\/p>\n<p class=\"asset asset-text\">\u00ab\u00a0Hier soir, Trump a encore plus clairement d\u00e9montr\u00e9 qu\u2019il se fichait \u00e9perdument de tout le monde sauf de lui-m\u00eame et de ses amis fortun\u00e9s\u00a0\u00bb, a ainsi d\u00e9clar\u00e9 le pr\u00e9sident du Comit\u00e9 national d\u00e9mocrate, Ken Martin. \u00ab\u00a0Il se fiche compl\u00e8tement de vous\u00a0\u00bb, a abond\u00e9 sur X le gouverneur de Californie, <a href=\"https:\/\/www.huffingtonpost.fr\/international\/article\/pour-se-moquer-de-trump-le-democrate-gavin-newsom-imite-ses-tweets-et-detourne-son-slogan-maga_253975.html\" target=\"_blank\" rel=\"noopener\">Gavin Newsom<\/a>.<\/p>\n<p> La lecture de ce contenu est susceptible d\u2019entra\u00eener un d\u00e9p\u00f4t de cookies de la part de l\u2019op\u00e9rateur tiers qui l\u2019h\u00e9berge. Compte-tenu des choix que vous avez exprim\u00e9s en mati\u00e8re de d\u00e9p\u00f4t de cookies, nous avons bloqu\u00e9 l\u2019affichage de ce contenu. Si vous souhaitez y acc\u00e9der, vous devez accepter la cat\u00e9gorie de cookies \u201cContenus tiers\u201d en cliquant sur le bouton ci-dessous. <\/p>\n<p> Lire la Vid\u00e9o        <\/p>\n<p class=\"asset asset-text\">\u00ab\u00a0La fa\u00e7on dont il (Donald Trump) affiche son inhumanit\u00e9 au grand jour ne cesse de me stup\u00e9fier\u00a0\u00bb, a lui \u00e9crit le s\u00e9nateur du Connecticut Chris Murphy, sur le m\u00eame r\u00e9seau social.<\/p>\n<p class=\"asset asset-text\">La porte-parole de la Maison Blanche, Anna Kelly, a balay\u00e9 ces critiques samedi dans un communiqu\u00e9\u00a0: \u00ab\u00a0Ces d\u00e9mocrates racontent n\u2019importe quoi. Le pr\u00e9sident Trump a constamment exhort\u00e9 (les d\u00e9mocrates) \u00e0 faire ce qu\u2019il faut et \u00e0 rouvrir le gouvernement, ce qu\u2019ils pourraient faire \u00e0 tout moment.\u00a0\u00bb Chaque camp estime que l\u2019autre est responsable de la paralysie budg\u00e9taire.<\/p>\n","protected":false},"excerpt":{"rendered":"ROBERTO SCHMIDT \/ AFP Donald Trump, ici pr\u00e9sent lors d\u2019une f\u00eate d\u2019Halloween \u00e0 sa r\u00e9sidence de Mar-a-Lago \u00e0&hellip;\n","protected":false},"author":2,"featured_media":507127,"comment_status":"","ping_status":"","sticky":false,"template":"","format":"standard","meta":{"footnotes":""},"categories":[5],"tags":[55322,11,73,1011,27,20815,14,78,12,28],"class_list":{"0":"post-507126","1":"post","2":"type-post","3":"status-publish","4":"format-standard","5":"has-post-thumbnail","7":"category-international","8":"tag-shutdown","9":"tag-actualites","10":"tag-etats-unis","11":"tag-fr","12":"tag-france","13":"tag-halloween","14":"tag-international","15":"tag-maison-blanche","16":"tag-news","17":"tag-world"},"share_on_mastodon":{"url":"","error":""},"_links":{"self":[{"href":"https:\/\/www.europesays.com\/fr\/wp-json\/wp\/v2\/posts\/507126","targetHints":{"allow":["GET"]}}],"collection":[{"href":"https:\/\/www.europesays.com\/fr\/wp-json\/wp\/v2\/posts"}],"about":[{"href":"https:\/\/www.europesays.com\/fr\/wp-json\/wp\/v2\/types\/post"}],"author":[{"embeddable":true,"href":"https:\/\/www.europesays.com\/fr\/wp-json\/wp\/v2\/users\/2"}],"replies":[{"embeddable":true,"href":"https:\/\/www.europesays.com\/fr\/wp-json\/wp\/v2\/comments?post=507126"}],"version-history":[{"count":0,"href":"https:\/\/www.europesays.com\/fr\/wp-json\/wp\/v2\/posts\/507126\/revisions"}],"wp:featuredmedia":[{"embeddable":true,"href":"https:\/\/www.europesays.com\/fr\/wp-json\/wp\/v2\/media\/507127"}],"wp:attachment":[{"href":"https:\/\/www.europesays.com\/fr\/wp-json\/wp\/v2\/media?parent=507126"}],"wp:term":[{"taxonomy":"category","embeddable":true,"href":"https:\/\/www.europesays.com\/fr\/wp-json\/wp\/v2\/categories?post=507126"},{"taxonomy":"post_tag","embeddable":true,"href":"https:\/\/www.europesays.com\/fr\/wp-json\/wp\/v2\/tags?post=507126"}],"curies":[{"name":"wp","href":"https:\/\/api.w.org\/{rel}","templated":true}]}}