{"id":507130,"date":"2025-11-02T17:08:17","date_gmt":"2025-11-02T17:08:17","guid":{"rendered":"https:\/\/www.europesays.com\/fr\/507130\/"},"modified":"2025-11-02T17:08:17","modified_gmt":"2025-11-02T17:08:17","slug":"lex-ministre-guillaume-kasbarian-assume-le-record-dexpulsions-locatives-et-provoque-un-tolle","status":"publish","type":"post","link":"https:\/\/www.europesays.com\/fr\/507130\/","title":{"rendered":"L\u2019ex-ministre Guillaume Kasbarian \u00ab\u00a0assume le record\u00a0\u00bb d\u2019expulsions locatives, et provoque un toll\u00e9"},"content":{"rendered":"<p>        <img decoding=\"async\" loading=\"lazy\" src=\"https:\/\/www.europesays.com\/fr\/wp-content\/uploads\/2025\/10\/a348c64_1712874140792-000-34nc4jp.jpg\"  width=\"728\" height=\"409\" alt=\"Guillaume Kasbarian photographi\u00e9 \u00e0 l\u2019Assembl\u00e9e nationale en 2024\u00a0(Photo by Miguel MEDINA \/ AFP)\"\/>  <\/p>\n<p>MIGUEL MEDINA \/ AFP<\/p>\n<p>Guillaume Kasbarian photographi\u00e9 \u00e0 l\u2019Assembl\u00e9e nationale en 2024\u00a0(Photo by Miguel MEDINA \/ AFP)<\/p>\n<p class=\"asset asset-text\">POLITIQUE &#8211; Pr\u00e8s de 25\u00a0000\u00a0m\u00e9nages expuls\u00e9s de leur logement et Guillaume Kasbarian est content. Sur le r\u00e9seau social X, <a href=\"https:\/\/www.huffingtonpost.fr\/politique\/article\/javier-milei-a-recu-les-felicitations-de-l-extreme-droite-francaise-et-de-ce-depute-renaissance_256456.html\" target=\"_blank\" rel=\"noopener\">l\u2019admirateur de Javier Milei<\/a> et d\u2019<a href=\"https:\/\/www.huffingtonpost.fr\/politique\/article\/guillaume-kasbarian-ne-voit-pas-le-probleme-avec-son-tweet-de-felicitations-a-elon-musk_242279.html\" target=\"_blank\" rel=\"noopener\">Elon Musk<\/a> (qui si\u00e8ge toujours au sein du groupe Renaissance \u00e0 l\u2019Assembl\u00e9e), a encore fait parler de lui. Cette fois, c\u2019est une r\u00e9action aux propos de Christophe Robert, pr\u00e9sident de la Fondation pour le logement des d\u00e9favoris\u00e9s, qui a attir\u00e9 l\u2019attention.<\/p>\n<p class=\"asset asset-text\">Invit\u00e9 sur franceinfo samedi 1er\u00a0novembre, le responsable associatif d\u00e9plorait les effets de <a href=\"https:\/\/www.huffingtonpost.fr\/politique\/article\/guillaume-kasbarian-nomme-ministre-du-logement-une-provocation-et-une-honte-pour-ses-detracteurs_229554.html\" target=\"_blank\" rel=\"noopener\">la loi dite \u00ab\u00a0antisquat\u00a0\u00bb<\/a> sur l\u2019acc\u00e8s au logement. Selon Christophe Robert, l\u2019approche \u00ab\u00a0plus s\u00e9curitaire que pr\u00e9ventive\u00a0\u00bb instaur\u00e9 par ce texte port\u00e9 par Aurore Berg\u00e9 et Guillaume Kasbarian accentue le nombre d\u2019expulsions et les drames sociaux qui les accompagnent. \u00ab\u00a0Ce qui n\u2019est pas acceptable (\u2026). Il y a des personnes de plus de 60\u00a0ans, des femmes seules avec enfant qui se retrouvent sans rien\u00a0!\u00a0\u00bb, a-t-il d\u00e9nonc\u00e9.<\/p>\n<p class=\"asset asset-text\">Une situation parfaitement accept\u00e9e par le d\u00e9put\u00e9 d\u2019Eure-et-Loir. \u00ab\u00a0J\u2019assume ce record d\u2019expulsions. La meilleure des pr\u00e9ventions, c\u2019est de payer son loyer. Ce n\u2019est ni aux propri\u00e9taires ni aux contribuables d\u2019assumer le co\u00fbt des impay\u00e9s. On devrait m\u00eame aller plus loin dans le respect de la propri\u00e9t\u00e9 priv\u00e9e et la rapidit\u00e9 des expulsions\u00a0\u00bb, a r\u00e9agi Guillaume Kasbarian. Ce qui a provoqu\u00e9 une avalanche de commentaires indign\u00e9s, notamment \u00e0 gauche.<\/p>\n<p>    \u00ab\u00a0Vous n\u2019avez aucune morale\u00a0\u00bb    <\/p>\n<p class=\"asset asset-text\">\u00ab\u00a0Vous assumez que 350\u00a0000 personnes soient sans domicile, deux fois plus qu\u2019en 2012. Vous \u00eates odieux. Vous n\u2019avez aucune morale. Essayez donc un peu de dormir dehors quelque temps. On verra si vous trouvez votre politique toujours aussi g\u00e9niale\u00a0\u00bb, a d\u00e9nonc\u00e9 le d\u00e9put\u00e9 LFI Pierre-Yves Cadalen, s\u2019appuyant <a href=\"https:\/\/www.leparisien.fr\/societe\/mal-logement-en-france-350-000-personnes-sans-domicile-un-record-03-02-2025-56AEEWYOCRCULLWAY7YGIRTLIM.php\" target=\"_blank\" rel=\"noopener\" title=\"Nouvelle fen\u00eatre\">sur les chiffres de la derni\u00e8re \u00e9tude<\/a> de la Fondation pour le logement des d\u00e9favoris\u00e9s.<\/p>\n<p class=\"asset asset-text\">\u00ab\u00a0Kasbarian ou le visage \u00e0 d\u00e9couvert de la violence des riches. Celui qui admire Musk et Trump assume le record d\u2019expulsions. Il assume d\u2019aggraver encore le sans abrisme alors que 912 personnes sont mortes de la rue l\u2019an dernier. Dont des b\u00e9b\u00e9s et une femme de 93\u00a0ans. Ces gens sont dangereux\u00a0\u00bb, a rench\u00e9ri Mathilde Panot, tandis que le d\u00e9put\u00e9 \u00e9colo Benjamin Lucas range l\u2019\u00e9lu Renaissance dans la case des \u00ab\u00a0mis\u00e9rables politiciens orduriers et malfaisants\u00a0\u00bb. Sans surprise, la satisfaction du d\u00e9put\u00e9 macroniste a aussi fait r\u00e9agir du c\u00f4t\u00e9 de l\u2019association.<\/p>\n<p class=\"asset asset-text\">Charg\u00e9e de mobilisation \u00e0 la Fondation pour le logement des d\u00e9favoris\u00e9s, \u00c9l\u00e9onore Schmitt est \u00e9galement mont\u00e9e au cr\u00e9neau. \u00ab\u00a0Heureusement pour vous la honte ne tue pas. Le mal-logement si. Vivre \u00e0 la rue aussi. 350\u00a0000 personnes sans domicile. 912 morts de la rue. 2\u00a0500 enfants dorment dehors chaque nuit. Sortez de votre confort, passez une nuit \u00e0 la rue, assumez les cons\u00e9quences de vos politiques\u00a0\u00bb , a-t-elle r\u00e9pliqu\u00e9. Manuel Domergue, directeur des \u00e9tudes de cette m\u00eame fondation se demande \u00ab\u00a0comment Guillaume Kasbarian peut-il tomber si bas\u00a0\u00bb.<\/p>\n<p class=\"asset asset-text\">\u00c0 l\u2019appui, <a href=\"https:\/\/medias.amf.asso.fr\/upload\/files\/synthese-etude-expulsion.pdf\" target=\"_blank\" rel=\"noopener\" title=\"Nouvelle fen\u00eatre\">une \u00e9tude r\u00e9alis\u00e9e en 2022<\/a>\u00a0par cette structure.\u00a0Intitul\u00e9e \u00ab\u00a0que deviennent les m\u00e9nages apr\u00e8s l\u2019expulsion\u00a0?\u00a0\u00bb, l\u2019enqu\u00eate montrait qu\u2019entre un et trois ans apr\u00e8s l\u2019expulsion, \u00ab\u00a032\u00a0% des m\u00e9nages n\u2019ont toujours pas retrouv\u00e9 un vrai logement\u00a0et vivent encore \u00e0 l\u2019h\u00f4tel ou chez un tiers\u00a0\u00bb. Toujours selon cette \u00e9tude, \u00ab\u00a029\u00a0% des personnes interrog\u00e9es n\u2019ont pas pu poursuivre leur activit\u00e9 professionnelle \u00e0 cause de l\u2019expulsion\u00a0\u00bb et 71\u00a0% des m\u00e9nages sond\u00e9s ont constat\u00e9 \u00ab\u00a0des probl\u00e8mes de sant\u00e9 ou des difficult\u00e9s psychologiques li\u00e9es \u00e0 l\u2019expulsion\u00a0\u00bb, notamment chez les enfants. Une situation alarmante dont s\u2019accommode volontiers Guillaume Kasbarian.<\/p>\n","protected":false},"excerpt":{"rendered":"MIGUEL MEDINA \/ AFP Guillaume Kasbarian photographi\u00e9 \u00e0 l\u2019Assembl\u00e9e nationale en 2024\u00a0(Photo by Miguel MEDINA \/ AFP) POLITIQUE&hellip;\n","protected":false},"author":2,"featured_media":493351,"comment_status":"","ping_status":"","sticky":false,"template":"","format":"standard","meta":{"footnotes":""},"categories":[2],"tags":[11,1011,27,1908,12,316,3370,15317],"class_list":{"0":"post-507130","1":"post","2":"type-post","3":"status-publish","4":"format-standard","5":"has-post-thumbnail","7":"category-actualites","8":"tag-actualites","9":"tag-fr","10":"tag-france","11":"tag-logement","12":"tag-news","13":"tag-politique","14":"tag-renaissance","15":"tag-sans-abri"},"share_on_mastodon":{"url":"https:\/\/pubeurope.com\/@fr\/115481209755152809","error":""},"_links":{"self":[{"href":"https:\/\/www.europesays.com\/fr\/wp-json\/wp\/v2\/posts\/507130","targetHints":{"allow":["GET"]}}],"collection":[{"href":"https:\/\/www.europesays.com\/fr\/wp-json\/wp\/v2\/posts"}],"about":[{"href":"https:\/\/www.europesays.com\/fr\/wp-json\/wp\/v2\/types\/post"}],"author":[{"embeddable":true,"href":"https:\/\/www.europesays.com\/fr\/wp-json\/wp\/v2\/users\/2"}],"replies":[{"embeddable":true,"href":"https:\/\/www.europesays.com\/fr\/wp-json\/wp\/v2\/comments?post=507130"}],"version-history":[{"count":0,"href":"https:\/\/www.europesays.com\/fr\/wp-json\/wp\/v2\/posts\/507130\/revisions"}],"wp:featuredmedia":[{"embeddable":true,"href":"https:\/\/www.europesays.com\/fr\/wp-json\/wp\/v2\/media\/493351"}],"wp:attachment":[{"href":"https:\/\/www.europesays.com\/fr\/wp-json\/wp\/v2\/media?parent=507130"}],"wp:term":[{"taxonomy":"category","embeddable":true,"href":"https:\/\/www.europesays.com\/fr\/wp-json\/wp\/v2\/categories?post=507130"},{"taxonomy":"post_tag","embeddable":true,"href":"https:\/\/www.europesays.com\/fr\/wp-json\/wp\/v2\/tags?post=507130"}],"curies":[{"name":"wp","href":"https:\/\/api.w.org\/{rel}","templated":true}]}}