{"id":507131,"date":"2025-11-02T17:09:14","date_gmt":"2025-11-02T17:09:14","guid":{"rendered":"https:\/\/www.europesays.com\/fr\/507131\/"},"modified":"2025-11-02T17:09:14","modified_gmt":"2025-11-02T17:09:14","slug":"firminy-quatre-mois-de-travaux-sur-le-reseau-de-chaleur-et-des-perturbations-a-prevoir","status":"publish","type":"post","link":"https:\/\/www.europesays.com\/fr\/507131\/","title":{"rendered":"Firminy. Quatre mois de travaux sur le r\u00e9seau de chaleur et des perturbations \u00e0 pr\u00e9voir"},"content":{"rendered":"<p>Apr\u00e8s des travaux <a href=\"https:\/\/www.leprogres.fr\/societe\/2025\/07\/03\/reseau-de-chaleur-pourquoi-des-travaux-sont-menes-jusqu-au-8-aout\" target=\"_blank\" rel=\"nofollow noopener\">autour de la place du Breuil<\/a> durant l\u2019\u00e9t\u00e9, le r\u00e9seau de chaleur s\u2019\u00e9tend d\u00e9sormais pr\u00e8s du boulevard Fayol. Comme attendu, Saint-\u00c9tienne M\u00e9tropole va raccorder de nouveaux logements d\u2019Habitat et M\u00e9tropole cet automne et cet hiver. Quatre mois de travaux sont pr\u00e9vus d\u00e8s ce lundi 3\u00a0novembre, sous r\u00e9serve de conditions m\u00e9t\u00e9o et d\u2019un calendrier favorables.<\/p>\n<p>  La circulation et le stationnement seront impact\u00e9s<\/p>\n<p>Jusqu\u2019\u00e0 la fin de l\u2019ann\u00e9e, la rue du Lyc\u00e9e-Jacob-Holtzer sera la premi\u00e8re \u00e0 \u00eatre concern\u00e9e suivie du boulevard de la Rochette (d\u00e9cembre et janvier) puis du chemin du B\u00e9al (janvier et f\u00e9vrier). Sur les voies, le tra\u00e7age pour les tranch\u00e9es, entre autres, a d\u00e9j\u00e0 \u00e9t\u00e9 effectu\u00e9. Des perturbations de circulation sont \u00e0 pr\u00e9voir dans ces zones r\u00e9sidentielles et qui peuvent servir de d\u00e9lestage pour les v\u00e9hicules lorsque le carrefour entre la rue Jean-Jaur\u00e8s et boulevard Fayol est encombr\u00e9. Des d\u00e9viations seront mises en place et des places de stationnement supprim\u00e9es temporairement tandis que l\u2019acc\u00e8s aux habitations et le cheminement des pi\u00e9tons seront maintenus.<\/p>\n<p>Ce contenu est bloqu\u00e9 car vous n&rsquo;avez pas accept\u00e9 les cookies et autres traceurs.<\/p>\n<p>En cliquant sur \u00ab J\u2019accepte \u00bb, les cookies et autres traceurs seront d\u00e9pos\u00e9s et vous pourrez visualiser les contenus  (<a href=\"\" class=\"consentModule_policy\" target=\"_blank\" title=\"Consulter la politique de protection des donn\u00e9es du fournisseur\">plus d&rsquo;informations<\/a>).<\/p>\n<p>En cliquant sur \u00ab J\u2019accepte tous les cookies \u00bb, vous autorisez des d\u00e9p\u00f4ts de cookies et autres traceurs pour le stockage de vos donn\u00e9es sur nos sites et applications \u00e0 des fins de personnalisation et de ciblage publicitaire.<\/p>\n<p class=\"consentModule_secondaryText\">Vous gardez la possibilit\u00e9 de retirer votre consentement \u00e0 tout moment en consultant notre <a href=\"https:\/\/www.leprogres.fr\/protection-des-donnees\" target=\"_blank\" title=\"Consulter notre politique de protection des donn\u00e9es\" rel=\"nofollow noopener\">politique de protection des donn\u00e9es<\/a>. <br \/>&#13;<br \/>\n            <a href=\"https:\/\/www.leprogres.fr\/environnement\/2025\/11\/02\/javascript:Didomi.notice.show()\" class=\"consentModule_cmp\" rel=\"nofollow noopener\" target=\"_blank\">G\u00e9rer mes choix<\/a>&#13;\n        <\/p>\n<p>&#13;<br \/>\n                        J&rsquo;accepte&#13;<br \/>\n            J&rsquo;accepte tous les cookies&#13;\n        <\/p>\n<p>La rue devant le lyc\u00e9e et le GM2 sera progressivement ferm\u00e9e. Les v\u00e9hicules montant la rue Raspail seront d\u00e9vi\u00e9s rue Marcellin-Berthellot, qui sera donc emprunt\u00e9e dans un seul sens, celui de la descente en direction des rues Courbon-Brioude, puis Denfert-Rochereau pour arriver \u00e0 c\u00f4t\u00e9 de la m\u00e9diath\u00e8que. Depuis la rue de l\u2019Orphelinat (au-dessus du Majestic), les usagers ne pourront que remonter par les rues de B\u00e9naud et Michel, \u00e0 droite du lyc\u00e9e. Le boulevard de la Rochette sera totalement ferm\u00e9 pendant les deux mois de chantier tandis que le chemin du B\u00e9al le sera en deux temps, entre les impasses du Bief et du Bassin.<\/p>\n<p>  L\u2019\u00e9quivalent de 6\u00a0000 logements raccord\u00e9s et un r\u00e9seau vieillissant<\/p>\n<p>Chaque \u00e9t\u00e9 depuis 2018, Saint-\u00c9tienne M\u00e9tropole renouvelle une partie des 13\u00a0km du r\u00e9seau de chauffage urbain de Firminy. Le r\u00e9seau, qui date de 1959, est \u00ab\u00a0vieillissant\u00a0\u00bb, reconnaissait SEM il y a quelques mois. Les travaux visent \u00e0 limiter les pertes, dues \u00e0 des casses sur les canalisations. De plus en plus de fuites \u00e9taient \u00e9galement constat\u00e9es.<\/p>\n<p>Apr\u00e8s la rue du March\u00e9 en 2023, la rue de l\u2019\u00c9ternit\u00e9, la mont\u00e9e du Calvaire et le parking de l\u2019h\u00f4pital en 2022 notamment, l\u2019extension a \u00e9t\u00e9 men\u00e9e durant l\u2019\u00e9t\u00e9 dans les rues de la Paix, Beno\u00eet-Frachon, Robert-Plotton et la contre-all\u00e9e ouest du Breuil, entre l\u2019h\u00f4tel de ville et l\u2019\u00e9glise Saint-Firmin. Ce chantier men\u00e9 apr\u00e8s celui de la r\u00e9fection de la rue du March\u00e9 avait <a href=\"https:\/\/www.leprogres.fr\/economie\/2025\/07\/19\/travaux-de-la-rue-du-marche-les-commercants-pleurent-les-passants-ravis\" target=\"_blank\" rel=\"nofollow noopener\">perturb\u00e9 la circulation et impact\u00e9 l\u2019activit\u00e9 des commer\u00e7ants<\/a> , assuraient-ils.<\/p>\n<p>Le r\u00e9seau de chaleur, initialement cr\u00e9\u00e9 pour desservir Firminy-Vert, permet actuellement d\u2019alimenter l\u2019\u00e9quivalent de 6\u00a0000 logements \u00e0 plus de 50\u00a0% d\u2019\u00e9nergies renouvelables, pr\u00e8s de 140 b\u00e2timents de la commune. Environ la moiti\u00e9 est constitu\u00e9e d\u2019immeubles de logements, 10\u00a0% d\u2019\u00e9tablissements de sant\u00e9, 10\u00a0% d\u2019\u00e9tablissements scolaires et 30\u00a0% d\u2019autres b\u00e2timents du secteur tertiaire.<\/p>\n","protected":false},"excerpt":{"rendered":"Apr\u00e8s des travaux autour de la place du Breuil durant l\u2019\u00e9t\u00e9, le r\u00e9seau de chaleur s\u2019\u00e9tend d\u00e9sormais pr\u00e8s&hellip;\n","protected":false},"author":2,"featured_media":507132,"comment_status":"","ping_status":"","sticky":false,"template":"","format":"standard","meta":{"footnotes":""},"categories":[9653],"tags":[1111,11,2430,7539,436,1777,674,10282,10283,1011,27,12,25,4001,104],"class_list":{"0":"post-507131","1":"post","2":"type-post","3":"status-publish","4":"format-standard","5":"has-post-thumbnail","7":"category-saint-etienne","8":"tag-actu","9":"tag-actualites","10":"tag-auvergne-rhone-alpes","11":"tag-edition-loire-sud","12":"tag-environnement","13":"tag-eu","14":"tag-europe","15":"tag-firminy","16":"tag-firminy-ville","17":"tag-fr","18":"tag-france","19":"tag-news","20":"tag-republique-francaise","21":"tag-saint-etienne","22":"tag-societe"},"share_on_mastodon":{"url":"https:\/\/pubeurope.com\/@fr\/115481212686211556","error":""},"_links":{"self":[{"href":"https:\/\/www.europesays.com\/fr\/wp-json\/wp\/v2\/posts\/507131","targetHints":{"allow":["GET"]}}],"collection":[{"href":"https:\/\/www.europesays.com\/fr\/wp-json\/wp\/v2\/posts"}],"about":[{"href":"https:\/\/www.europesays.com\/fr\/wp-json\/wp\/v2\/types\/post"}],"author":[{"embeddable":true,"href":"https:\/\/www.europesays.com\/fr\/wp-json\/wp\/v2\/users\/2"}],"replies":[{"embeddable":true,"href":"https:\/\/www.europesays.com\/fr\/wp-json\/wp\/v2\/comments?post=507131"}],"version-history":[{"count":0,"href":"https:\/\/www.europesays.com\/fr\/wp-json\/wp\/v2\/posts\/507131\/revisions"}],"wp:featuredmedia":[{"embeddable":true,"href":"https:\/\/www.europesays.com\/fr\/wp-json\/wp\/v2\/media\/507132"}],"wp:attachment":[{"href":"https:\/\/www.europesays.com\/fr\/wp-json\/wp\/v2\/media?parent=507131"}],"wp:term":[{"taxonomy":"category","embeddable":true,"href":"https:\/\/www.europesays.com\/fr\/wp-json\/wp\/v2\/categories?post=507131"},{"taxonomy":"post_tag","embeddable":true,"href":"https:\/\/www.europesays.com\/fr\/wp-json\/wp\/v2\/tags?post=507131"}],"curies":[{"name":"wp","href":"https:\/\/api.w.org\/{rel}","templated":true}]}}