{"id":507133,"date":"2025-11-02T17:10:14","date_gmt":"2025-11-02T17:10:14","guid":{"rendered":"https:\/\/www.europesays.com\/fr\/507133\/"},"modified":"2025-11-02T17:10:14","modified_gmt":"2025-11-02T17:10:14","slug":"lasco-des-vidanges-de-saint-etienne-du-gres-prepare-sa-prochaine-assemblee-generale","status":"publish","type":"post","link":"https:\/\/www.europesays.com\/fr\/507133\/","title":{"rendered":"L\u2019ASCO des Vidanges de Saint-\u00c9tienne-du-Gr\u00e8s pr\u00e9pare sa prochaine assembl\u00e9e g\u00e9n\u00e9rale"},"content":{"rendered":"<p>L\u2019Association syndicale constitu\u00e9e d\u2019office (ASCO) des vidanges de <a href=\"https:\/\/www.laprovence.com\/article\/region\/6465424285506314\/a-saint-etienne-du-gres-le-projet-de-renovation-de-notre-dame-du-chateau-enfin-sur-les-rails\" target=\"_blank\" rel=\"noopener\">Saint-\u00c9tienne-du-Gr\u00e8s<\/a> assure depuis de nombreuses ann\u00e9es l\u2019entretien et la gestion des canaux d\u2019\u00e9vacuation des eaux de ressuage pr\u00e9sents sur le territoire communal. Pr\u00e8s de 21 kilom\u00e8tres de roubines et d\u2019ouvrages hydrauliques sont ainsi entretenus tout au long de l\u2019ann\u00e9e afin de permettre l\u2019\u00e9vacuation des eaux de ruissellement, d\u2019arrosage ou de pluie vers les canaux collecteurs principaux tels que le Vigueirat ou la Faubourguette.<\/p>\n<p>Ce r\u00e9seau joue un r\u00f4le essentiel dans l\u2019\u00e9quilibre hydraulique du territoire, la s\u00e9curit\u00e9 des zones habit\u00e9es et le maintien des <a href=\"https:\/\/www.laprovence.com\/article\/region\/45253460422332\/notre-foncier-nourricier-un-dispositif-pour-preserver-les-terres-agricoles-dans-le-pays-d-arles\" target=\"_blank\" rel=\"noopener\">terres agricoles<\/a>. Parce que chacun contribue directement ou indirectement \u00e0 l\u2019\u00e9coulement des eaux sur la commune, tous les propri\u00e9taires de terrains b\u00e2tis ou non b\u00e2tis situ\u00e9s \u00e0 Saint-\u00c9tienne-du-Gr\u00e8s sont membres d\u2019office de l\u2019ASCO. Ils participent ainsi collectivement \u00e0 la gestion d\u2019un patrimoine hydraulique commun, indispensable \u00e0 la protection des sols, \u00e0 la pr\u00e9vention des inondations et au bon fonctionnement des exploitations agricoles.<\/p>\n<p>Une assembl\u00e9e pour dresser le bilan et pr\u00e9parer l\u2019avenir<\/p>\n<p>L\u2019ASCO est administr\u00e9e par un bureau compos\u00e9 de cinq syndics \u00e9lus pour un mandat de six ans. Ces derniers sont charg\u00e9s de la planification des travaux, de la gestion financi\u00e8re et de la coordination avec les services techniques et les usagers.<\/p>\n<p>L\u2019association invite l\u2019ensemble des propri\u00e9taires membres \u00e0 participer \u00e0 ses assembl\u00e9es ordinaire et extraordinaire, qui se tiendront le vendredi 7\u00a0novembre 2025 \u00e0 17h30 \u00e0 la salle des f\u00eates de Saint-\u00c9tienne-du-Gr\u00e8s. L\u2019assembl\u00e9e ordinaire portera notamment sur le rapport d\u2019activit\u00e9 2024, la pr\u00e9sentation du compte rendu financier, ainsi que sur l\u2019\u00e9tude du classement des ouvrages dans le domaine public et divers projets \u00e0 venir. L\u2019assembl\u00e9e extraordinaire aura quant \u00e0 elle pour unique objet la modification des statuts de l\u2019association.<\/p>\n","protected":false},"excerpt":{"rendered":"L\u2019Association syndicale constitu\u00e9e d\u2019office (ASCO) des vidanges de Saint-\u00c9tienne-du-Gr\u00e8s assure depuis de nombreuses ann\u00e9es l\u2019entretien et la gestion&hellip;\n","protected":false},"author":2,"featured_media":507134,"comment_status":"","ping_status":"","sticky":false,"template":"","format":"standard","meta":{"footnotes":""},"categories":[9653],"tags":[17,1111,11,4348,2430,154,1777,674,1011,27,62893,12,5109,12880,16,25,4001,15987,62894],"class_list":{"0":"post-507133","1":"post","2":"type-post","3":"status-publish","4":"format-standard","5":"has-post-thumbnail","7":"category-saint-etienne","8":"tag-17","9":"tag-actu","10":"tag-actualites","11":"tag-assemblee","12":"tag-auvergne-rhone-alpes","13":"tag-des","14":"tag-eu","15":"tag-europe","16":"tag-fr","17":"tag-france","18":"tag-lasco","19":"tag-news","20":"tag-prepare","21":"tag-prochaine","22":"tag-region","23":"tag-republique-francaise","24":"tag-saint-etienne","25":"tag-saint-etienne-du-gres","26":"tag-vidanges"},"share_on_mastodon":{"url":"https:\/\/pubeurope.com\/@fr\/115481216652361636","error":""},"_links":{"self":[{"href":"https:\/\/www.europesays.com\/fr\/wp-json\/wp\/v2\/posts\/507133","targetHints":{"allow":["GET"]}}],"collection":[{"href":"https:\/\/www.europesays.com\/fr\/wp-json\/wp\/v2\/posts"}],"about":[{"href":"https:\/\/www.europesays.com\/fr\/wp-json\/wp\/v2\/types\/post"}],"author":[{"embeddable":true,"href":"https:\/\/www.europesays.com\/fr\/wp-json\/wp\/v2\/users\/2"}],"replies":[{"embeddable":true,"href":"https:\/\/www.europesays.com\/fr\/wp-json\/wp\/v2\/comments?post=507133"}],"version-history":[{"count":0,"href":"https:\/\/www.europesays.com\/fr\/wp-json\/wp\/v2\/posts\/507133\/revisions"}],"wp:featuredmedia":[{"embeddable":true,"href":"https:\/\/www.europesays.com\/fr\/wp-json\/wp\/v2\/media\/507134"}],"wp:attachment":[{"href":"https:\/\/www.europesays.com\/fr\/wp-json\/wp\/v2\/media?parent=507133"}],"wp:term":[{"taxonomy":"category","embeddable":true,"href":"https:\/\/www.europesays.com\/fr\/wp-json\/wp\/v2\/categories?post=507133"},{"taxonomy":"post_tag","embeddable":true,"href":"https:\/\/www.europesays.com\/fr\/wp-json\/wp\/v2\/tags?post=507133"}],"curies":[{"name":"wp","href":"https:\/\/api.w.org\/{rel}","templated":true}]}}