{"id":507135,"date":"2025-11-02T17:11:16","date_gmt":"2025-11-02T17:11:16","guid":{"rendered":"https:\/\/www.europesays.com\/fr\/507135\/"},"modified":"2025-11-02T17:11:16","modified_gmt":"2025-11-02T17:11:16","slug":"crepey-noam-villa-joue-aux-cotes-de-samuel-le-bihan-dans-alex-hugo","status":"publish","type":"post","link":"https:\/\/www.europesays.com\/fr\/507135\/","title":{"rendered":"Cr\u00e9pey. Noam Villa joue aux c\u00f4t\u00e9s de Samuel Le Bihan dans Alex Hugo"},"content":{"rendered":"<p>\u00c0 tout juste 18 ans, Noam Villa, habitant de Cr\u00e9pey, vit un r\u00eave \u00e9veill\u00e9. Ce passionn\u00e9 de th\u00e9\u00e2tre et de cin\u00e9ma vient en effet de tourner dans la c\u00e9l\u00e8bre s\u00e9rie de France 3 \u00ab\u00a0 Alex Hugo \u00a0\u00bb, aux c\u00f4t\u00e9s de Samuel Le Bihan, dans un \u00e9pisode intitul\u00e9 \u00ab\u00a0Le nouvel Eldorado\u00a0\u00bb, diffus\u00e9 ce mardi 4\u00a0novembre \u00e0 21\u00a0h sur le petit \u00e9cran.<\/p>\n<p>  Com\u00e9dien au Luxembourg<\/p>\n<p>Amoureux de la sc\u00e8ne depuis son plus jeune \u00e2ge, Noam a fait ses premiers pas dans une troupe de th\u00e9\u00e2tre \u00e0 Voin\u00e9mont avant de rejoindre, il y a trois ans, le Th\u00e9\u00e2tre de la Ro\u00eble \u00e0 Villers-l\u00e8s-Nancy. L\u00e0, il affine son jeu et d\u00e9veloppe une v\u00e9ritable passion pour la com\u00e9die. Son talent l\u2019a d\u00e9j\u00e0 conduit \u00e0 participer \u00e0 plusieurs courts-m\u00e9trages et, l\u2019hiver dernier, \u00e0 monter sur sc\u00e8ne dans une pi\u00e8ce professionnelle jou\u00e9e au Luxembourg, Sarah &amp; Hugo , \u00e9crite par Daniel Keene. Il y incarnait Hugo, face \u00e0 une com\u00e9dienne nanc\u00e9ienne dans le r\u00f4le de Sarah.<\/p>\n<p class=\"txt\">J\u2019\u00e9tais tr\u00e8s content et excit\u00e9<\/p>\n<p> Noam Villa, com\u00e9dien <\/p>\n<p>Le destin de Noam a r\u00e9cemment pris une nouvelle tournure lorsqu\u2019il a \u00e9t\u00e9 s\u00e9lectionn\u00e9 \u00e0 un casting \u00e0 Paris pour jouer dans \u00ab\u00a0 Alex Hugo \u00a0\u00bb. \u00ab\u00a0J\u2019\u00e9tais tr\u00e8s content et excit\u00e9 \u00e0 l\u2019id\u00e9e de tourner dans cette s\u00e9rie\u00a0\u00bb, confie-t-il. Le tournage s\u2019est d\u00e9roul\u00e9 dans les Alpes du Sud, au c\u0153ur de paysages somptueux, o\u00f9 l\u2019\u00e9quipe logeait \u00e0 Brian\u00e7on. \u00ab\u00a0Tourner en montagne, c\u2019\u00e9tait incroyable. Et Samuel Le Bihan a \u00e9t\u00e9 d\u2019une grande bienveillance, tr\u00e8s accessible et protecteur avec toute l\u2019\u00e9quipe\u00a0\u00bb, raconte le jeune com\u00e9dien, encore \u00e9mu par cette exp\u00e9rience hors du commun.<\/p>\n<p>Ce premier grand r\u00f4le t\u00e9l\u00e9vis\u00e9 pourrait bien n\u2019\u00eatre qu\u2019un d\u00e9but. D\u00e8s l\u2019ann\u00e9e prochaine, Noam s\u2019installera \u00e0 Paris pour suivre des \u00e9tudes de th\u00e9\u00e2tre et de cin\u00e9ma, poursuivant ainsi son r\u00eave d\u2019acteur.<\/p>\n<p>Tout Cr\u00e9pey peut \u00eatre fier de ce jeune talent prometteur, dont la d\u00e9termination et la passion laissent pr\u00e9sager une belle carri\u00e8re artistique.<\/p>\n<p class=\"note\">Rendez-vous mardi 4\u00a0novembre \u00e0 21\u00a0h sur France 3 pour d\u00e9couvrir Noam Villa dans \u00ab\u00a0 Alex Hugo \u2013 Le nouvel Eldorado \u00a0\u00bb.<\/p>\n","protected":false},"excerpt":{"rendered":"\u00c0 tout juste 18 ans, Noam Villa, habitant de Cr\u00e9pey, vit un r\u00eave \u00e9veill\u00e9. Ce passionn\u00e9 de th\u00e9\u00e2tre&hellip;\n","protected":false},"author":2,"featured_media":507136,"comment_status":"","ping_status":"","sticky":false,"template":"","format":"standard","meta":{"footnotes":""},"categories":[9635],"tags":[1111,11,13911,650,62895,1687,1705,1777,674,1011,27,775,1702,12,25],"class_list":{"0":"post-507135","1":"post","2":"type-post","3":"status-publish","4":"format-standard","5":"has-post-thumbnail","7":"category-nancy","8":"tag-actu","9":"tag-actualites","10":"tag-cc-du-pays-de-colombey-et-du-sud-toulois-54d","11":"tag-cinema","12":"tag-crepey","13":"tag-culture-loisirs","14":"tag-edition-toul","15":"tag-eu","16":"tag-europe","17":"tag-fr","18":"tag-france","19":"tag-grand-est","20":"tag-nancy","21":"tag-news","22":"tag-republique-francaise"},"share_on_mastodon":{"url":"https:\/\/pubeurope.com\/@fr\/115481220582714708","error":""},"_links":{"self":[{"href":"https:\/\/www.europesays.com\/fr\/wp-json\/wp\/v2\/posts\/507135","targetHints":{"allow":["GET"]}}],"collection":[{"href":"https:\/\/www.europesays.com\/fr\/wp-json\/wp\/v2\/posts"}],"about":[{"href":"https:\/\/www.europesays.com\/fr\/wp-json\/wp\/v2\/types\/post"}],"author":[{"embeddable":true,"href":"https:\/\/www.europesays.com\/fr\/wp-json\/wp\/v2\/users\/2"}],"replies":[{"embeddable":true,"href":"https:\/\/www.europesays.com\/fr\/wp-json\/wp\/v2\/comments?post=507135"}],"version-history":[{"count":0,"href":"https:\/\/www.europesays.com\/fr\/wp-json\/wp\/v2\/posts\/507135\/revisions"}],"wp:featuredmedia":[{"embeddable":true,"href":"https:\/\/www.europesays.com\/fr\/wp-json\/wp\/v2\/media\/507136"}],"wp:attachment":[{"href":"https:\/\/www.europesays.com\/fr\/wp-json\/wp\/v2\/media?parent=507135"}],"wp:term":[{"taxonomy":"category","embeddable":true,"href":"https:\/\/www.europesays.com\/fr\/wp-json\/wp\/v2\/categories?post=507135"},{"taxonomy":"post_tag","embeddable":true,"href":"https:\/\/www.europesays.com\/fr\/wp-json\/wp\/v2\/tags?post=507135"}],"curies":[{"name":"wp","href":"https:\/\/api.w.org\/{rel}","templated":true}]}}