{"id":507141,"date":"2025-11-02T17:16:15","date_gmt":"2025-11-02T17:16:15","guid":{"rendered":"https:\/\/www.europesays.com\/fr\/507141\/"},"modified":"2025-11-02T17:16:15","modified_gmt":"2025-11-02T17:16:15","slug":"agroalimentaire-le-sitevi-de-retour-a-montpellier","status":"publish","type":"post","link":"https:\/\/www.europesays.com\/fr\/507141\/","title":{"rendered":"Agroalimentaire. Le Sitevi de retour \u00e0 Montpellier"},"content":{"rendered":"<p>Le salon international des fili\u00e8res viticole, vinicole, arboricole et ol\u00e9icole Sitevi accueillera cette ann\u00e9e 126 entreprises de la r\u00e9gion Occitanie. L\u2019\u00e9v\u00e9nement aura lieu du 25 au 27\u00a0novembre 2025 au Parc des expositions de Montpellier.<\/p>\n<p>Lors de la derni\u00e8re \u00e9dition en 2023, 55.000 entr\u00e9es professionnelles et 1000 exposants en provenance de vingt pays.<\/p>\n","protected":false},"excerpt":{"rendered":"Le salon international des fili\u00e8res viticole, vinicole, arboricole et ol\u00e9icole Sitevi accueillera cette ann\u00e9e 126 entreprises de la&hellip;\n","protected":false},"author":2,"featured_media":373637,"comment_status":"","ping_status":"","sticky":false,"template":"","format":"standard","meta":{"footnotes":""},"categories":[9599],"tags":[1111,11,327,5825,1777,674,1011,27,2208,12,2680,25,18193],"class_list":{"0":"post-507141","1":"post","2":"type-post","3":"status-publish","4":"format-standard","5":"has-post-thumbnail","7":"category-montpellier","8":"tag-actu","9":"tag-actualites","10":"tag-agriculture","11":"tag-agroalimentaire","12":"tag-eu","13":"tag-europe","14":"tag-fr","15":"tag-france","16":"tag-montpellier","17":"tag-news","18":"tag-occitanie","19":"tag-republique-francaise","20":"tag-viticulture"},"share_on_mastodon":{"url":"","error":""},"_links":{"self":[{"href":"https:\/\/www.europesays.com\/fr\/wp-json\/wp\/v2\/posts\/507141","targetHints":{"allow":["GET"]}}],"collection":[{"href":"https:\/\/www.europesays.com\/fr\/wp-json\/wp\/v2\/posts"}],"about":[{"href":"https:\/\/www.europesays.com\/fr\/wp-json\/wp\/v2\/types\/post"}],"author":[{"embeddable":true,"href":"https:\/\/www.europesays.com\/fr\/wp-json\/wp\/v2\/users\/2"}],"replies":[{"embeddable":true,"href":"https:\/\/www.europesays.com\/fr\/wp-json\/wp\/v2\/comments?post=507141"}],"version-history":[{"count":0,"href":"https:\/\/www.europesays.com\/fr\/wp-json\/wp\/v2\/posts\/507141\/revisions"}],"wp:featuredmedia":[{"embeddable":true,"href":"https:\/\/www.europesays.com\/fr\/wp-json\/wp\/v2\/media\/373637"}],"wp:attachment":[{"href":"https:\/\/www.europesays.com\/fr\/wp-json\/wp\/v2\/media?parent=507141"}],"wp:term":[{"taxonomy":"category","embeddable":true,"href":"https:\/\/www.europesays.com\/fr\/wp-json\/wp\/v2\/categories?post=507141"},{"taxonomy":"post_tag","embeddable":true,"href":"https:\/\/www.europesays.com\/fr\/wp-json\/wp\/v2\/tags?post=507141"}],"curies":[{"name":"wp","href":"https:\/\/api.w.org\/{rel}","templated":true}]}}