{"id":507148,"date":"2025-11-02T17:20:14","date_gmt":"2025-11-02T17:20:14","guid":{"rendered":"https:\/\/www.europesays.com\/fr\/507148\/"},"modified":"2025-11-02T17:20:14","modified_gmt":"2025-11-02T17:20:14","slug":"ils-vivent-avec-un-squat-en-bas-de-chez-eux-depuis-dix-ans","status":"publish","type":"post","link":"https:\/\/www.europesays.com\/fr\/507148\/","title":{"rendered":"ils vivent avec un squat en bas de chez eux depuis dix ans"},"content":{"rendered":"<p>Quand on arpente les rues Antoine-Polotti et Esclangon, on ne devinerait pas que derri\u00e8re les \u00e9pais feuillages qui le dissimulent, un camp de fortune <a href=\"https:\/\/www.ledauphine.com\/societe\/2022\/09\/26\/isere-quartier-europole-de-grenoble-rue-polotti-un-camp-de-fortune-a-l-abri-des-regards\" target=\"_blank\" rel=\"nofollow noopener\">existe depuis plusieurs ann\u00e9es<\/a>.<\/p>\n<p>Mais pour peu qu\u2019on prenne un peu de hauteur, on peut apercevoir quelques baraquements sommaires faits de t\u00f4les et de plastique, trois ou quatre caravanes aux fen\u00eatres \u00e9ventr\u00e9es, rafistol\u00e9es avec du carton. Au milieu, hommes, femmes et enfants (une quinzaine \u00e0 une trentaine selon le voisinage) vivent au rythme des saisons.<\/p>\n<p>\u00ab\u00a0Il y a de la musique tr\u00e8s&#8230;                        <\/p>\n","protected":false},"excerpt":{"rendered":"Quand on arpente les rues Antoine-Polotti et Esclangon, on ne devinerait pas que derri\u00e8re les \u00e9pais feuillages qui&hellip;\n","protected":false},"author":2,"featured_media":507149,"comment_status":"","ping_status":"","sticky":false,"template":"","format":"standard","meta":{"footnotes":""},"categories":[9566],"tags":[1111,11,2430,112,1777,674,274,107,1011,27,2731,2732,1116,108,6225,1908,12,25,106,801,104],"class_list":{"0":"post-507148","1":"post","2":"type-post","3":"status-publish","4":"format-standard","5":"has-post-thumbnail","7":"category-grenoble","8":"tag-actu","9":"tag-actualites","10":"tag-auvergne-rhone-alpes","11":"tag-edition-grenoble-agglomeration","12":"tag-eu","13":"tag-europe","14":"tag-faits-divers-justice","15":"tag-fil-info","16":"tag-fr","17":"tag-france","18":"tag-grenoble","19":"tag-grenoble-bassin","20":"tag-immobilier","21":"tag-isere","22":"tag-la-matinale","23":"tag-logement","24":"tag-news","25":"tag-republique-francaise","26":"tag-selection-de-la-redaction-38","27":"tag-social","28":"tag-societe"},"share_on_mastodon":{"url":"https:\/\/pubeurope.com\/@fr\/115481255946826261","error":""},"_links":{"self":[{"href":"https:\/\/www.europesays.com\/fr\/wp-json\/wp\/v2\/posts\/507148","targetHints":{"allow":["GET"]}}],"collection":[{"href":"https:\/\/www.europesays.com\/fr\/wp-json\/wp\/v2\/posts"}],"about":[{"href":"https:\/\/www.europesays.com\/fr\/wp-json\/wp\/v2\/types\/post"}],"author":[{"embeddable":true,"href":"https:\/\/www.europesays.com\/fr\/wp-json\/wp\/v2\/users\/2"}],"replies":[{"embeddable":true,"href":"https:\/\/www.europesays.com\/fr\/wp-json\/wp\/v2\/comments?post=507148"}],"version-history":[{"count":0,"href":"https:\/\/www.europesays.com\/fr\/wp-json\/wp\/v2\/posts\/507148\/revisions"}],"wp:featuredmedia":[{"embeddable":true,"href":"https:\/\/www.europesays.com\/fr\/wp-json\/wp\/v2\/media\/507149"}],"wp:attachment":[{"href":"https:\/\/www.europesays.com\/fr\/wp-json\/wp\/v2\/media?parent=507148"}],"wp:term":[{"taxonomy":"category","embeddable":true,"href":"https:\/\/www.europesays.com\/fr\/wp-json\/wp\/v2\/categories?post=507148"},{"taxonomy":"post_tag","embeddable":true,"href":"https:\/\/www.europesays.com\/fr\/wp-json\/wp\/v2\/tags?post=507148"}],"curies":[{"name":"wp","href":"https:\/\/api.w.org\/{rel}","templated":true}]}}