{"id":507150,"date":"2025-11-02T17:21:31","date_gmt":"2025-11-02T17:21:31","guid":{"rendered":"https:\/\/www.europesays.com\/fr\/507150\/"},"modified":"2025-11-02T17:21:31","modified_gmt":"2025-11-02T17:21:31","slug":"il-lui-plante-un-couteau-dans-la-boite-cranienne-et-ecope-de-3-ans-de-prison","status":"publish","type":"post","link":"https:\/\/www.europesays.com\/fr\/507150\/","title":{"rendered":"il lui plante un couteau dans la bo\u00eete cr\u00e2nienne et \u00e9cope de 3 ans de prison"},"content":{"rendered":"<p>\t\t\t\t\t\t\t\t\t\t\t<img loading=\"lazy\" decoding=\"async\" width=\"1280\" title=\"Grenoble : il lui plante un couteau dans la bo\u00eete cr\u00e2nienne et \u00e9cope de 3 ans de prison\" class=\"img-fluid  mb-3\" src=\"https:\/\/grandgrenoble.alpes1.com\/media\/news\/grenoble-il-lui-plante-un-couteau-dans-la-boite-cranienne-et-ecope-de-3-ans-de-prison_69072aa6dfa66.webp\" alt=\"Grenoble : il lui plante un couteau dans la bo\u00eete cr\u00e2nienne et \u00e9cope de 3 ans de prison\" itemprop=\"image\" height=\"720\"\/>\t\t\t\t\t\t\t\t\t\t\t\t<\/p>\n<p>Grenoble : il lui plante un couteau dans la bo\u00eete cr\u00e2nienne et \u00e9cope de 3 ans de prison &#8211; DR<\/p>\n<p itemprop=\"description\"><strong>Un grave incident survenu en plein c\u0153ur du quartier de La Villeneuve, \u00e0 Grenoble, s\u2019est sold\u00e9 par une condamnation \u00e0 trois ans de prison ferme.<\/strong><\/p>\n<p>Les faits remontent au 19 ao\u00fbt dernier, lorsque la police est alert\u00e9e apr\u00e8s la d\u00e9couverte d\u2019un homme bless\u00e9 au visage, la lame d\u2019un couteau plant\u00e9e entre les deux yeux. L\u2019arme, un couteau de cuisine d\u2019environ 8 centim\u00e8tres, aurait \u00e9t\u00e9 utilis\u00e9e lors d\u2019une altercation survenue au niveau de la galerie de l\u2019Arlequin, un secteur bien connu de La Villeneuve pour son trafic de drogue.<\/p>\n<p>L\u2019agresseur, un Nig\u00e9rian de 23 ans, d\u00e9j\u00e0 condamn\u00e9 en 2023 pour des violences arm\u00e9es, affirme avoir agi par peur apr\u00e8s avoir \u00e9t\u00e9 frapp\u00e9 par plusieurs hommes \u00e0 qui il tentait d\u2019acheter des cigarettes de contrebande. Selon lui, il aurait sorti son couteau pour se d\u00e9fendre avant de blesser gravement l\u2019un de ses assaillants.<\/p>\n<p>L\u2019enqu\u00eate a toutefois conduit les magistrats \u00e0 \u00e9carter la th\u00e8se de la l\u00e9gitime d\u00e9fense. La victime, qui n\u2019avait pas port\u00e9 plainte imm\u00e9diatement, a finalement d\u00e9cid\u00e9 de se constituer partie civile. Elle affirme avoir simplement tent\u00e9 de calmer la situation lorsque le coup a \u00e9t\u00e9 port\u00e9.<\/p>\n<p>Le pr\u00e9venu a \u00e9t\u00e9 jug\u00e9 sans avocat et le tribunal correctionnel de Grenoble a retenu la gravit\u00e9 des faits. Il a \u00e9t\u00e9 condamn\u00e9 \u00e0 trois ans de prison ferme selon le Dauphin\u00e9 Lib\u00e9r\u00e9.<\/p>\n","protected":false},"excerpt":{"rendered":"Grenoble : il lui plante un couteau dans la bo\u00eete cr\u00e2nienne et \u00e9cope de 3 ans de prison&hellip;\n","protected":false},"author":2,"featured_media":507151,"comment_status":"","ping_status":"","sticky":false,"template":"","format":"standard","meta":{"footnotes":""},"categories":[9566],"tags":[1111,11,7733,8279,2430,7736,650,7734,2889,2263,1777,674,1011,27,2731,8280,6417,1114,108,4662,12,3725,1825,25,7737],"class_list":{"0":"post-507150","1":"post","2":"type-post","3":"status-publish","4":"format-standard","5":"has-post-thumbnail","7":"category-grenoble","8":"tag-actu","9":"tag-actualites","10":"tag-alpes","11":"tag-alpes1","12":"tag-auvergne-rhone-alpes","13":"tag-cds","14":"tag-cinema","15":"tag-ecoute","16":"tag-emission","17":"tag-equipe","18":"tag-eu","19":"tag-europe","20":"tag-fr","21":"tag-france","22":"tag-grenoble","23":"tag-haute","24":"tag-information","25":"tag-infos","26":"tag-isere","27":"tag-journal","28":"tag-news","29":"tag-podcast","30":"tag-radio","31":"tag-republique-francaise","32":"tag-winamp"},"share_on_mastodon":{"url":"https:\/\/pubeurope.com\/@fr\/115481260390866048","error":""},"_links":{"self":[{"href":"https:\/\/www.europesays.com\/fr\/wp-json\/wp\/v2\/posts\/507150","targetHints":{"allow":["GET"]}}],"collection":[{"href":"https:\/\/www.europesays.com\/fr\/wp-json\/wp\/v2\/posts"}],"about":[{"href":"https:\/\/www.europesays.com\/fr\/wp-json\/wp\/v2\/types\/post"}],"author":[{"embeddable":true,"href":"https:\/\/www.europesays.com\/fr\/wp-json\/wp\/v2\/users\/2"}],"replies":[{"embeddable":true,"href":"https:\/\/www.europesays.com\/fr\/wp-json\/wp\/v2\/comments?post=507150"}],"version-history":[{"count":0,"href":"https:\/\/www.europesays.com\/fr\/wp-json\/wp\/v2\/posts\/507150\/revisions"}],"wp:featuredmedia":[{"embeddable":true,"href":"https:\/\/www.europesays.com\/fr\/wp-json\/wp\/v2\/media\/507151"}],"wp:attachment":[{"href":"https:\/\/www.europesays.com\/fr\/wp-json\/wp\/v2\/media?parent=507150"}],"wp:term":[{"taxonomy":"category","embeddable":true,"href":"https:\/\/www.europesays.com\/fr\/wp-json\/wp\/v2\/categories?post=507150"},{"taxonomy":"post_tag","embeddable":true,"href":"https:\/\/www.europesays.com\/fr\/wp-json\/wp\/v2\/tags?post=507150"}],"curies":[{"name":"wp","href":"https:\/\/api.w.org\/{rel}","templated":true}]}}