{"id":507152,"date":"2025-11-02T17:24:15","date_gmt":"2025-11-02T17:24:15","guid":{"rendered":"https:\/\/www.europesays.com\/fr\/507152\/"},"modified":"2025-11-02T17:24:15","modified_gmt":"2025-11-02T17:24:15","slug":"cest-la-passion-qui-nous-anime-a-rennes-ces-deux-jeunes-ont-ouvert-une-chocolaterie-artisanale","status":"publish","type":"post","link":"https:\/\/www.europesays.com\/fr\/507152\/","title":{"rendered":"\u00ab\u00a0C\u2019est la passion qui nous anime\u00a0\u00bb\u00a0: \u00e0 Rennes ces deux jeunes ont ouvert une chocolaterie artisanale"},"content":{"rendered":"<p>Article r\u00e9serv\u00e9 aux abonn\u00e9s<\/p>\n<p>Le 02 novembre 2025 \u00e0 18h21<\/p>\n<p class=\"tlg-h5\">Depuis le 18\u00a0octobre dernier, une nouvelle chocolaterie artisanale, Croustille, a ouvert ses portes non loin de la fac de droit \u00e0 Rennes. Bertille et Cl\u00e9ment, 25 et 27 ans ont ainsi concr\u00e9tis\u00e9 leur projet de cr\u00e9er un lieu pour faire vivre leur passion pour le chocolat.<\/p>\n<p><img fetchpriority=\"high\" decoding=\"async\" src=\"https:\/\/www.europesays.com\/fr\/wp-content\/uploads\/2025\/11\/6907931c59496369cc08b270.1.jpeg\" width=\"960\" height=\"600\" class=\"web_golden_xl\" loading=\"eager\" alt=\"Bertille et Cl\u00e9ment, 25 et 27 ans ont concr\u00e9tis\u00e9 leur projet de cr\u00e9er un lieu pour faire vivre leur passion pour le chocolat.\"\/>Bertille et Cl\u00e9ment, 25 et 27 ans ont concr\u00e9tis\u00e9 leur projet de cr\u00e9er un lieu pour faire vivre leur passion pour le chocolat. (Le T\u00e9l\u00e9gramme\/Erwan Miloux)<\/p>\n","protected":false},"excerpt":{"rendered":"Article r\u00e9serv\u00e9 aux abonn\u00e9s Le 02 novembre 2025 \u00e0 18h21 Depuis le 18\u00a0octobre dernier, une nouvelle chocolaterie artisanale,&hellip;\n","protected":false},"author":2,"featured_media":507153,"comment_status":"","ping_status":"","sticky":false,"template":"","format":"standard","meta":{"footnotes":""},"categories":[2821],"tags":[1111,11,829,765,1777,674,1011,27,848,12,584,25],"class_list":{"0":"post-507152","1":"post","2":"type-post","3":"status-publish","4":"format-standard","5":"has-post-thumbnail","7":"category-rennes","8":"tag-actu","9":"tag-actualites","10":"tag-bretagne","11":"tag-en-continu","12":"tag-eu","13":"tag-europe","14":"tag-fr","15":"tag-france","16":"tag-ille-et-vilaine","17":"tag-news","18":"tag-rennes","19":"tag-republique-francaise"},"share_on_mastodon":{"url":"https:\/\/pubeurope.com\/@fr\/115481272261602925","error":""},"_links":{"self":[{"href":"https:\/\/www.europesays.com\/fr\/wp-json\/wp\/v2\/posts\/507152","targetHints":{"allow":["GET"]}}],"collection":[{"href":"https:\/\/www.europesays.com\/fr\/wp-json\/wp\/v2\/posts"}],"about":[{"href":"https:\/\/www.europesays.com\/fr\/wp-json\/wp\/v2\/types\/post"}],"author":[{"embeddable":true,"href":"https:\/\/www.europesays.com\/fr\/wp-json\/wp\/v2\/users\/2"}],"replies":[{"embeddable":true,"href":"https:\/\/www.europesays.com\/fr\/wp-json\/wp\/v2\/comments?post=507152"}],"version-history":[{"count":0,"href":"https:\/\/www.europesays.com\/fr\/wp-json\/wp\/v2\/posts\/507152\/revisions"}],"wp:featuredmedia":[{"embeddable":true,"href":"https:\/\/www.europesays.com\/fr\/wp-json\/wp\/v2\/media\/507153"}],"wp:attachment":[{"href":"https:\/\/www.europesays.com\/fr\/wp-json\/wp\/v2\/media?parent=507152"}],"wp:term":[{"taxonomy":"category","embeddable":true,"href":"https:\/\/www.europesays.com\/fr\/wp-json\/wp\/v2\/categories?post=507152"},{"taxonomy":"post_tag","embeddable":true,"href":"https:\/\/www.europesays.com\/fr\/wp-json\/wp\/v2\/tags?post=507152"}],"curies":[{"name":"wp","href":"https:\/\/api.w.org\/{rel}","templated":true}]}}