{"id":507154,"date":"2025-11-02T17:25:12","date_gmt":"2025-11-02T17:25:12","guid":{"rendered":"https:\/\/www.europesays.com\/fr\/507154\/"},"modified":"2025-11-02T17:25:12","modified_gmt":"2025-11-02T17:25:12","slug":"une-collecte-de-fonds-lancee-pour-acquerir-un-bus-magique","status":"publish","type":"post","link":"https:\/\/www.europesays.com\/fr\/507154\/","title":{"rendered":"une collecte de fonds lanc\u00e9e pour acqu\u00e9rir un \u201cbus magique\u201d"},"content":{"rendered":"<p>L\u2019AACSA, cr\u00e9\u00e9e en 2023, se d\u00e9place dans plusieurs \u00e9tablissements de Strasbourg qui accueillent des personnes en situation de handicaps physiques ou psychiques et en d\u00e9tresse sociale. \u00ab\u00a0Nous proposons des activit\u00e9s sportives adapt\u00e9es, mais non moins ludiques, le tout sur mesure et selon les envies des personnes rencontr\u00e9es\u00a0\u00bb, affirme Khelifi Hank, pr\u00e9sident de <a href=\"https:\/\/www.aacsa.net\/\" target=\"_blank\" rel=\"nofollow noopener\">l\u2019AACSA<\/a>.<\/p>\n<p>Plus qu\u2019un simple atelier sportif aux r\u00e8gles modul\u00e9es \u2013 c\u00e9cifoot, boccia ou encore bowling avec des quilles \u2013, c\u2019est avant tout un support pour rentrer en interaction. L\u2019acc\u00e8s \u00e0 la culture pour tous est \u00e9galement un de leur objectif principal\u00a0: cin\u00e9ma adapt\u00e9, quiz de culture g\u00e9n\u00e9rale en fonction du niveau cognitif de chacun\u2026 L\u2019association utilise \u00e9galement la r\u00e9alit\u00e9 virtuelle afin de \u00ab\u00a0faire voyager les gens\u00a0\u00bb\u00a0: ainsi, r\u00e9fugi\u00e9s politiques ou immigr\u00e9s en mal du pays peuvent \u00ab\u00a0retrouver quelques instants leur pays d\u2019origine\u00a0\u00bb et les personnes handicap\u00e9es ont la possibilit\u00e9 de se lancer dans des montagnes russes inaccessibles en temps normal.<\/p>\n<p>  Un objectif de 15\u00a0000\u00a0\u20ac<\/p>\n<p>Afin de permettre \u00e0 cette population de voyager de mani\u00e8re r\u00e9aliste, <a href=\"https:\/\/www.alsace.okote.fr\/decouvrez-les-projets\/detail\/bus-magique\" target=\"_blank\" rel=\"nofollow noopener\">l\u2019association lance une campagne de financement participative qui doit durer deux mois, accompagn\u00e9e par Okot\u00e9<\/a>. Le but de cette qu\u00eate de solidarit\u00e9\u00a0? Acqu\u00e9rir un \u201cbus magique\u201d, destin\u00e9 \u00e0 sortir les personnes des \u00e9tablissements. \u00c0 l\u2019instar du dessin anim\u00e9 \u00e9ponyme des ann\u00e9es 1990, ce bus a pour but de cr\u00e9er du lien d\u00e8s son utilisation et de faire se rencontrer des b\u00e9n\u00e9ficiaires issus d\u2019institutions diff\u00e9rentes. Khelifi Hank imagine d\u00e9j\u00e0 des visites de mus\u00e9es, sorties au cin\u00e9ma ou \u00e0 divers \u00e9v\u00e9nements sportifs, voire une escapade au zoo d\u2019Amn\u00e9ville ou de petits s\u00e9jours en dehors de l\u2019Alsace.<\/p>\n<p>Cette camionnette \u2013 qui pourrait accueillir neuf personnes et deux \u00e0 trois fauteuils \u2013 n\u00e9cessite de r\u00e9colter 15\u00a0000\u00a0\u20ac. \u00ab\u00a0Si un citoyen donne 10\u00a0euros, la Ville s\u2019engage \u00e0 nous donner 10\u00a0euros et une des entreprises partenaires (*) \u00e9galement 10\u00a0euros, les dons sont donc tripl\u00e9s\u00a0! Avec 5\u00a0000\u00a0\u20ac de la part des citoyens, 15\u00a0000\u00a0\u20ac seraient d\u00e8s lors garantis\u00a0\u00bb, d\u00e9taille le pr\u00e9sident de l\u2019association. De quoi r\u00e9aliser quelques r\u00eaves.<\/p>\n<p class=\"note\">* Marc Gangloff, Celiso, H2F Formation\u00a0<\/p>\n","protected":false},"excerpt":{"rendered":"L\u2019AACSA, cr\u00e9\u00e9e en 2023, se d\u00e9place dans plusieurs \u00e9tablissements de Strasbourg qui accueillent des personnes en situation de&hellip;\n","protected":false},"author":2,"featured_media":507155,"comment_status":"","ping_status":"","sticky":false,"template":"","format":"standard","meta":{"footnotes":""},"categories":[2820],"tags":[1111,11,2880,1777,674,107,1011,27,775,1943,12,25,104,640,2879,1631],"class_list":{"0":"post-507154","1":"post","2":"type-post","3":"status-publish","4":"format-standard","5":"has-post-thumbnail","7":"category-strasbourg","8":"tag-actu","9":"tag-actualites","10":"tag-edition-strasbourg","11":"tag-eu","12":"tag-europe","13":"tag-fil-info","14":"tag-fr","15":"tag-france","16":"tag-grand-est","17":"tag-handicap","18":"tag-news","19":"tag-republique-francaise","20":"tag-societe","21":"tag-strasbourg","22":"tag-strasbourg-ville","23":"tag-vie-associative"},"share_on_mastodon":{"url":"https:\/\/pubeurope.com\/@fr\/115481275612712500","error":""},"_links":{"self":[{"href":"https:\/\/www.europesays.com\/fr\/wp-json\/wp\/v2\/posts\/507154","targetHints":{"allow":["GET"]}}],"collection":[{"href":"https:\/\/www.europesays.com\/fr\/wp-json\/wp\/v2\/posts"}],"about":[{"href":"https:\/\/www.europesays.com\/fr\/wp-json\/wp\/v2\/types\/post"}],"author":[{"embeddable":true,"href":"https:\/\/www.europesays.com\/fr\/wp-json\/wp\/v2\/users\/2"}],"replies":[{"embeddable":true,"href":"https:\/\/www.europesays.com\/fr\/wp-json\/wp\/v2\/comments?post=507154"}],"version-history":[{"count":0,"href":"https:\/\/www.europesays.com\/fr\/wp-json\/wp\/v2\/posts\/507154\/revisions"}],"wp:featuredmedia":[{"embeddable":true,"href":"https:\/\/www.europesays.com\/fr\/wp-json\/wp\/v2\/media\/507155"}],"wp:attachment":[{"href":"https:\/\/www.europesays.com\/fr\/wp-json\/wp\/v2\/media?parent=507154"}],"wp:term":[{"taxonomy":"category","embeddable":true,"href":"https:\/\/www.europesays.com\/fr\/wp-json\/wp\/v2\/categories?post=507154"},{"taxonomy":"post_tag","embeddable":true,"href":"https:\/\/www.europesays.com\/fr\/wp-json\/wp\/v2\/tags?post=507154"}],"curies":[{"name":"wp","href":"https:\/\/api.w.org\/{rel}","templated":true}]}}