{"id":507169,"date":"2025-11-02T17:34:13","date_gmt":"2025-11-02T17:34:13","guid":{"rendered":"https:\/\/www.europesays.com\/fr\/507169\/"},"modified":"2025-11-02T17:34:13","modified_gmt":"2025-11-02T17:34:13","slug":"spatial-avec-ground-control-cls-se-renforce-dans-linternet-des-objets","status":"publish","type":"post","link":"https:\/\/www.europesays.com\/fr\/507169\/","title":{"rendered":"\u200bSpatial. Avec Ground Control, CLS se renforce dans l&rsquo;internet des objets"},"content":{"rendered":"<p>C\u2019est sa dix-huiti\u00e8me acquisition depuis 2008. La soci\u00e9t\u00e9 de surveillance des oc\u00e9ans et de la Terre par satellite CLS a rachet\u00e9, le 25\u00a0septembre dernier, Ground Control au fonds \u200bHorizon Capital, qui la d\u00e9tenait depuis plusieurs\u200b ann\u00e9es. Cette entreprise, fond\u00e9e il y a 28 ans pr\u00e8s de Southampton, au Royaume-Uni, fabrique des terminaux de communication par satellite et fournit des services d\u2019Internet des objets. Elle r\u00e9alise un chiffre d\u2019affaires de plus de 35\u00a0millions d\u2019euros et emploie 85 salari\u00e9s r\u00e9partis sur quatre sites en Angleterre. Une dizaine d\u2019entre eux travaillent au sein de deux autres sites implant\u00e9s aux \u00c9tats-Unis. Tout le personnel et le directeur g\u00e9n\u00e9ral Alastair McLeod int\u00e8grent CLS, l\u2019experte dans la collecte de donn\u00e9es et les services de g\u00e9olocalisation dont le si\u00e8ge est \u00e0 Ramonville-Saint-Agne, pr\u00e8s de Toulouse.<\/p>\n<p>\u00ab\u00a0Ce rachat permet un accroissement de notre base clients puisque Ground Control suit 120.000, CLS 80.000\u00a0\u00bb, explique St\u00e9phanie Limouzin. La pr\u00e9sidente de CLS\u200b y voit deux autres raisons\u00a0: \u00ab\u00a0Ground Control est tr\u00e8s pointu techniquement sur la connectivit\u00e9. Et nous renfor\u00e7ons notre pr\u00e9sence au Royaume-Uni\u00a0\u00bb, argumente la pr\u00e9sidente.<\/p>\n<p>210 millions d\u2019euros de chiffre d\u2019affaires en 2025<\/p>\n<p>Avec un millier d\u2019emplois, la filiale\u00a0du Cnes (33\u00a0%) et de CNP (66\u00a0%), un fonds d\u2019investissement belge, s\u2019\u00e9tait diversifi\u00e9e en 2024 dans l\u2019analyse de l\u2019air avec la reprise d\u2019Enviro &amp; Industrial Solutions Middle East, \u00e0 Duba\u00ef, sp\u00e9cialis\u00e9e dans les syst\u00e8mes de surveillance de la qualit\u00e9 de l\u2019air ambiant des villes et des \u00e9missions industrielles. En d\u00e9cembre 2024, elle mettait la main sur Quiet-Oceans, une petite entreprise brestoise qui \u00e9tudie et cartographie l\u2019empreinte sonore sous-marine des activit\u00e9s humaines.<\/p>\n<p>\u00ab\u00a0Il y a d\u2019autres projets d\u2019implantation \u00e0 l\u2019horizon\u00a0\u00bb, poursuit St\u00e9phanie Limouzin, sans trop en dire. \u00ab\u00a0Si nous sommes d\u00e9j\u00e0 pr\u00e9sents sur tous les continents, notre objectif \u00e0 moyen terme est de continuer \u00e0 nous \u00e9tendre dans la zone Asie-Pacifique et de mettre un pied en Allemagne et en Scandinavie.\u00a0\u00bb CLS pr\u00e9voit un chiffre d\u2019affaires de 210 millions d\u2019euros en 2025, contre 190 millions l\u2019an pass\u00e9. <br class=\"autobr\"\/><br \/>\nAudrey Sommazi<\/p>\n<p>Photo d\u2019illustration de CLS. Cr\u00e9dits\u00a0: CLS.<\/p>\n","protected":false},"excerpt":{"rendered":"C\u2019est sa dix-huiti\u00e8me acquisition depuis 2008. La soci\u00e9t\u00e9 de surveillance des oc\u00e9ans et de la Terre par satellite&hellip;\n","protected":false},"author":2,"featured_media":507170,"comment_status":"","ping_status":"","sticky":false,"template":"","format":"standard","meta":{"footnotes":""},"categories":[2816],"tags":[1111,11,55577,1777,674,1011,27,12,2680,25,671,2312],"class_list":{"0":"post-507169","1":"post","2":"type-post","3":"status-publish","4":"format-standard","5":"has-post-thumbnail","7":"category-toulouse","8":"tag-actu","9":"tag-actualites","10":"tag-cnes","11":"tag-eu","12":"tag-europe","13":"tag-fr","14":"tag-france","15":"tag-news","16":"tag-occitanie","17":"tag-republique-francaise","18":"tag-spatial","19":"tag-toulouse"},"share_on_mastodon":{"url":"https:\/\/pubeurope.com\/@fr\/115481310938035859","error":""},"_links":{"self":[{"href":"https:\/\/www.europesays.com\/fr\/wp-json\/wp\/v2\/posts\/507169","targetHints":{"allow":["GET"]}}],"collection":[{"href":"https:\/\/www.europesays.com\/fr\/wp-json\/wp\/v2\/posts"}],"about":[{"href":"https:\/\/www.europesays.com\/fr\/wp-json\/wp\/v2\/types\/post"}],"author":[{"embeddable":true,"href":"https:\/\/www.europesays.com\/fr\/wp-json\/wp\/v2\/users\/2"}],"replies":[{"embeddable":true,"href":"https:\/\/www.europesays.com\/fr\/wp-json\/wp\/v2\/comments?post=507169"}],"version-history":[{"count":0,"href":"https:\/\/www.europesays.com\/fr\/wp-json\/wp\/v2\/posts\/507169\/revisions"}],"wp:featuredmedia":[{"embeddable":true,"href":"https:\/\/www.europesays.com\/fr\/wp-json\/wp\/v2\/media\/507170"}],"wp:attachment":[{"href":"https:\/\/www.europesays.com\/fr\/wp-json\/wp\/v2\/media?parent=507169"}],"wp:term":[{"taxonomy":"category","embeddable":true,"href":"https:\/\/www.europesays.com\/fr\/wp-json\/wp\/v2\/categories?post=507169"},{"taxonomy":"post_tag","embeddable":true,"href":"https:\/\/www.europesays.com\/fr\/wp-json\/wp\/v2\/tags?post=507169"}],"curies":[{"name":"wp","href":"https:\/\/api.w.org\/{rel}","templated":true}]}}