{"id":507173,"date":"2025-11-02T17:36:12","date_gmt":"2025-11-02T17:36:12","guid":{"rendered":"https:\/\/www.europesays.com\/fr\/507173\/"},"modified":"2025-11-02T17:36:12","modified_gmt":"2025-11-02T17:36:12","slug":"lille-menaces-de-mort-crachats-coups-six-policiers-victimes-dun-homme-extremement-connu-de-la-justice","status":"publish","type":"post","link":"https:\/\/www.europesays.com\/fr\/507173\/","title":{"rendered":"Lille. Menaces de mort, crachats, coups&#8230; six policiers victimes d&rsquo;un homme \u00ab\u00a0extr\u00eamement connu\u00a0\u00bb de la justice"},"content":{"rendered":"<p>            Par<br \/>\n        <strong><br \/>\n            <a href=\"https:\/\/actu.fr\/auteur\/zoe-hondt\" title=\"Consulter tous les articles de Zoe Hondt\" rel=\"nofollow noopener\" target=\"_blank\">Zoe Hondt<\/a><br \/>\n        <\/strong><\/p>\n<p>        Publi\u00e9 le<\/p>\n<p>            2 nov. 2025 \u00e0 18h20        <\/p>\n<p>Lundi 27 octobre 2025, un homme de 33 ans a \u00e9t\u00e9 jug\u00e9 au tribunal de <a href=\"https:\/\/actu.fr\/lille\/\" rel=\"nofollow noopener\" target=\"_blank\">Lille<\/a> (Nord) pour <b>violences, r\u00e9bellion et outrages \u00e0 l\u2019encontre de fonctionnaires de police<\/b>. Les faits se d\u00e9roulent quelques jours plus t\u00f4t, le 22 octobre, pr\u00e8s de la <a href=\"https:\/\/actu.fr\/tag\/gare-lille-flandres\" rel=\"nofollow noopener\" target=\"_blank\">gare Lille-Flandres<\/a> : sans-abri, il se voit <b>retirer sa tente<\/b> par un agent municipal. M\u00e9content, il d\u00e9grade le v\u00e9hicule de ce dernier avant d\u2019\u00eatre rattrap\u00e9 par les forces de l\u2019ordre. <b>Six policiers ont port\u00e9 plainte<\/b> et se sont constitu\u00e9s parties civiles. Le pr\u00e9venu d\u00e9nonce des <b>violences polici\u00e8res<\/b>. D\u00e9tails.<\/p>\n<p>Une interpellation d\u2019une rare violence<\/p>\n<p class=\" wall-content\">Le 22 octobre vers 12 h 30, pr\u00e8s de la gare Lille-Flandres, <b>deux tentes appartenant \u00e0 des sans-abri sont d\u00e9log\u00e9es<\/b> par un agent municipal. L\u2019un des concern\u00e9s demande de l\u2019aide aux <a href=\"https:\/\/actu.fr\/hauts-de-france\/lille_59350\/metro-bus-train-ou-tram-ces-policiers-luttent-contre-la-delinquance-dans-les-transports-a-lille_39989567.html\" rel=\"nofollow noopener\" target=\"_blank\">policiers du SISTC<\/a>, brigade r\u00e9guli\u00e8re qu\u2019il conna\u00eet bien et avec laquelle il n\u2019a jamais eu de probl\u00e8me. L\u2019agent lui affirme qu\u2019il n\u2019\u00e9tait pas au courant de cette op\u00e9ration, qu\u2019il peut r\u00e9cup\u00e9rer une nouvelle tente aupr\u00e8s de la mairie et \u00e9galement porter plainte si des effets personnels se trouvaient \u00e0 l\u2019int\u00e9rieur. Une r\u00e9ponse pas assez satisfaisante, qui pousse le sans-abri \u00e0 <b>faire justice lui-m\u00eame<\/b>. <b>Il jette une pierre sur le v\u00e9hicule municipal<\/b> avant de prendre la fuite en courant. Il est rattrap\u00e9 par les policiers qui <b>proc\u00e8dent \u00e0 l\u2019interpellation tant bien que mal<\/b>. \u00ab\u00a0Je ne l\u2019ai jamais vu dans cet \u00e9tat d\u2019excitation extr\u00eame\u00a0\u00bb, affirme l\u2019un d\u2019eux au tribunal.<\/p>\n<p class=\" wall-content\">Jusqu\u2019au commissariat, c\u2019est un \u00ab\u00a0d\u00e9cha\u00eenement de violences\u00a0\u00bb : <b>insultes, crachats, coups de pied, morsure, coups de poing et menaces de mort<\/b> envers les policiers. Le pr\u00e9venu est \u00e9galement retrouv\u00e9 avec \u00ab\u00a0la l\u00e8vre inf\u00e9rieure totalement tum\u00e9fi\u00e9e, du sang s\u00e9ch\u00e9, l\u2019arcade gonfl\u00e9e et le tee-shirt d\u00e9chir\u00e9\u00a0\u00bb. Au total, il a fallu pas moins de <b>six policiers pour ma\u00eetriser l\u2019homme<\/b>. Constitu\u00e9s parties civiles, ils t\u00e9moignent au tribunal : \u00ab\u00a0Son \u00e9tat d\u2019\u00e9nervement \u00e9tait tr\u00e8s avanc\u00e9, il se frappait la t\u00eate au sol, contre la vitre de la voiture. On a d\u00fb lui menotter les mains et les pieds car il sautait comme un diable. Les coups allaient dans tous les sens, on a maintenu sa t\u00eate contre le si\u00e8ge avec le genou.\u00a0\u00bb<\/p>\n<p class=\" wall-content\">Dans le box des pr\u00e9venus, l\u2019homme a d\u00fb mal \u00e0 se concentrer. Il explique <b>souffrir d\u2019\u00e9pilepsie depuis la naissance<\/b>. Ce serait d\u2019ailleurs ce qu\u2019il s\u2019est pass\u00e9 : \u00ab\u00a0Je ne suis pas conscient quand je fais une crise, je fais des gestes anormaux. Je les ai pr\u00e9venus mais ils m\u2019ont tabass\u00e9.\u00a0\u00bb Il <b>nie avoir agress\u00e9 les forces de l\u2019ordre<\/b>, ce n\u2019\u00e9tait que de la l\u00e9gitime d\u00e9fense selon lui. Les victimes penchent plut\u00f4t pour de \u00ab\u00a0la simulation\u00a0\u00bb. Au tribunal, se rem\u00e9morer les faits \u00e9nerve le pr\u00e9venu et <b>son humeur change brutalement<\/b>. Il prof\u00e8re des menaces de mort envers les parties civiles et demande \u00e0 retourner dans les ge\u00f4les. Il revient quelques minutes plus tard, plus calme, avant de <b>se r\u00e9volter une seconde fois<\/b> vingt minutes apr\u00e8s. Le pr\u00e9venu de 33 ans arrache le micro et crache en direction des victimes. <b>La pr\u00e9sidente l\u2019expulse<\/b> pour le reste de l\u2019audience.<\/p>\n<p>\u00ab\u00a0Il n\u2019existe pas sauf pour la justice\u00a0\u00bb<\/p>\n<p class=\" wall-content\">Pour l\u2019avocat des policiers, le comportement du pr\u00e9venu est \u00ab\u00a0extr\u00eamement choquant\u00a0\u00bb et surtout \u00ab\u00a0inacceptable\u00a0\u00bb. Il plaide des conditions de travail \u00ab\u00a0de plus en plus compliqu\u00e9es\u00a0\u00bb malgr\u00e9 une \u00ab\u00a0habitude \u00e0 \u00eatre confront\u00e9 \u00e0 la violence\u00a0\u00bb. L\u2019avocat rappellent qu\u2019ils \u00ab\u00a0ne faisaient que leur travail\u00a0\u00bb et affirme : \u00ab\u00a0L\u2019autorit\u00e9 est bafou\u00e9e. C\u2019est devenu un m\u00e9tier \u00e0 risque, ils en prennent plein la gueule \u00e9motionnellement.\u00a0\u00bb Il demande <b>1 000 euros de dommages et int\u00e9r\u00eats pour chacun<\/b>.<\/p>\n<p class=\" wall-content\">L\u2019avocate du pr\u00e9venu demande au tribunal \u00ab\u00a0de faire la part des choses\u00a0\u00bb et de \u00ab\u00a0cerner l\u2019humain\u00a0\u00bb. Elle d\u00e9fend : \u00ab\u00a0Sans-abri depuis six ans suite au d\u00e9c\u00e8s de ses parents, il n\u2019existe pas sauf pour la justice. Il est totalement fracass\u00e9 ! Il ne peut compter que sur lui-m\u00eame alors il d\u00e9truit tout ce qui l\u2019approche. Lorsqu\u2019il a un trop plein \u00e9motionnel, c\u2019est l\u2019explosion.\u00a0\u00bb Elle soutient qu\u2019un \u00ab\u00a0parcours de vie est encore possible\u00a0\u00bb.<\/p>\n<p>Votre r\u00e9gion, votre actu !<\/p>\n<p>Recevez chaque jour les infos qui comptent pour vous.<\/p>\n<p>\t<a href=\"https:\/\/actu.fr\/newsletter\" class=\"ac-btn ac-btn--corner ac-btn--medium ac-btn--blue800\" rel=\"nofollow noopener\" target=\"_blank\">S&rsquo;incrire<\/a><\/p>\n<p class=\" wall-content\">La procureure \u00e9voque une affaire \u00ab\u00a0particuli\u00e8rement d\u00e9sesp\u00e9rante\u00a0\u00bb au regard de la cause de l\u2019interpellation. Si elle se dit <b>touch\u00e9e par la situation du pr\u00e9venu<\/b>, elle rapporte tout de m\u00eame une \u00ab\u00a0intervention d\u00e9mesur\u00e9e\u00a0\u00bb malgr\u00e9 un \u00ab\u00a0choc \u00e9motif fort\u00a0\u00bb. Selon elle, \u00ab\u00a0il faut \u00e9videmment faire usage de la force\u00a0\u00bb : <b>aucun \u00e9tat de sant\u00e9 ne peut justifier les actes<\/b> et il ne s\u2019agissait pas de l\u00e9gitime d\u00e9fense. La procureure requiert <b>18 mois d\u2019emprisonnement avec mandat de d\u00e9p\u00f4t<\/b> et la <b>r\u00e9vocation d\u2019un pr\u00e9c\u00e9dent sursis \u00e0 hauteur de quatre mois<\/b>. L\u2019homme de 33 ans est finalement condamn\u00e9 \u00e0 <b>huit mois d\u2019emprisonnement. <\/b>Le pr\u00e9c\u00e9dent sursis est r\u00e9voqu\u00e9.<\/p>\n<p class=\" wall-content\">Personnalisez votre actualit\u00e9 en ajoutant vos villes et m\u00e9dias en favori avec <a href=\"https:\/\/moncompte.actu.fr\" title=\"D\u00e9couvez Mon Actu\" rel=\"nofollow noopener\" data-trk=\"{&quot;cta&quot;:{&quot;action&quot;:&quot;https:\\\/\\\/moncompte.actu.fr&quot;,&quot;category&quot;:&quot;mon compte&quot;,&quot;from&quot;:&quot;article footer&quot;,&quot;name&quot;:&quot;Mon actu&quot;,&quot;type&quot;:&quot;cta&quot;}}\" target=\"_blank\">Mon Actu<\/a>.<\/p>\n","protected":false},"excerpt":{"rendered":"Par Zoe Hondt Publi\u00e9 le 2 nov. 2025 \u00e0 18h20 Lundi 27 octobre 2025, un homme de 33&hellip;\n","protected":false},"author":2,"featured_media":507174,"comment_status":"","ping_status":"","sticky":false,"template":"","format":"standard","meta":{"footnotes":""},"categories":[2815],"tags":[1111,11,1777,674,118,1011,27,811,303,1307,12,2694,25],"class_list":{"0":"post-507173","1":"post","2":"type-post","3":"status-publish","4":"format-standard","5":"has-post-thumbnail","7":"category-lille","8":"tag-actu","9":"tag-actualites","10":"tag-eu","11":"tag-europe","12":"tag-faits-divers","13":"tag-fr","14":"tag-france","15":"tag-hauts-de-france","16":"tag-justice","17":"tag-lille","18":"tag-news","19":"tag-proces","20":"tag-republique-francaise"},"share_on_mastodon":{"url":"https:\/\/pubeurope.com\/@fr\/115481318830441117","error":""},"_links":{"self":[{"href":"https:\/\/www.europesays.com\/fr\/wp-json\/wp\/v2\/posts\/507173","targetHints":{"allow":["GET"]}}],"collection":[{"href":"https:\/\/www.europesays.com\/fr\/wp-json\/wp\/v2\/posts"}],"about":[{"href":"https:\/\/www.europesays.com\/fr\/wp-json\/wp\/v2\/types\/post"}],"author":[{"embeddable":true,"href":"https:\/\/www.europesays.com\/fr\/wp-json\/wp\/v2\/users\/2"}],"replies":[{"embeddable":true,"href":"https:\/\/www.europesays.com\/fr\/wp-json\/wp\/v2\/comments?post=507173"}],"version-history":[{"count":0,"href":"https:\/\/www.europesays.com\/fr\/wp-json\/wp\/v2\/posts\/507173\/revisions"}],"wp:featuredmedia":[{"embeddable":true,"href":"https:\/\/www.europesays.com\/fr\/wp-json\/wp\/v2\/media\/507174"}],"wp:attachment":[{"href":"https:\/\/www.europesays.com\/fr\/wp-json\/wp\/v2\/media?parent=507173"}],"wp:term":[{"taxonomy":"category","embeddable":true,"href":"https:\/\/www.europesays.com\/fr\/wp-json\/wp\/v2\/categories?post=507173"},{"taxonomy":"post_tag","embeddable":true,"href":"https:\/\/www.europesays.com\/fr\/wp-json\/wp\/v2\/tags?post=507173"}],"curies":[{"name":"wp","href":"https:\/\/api.w.org\/{rel}","templated":true}]}}