{"id":507175,"date":"2025-11-02T17:37:15","date_gmt":"2025-11-02T17:37:15","guid":{"rendered":"https:\/\/www.europesays.com\/fr\/507175\/"},"modified":"2025-11-02T17:37:15","modified_gmt":"2025-11-02T17:37:15","slug":"lille-colere-apres-la-mort-de-mathis-etudiant-de-19-ans-projete-contre-un-arbre-par-une-voiture-folle-la-nuit-derniere-alors-que-le-chauffard-fuyait-un-controle-de-police-video","status":"publish","type":"post","link":"https:\/\/www.europesays.com\/fr\/507175\/","title":{"rendered":"Lille : Col\u00e8re apr\u00e8s la mort de Mathis, \u00e9tudiant de 19 ans, projet\u00e9 contre un arbre par une voiture folle la nuit derni\u00e8re, alors que le chauffard fuyait un contr\u00f4le de police &#8211; Vid\u00e9o"},"content":{"rendered":"<p>Il s&rsquo;appelait Mathis, il n&rsquo;avait que 19 ans et il \u00e9tait un \u00e9tudiant qui \u00e9tait sorti faire la f\u00eate avec des amis dans la nuit de samedi \u00e0 dimanche. Mais il a \u00e9t\u00e9 violemment percut\u00e9 par une voiture qui fuyait les forces de l&rsquo;ordre, le tout film\u00e9 par hasard par un passant qui a assist\u00e9 \u00e0 la sc\u00e8ne.<\/p>\n<p>Tout a commenc\u00e9, samedi, peu avant 5 h du matin, quand cet \u00e9tudiant de 19 ans originaire d\u2019Arques,\u00a0\u00a0pr\u00e8s de Saint-Omer dans le Pas-de-Calais,\u00a0a \u00e9t\u00e9 tu\u00e9 en traversant le boulevard de la Libert\u00e9 \u00e0 Lille, fauch\u00e9 par une voiture circulant \u00e0 vive allure.<\/p>\n<p>Une vid\u00e9o de l\u2019accident tourne sur les r\u00e9seaux sociaux, o\u00f9 l\u2019on voit notamment le v\u00e9hicule franchir un feu rouge. Apr\u00e8s un refus d\u2019obtemp\u00e9rer, cette voiture folle a violemment percut\u00e9 le jeune homme, qui a \u00e9t\u00e9 projet\u00e9 contre un arbre.<\/p>\n<p>Pris en charge par les pompiers et une \u00e9quipe du Samu, il est d\u00e9c\u00e9d\u00e9.<\/p>\n<p>Les amis avec qui il \u00e9tait sont miraculeusement, indemnes mais tr\u00e8s choqu\u00e9s, comme on peut l&rsquo;imaginer apr\u00e8s avoir assist\u00e9 \u00e0 une sc\u00e8ne d&rsquo;une telle violence.<\/p>\n<p>Le conducteur de la voiture, lui, a \u00e9t\u00e9 intercept\u00e9 et interpell\u00e9 peu apr\u00e8s les faits. Il a \u00e9t\u00e9 plac\u00e9 en garde \u00e0 vue. Il \u00e9tait soup\u00e7onn\u00e9, avant l\u2019accident, d\u2019avoir consomm\u00e9 du protoxyde d\u2019azote au volant.<\/p>\n<p>Ancien policier, et eurod\u00e9put\u00e9 du RN, Mathhieu Valet a parl\u00e9 avec la maman du jeune homme dont il publie la photo en \u00e9crivant:<\/p>\n<p>\u00ab\u00a0Boulevers\u00e9 apr\u00e8s mon \u00e9change avec la maman de Mathis, 19 ans, tu\u00e9 \u00e0 Lille par un criminel de la route. \u201cIl aimait vivre, faire le pitre\u201d\u2026 des mots d\u2019une m\u00e8re bris\u00e9e mais digne. Elle se battra pour la m\u00e9moire de son fils. Nous serons \u00e0 ses c\u00f4t\u00e9s. Ne l\u00e2chez rien Laetitia\u00a0\u00bb<\/p>\n<p>\u00a0<\/p>\n<p>\u00a0<\/p>\n<blockquote class=\"twitter-tweet\">\n<p lang=\"fr\" dir=\"ltr\">Mathis, 19 ans, fauch\u00e9 par un multir\u00e9cidiviste : un drame, pas un fait divers<\/p>\n<p>Dans la nuit de vendredi \u00e0 samedi, boulevard de la Libert\u00e9 \u00e0 Lille, Mathis, 19 ans, a \u00e9t\u00e9 percut\u00e9 de plein fouet par un conducteur multir\u00e9cidiviste qui refusait d\u2019obtemp\u00e9rer.<br \/>Sous le coup d\u2019un\u2026 <a href=\"https:\/\/t.co\/owGYVDnTmb\">pic.twitter.com\/owGYVDnTmb<\/a><\/p>\n<p>\u2014 Lionel Tivoli (@Lionel_Tivoli) <a href=\"https:\/\/twitter.com\/Lionel_Tivoli\/status\/1985026180714488311?ref_src=twsrc%5Etfw\" target=\"_blank\" rel=\"noopener\">November 2, 2025<\/a><\/p><\/blockquote>\n<blockquote class=\"twitter-tweet\">\n<p lang=\"fr\" dir=\"ltr\">Boulevers\u00e9 apr\u00e8s mon \u00e9change avec la maman de Mathis, 19 ans, tu\u00e9 \u00e0 Lille par un criminel de la route.<\/p>\n<p>\u201cIl aimait vivre, faire le pitre\u201d\u2026 <br \/>des mots d\u2019une m\u00e8re bris\u00e9e mais digne.<\/p>\n<p>Elle se battra pour la m\u00e9moire de son fils. Nous serons \u00e0 ses c\u00f4t\u00e9s.<\/p>\n<p>Ne l\u00e2chez rien Laetitia ! <a href=\"https:\/\/t.co\/GoWImDr5jn\">pic.twitter.com\/GoWImDr5jn<\/a><\/p>\n<p>\u2014 Matthieu Valet (@mvalet_officiel) <a href=\"https:\/\/twitter.com\/mvalet_officiel\/status\/1985017554352660947?ref_src=twsrc%5Etfw\" target=\"_blank\" rel=\"noopener\">November 2, 2025<\/a><\/p><\/blockquote>\n<p>          <script async src=\"https:\/\/platform.twitter.com\/widgets.js\" charset=\"utf-8\"><\/script><\/p>\n","protected":false},"excerpt":{"rendered":"Il s&rsquo;appelait Mathis, il n&rsquo;avait que 19 ans et il \u00e9tait un \u00e9tudiant qui \u00e9tait sorti faire la&hellip;\n","protected":false},"author":2,"featured_media":507176,"comment_status":"","ping_status":"","sticky":false,"template":"","format":"standard","meta":{"footnotes":""},"categories":[2815],"tags":[119,1111,11,1777,674,1011,27,811,1307,12,25,4752],"class_list":{"0":"post-507175","1":"post","2":"type-post","3":"status-publish","4":"format-standard","5":"has-post-thumbnail","7":"category-lille","8":"tag-accident","9":"tag-actu","10":"tag-actualites","11":"tag-eu","12":"tag-europe","13":"tag-fr","14":"tag-france","15":"tag-hauts-de-france","16":"tag-lille","17":"tag-news","18":"tag-republique-francaise","19":"tag-voiture"},"share_on_mastodon":{"url":"https:\/\/pubeurope.com\/@fr\/115481322718805541","error":""},"_links":{"self":[{"href":"https:\/\/www.europesays.com\/fr\/wp-json\/wp\/v2\/posts\/507175","targetHints":{"allow":["GET"]}}],"collection":[{"href":"https:\/\/www.europesays.com\/fr\/wp-json\/wp\/v2\/posts"}],"about":[{"href":"https:\/\/www.europesays.com\/fr\/wp-json\/wp\/v2\/types\/post"}],"author":[{"embeddable":true,"href":"https:\/\/www.europesays.com\/fr\/wp-json\/wp\/v2\/users\/2"}],"replies":[{"embeddable":true,"href":"https:\/\/www.europesays.com\/fr\/wp-json\/wp\/v2\/comments?post=507175"}],"version-history":[{"count":0,"href":"https:\/\/www.europesays.com\/fr\/wp-json\/wp\/v2\/posts\/507175\/revisions"}],"wp:featuredmedia":[{"embeddable":true,"href":"https:\/\/www.europesays.com\/fr\/wp-json\/wp\/v2\/media\/507176"}],"wp:attachment":[{"href":"https:\/\/www.europesays.com\/fr\/wp-json\/wp\/v2\/media?parent=507175"}],"wp:term":[{"taxonomy":"category","embeddable":true,"href":"https:\/\/www.europesays.com\/fr\/wp-json\/wp\/v2\/categories?post=507175"},{"taxonomy":"post_tag","embeddable":true,"href":"https:\/\/www.europesays.com\/fr\/wp-json\/wp\/v2\/tags?post=507175"}],"curies":[{"name":"wp","href":"https:\/\/api.w.org\/{rel}","templated":true}]}}