{"id":507181,"date":"2025-11-02T17:40:11","date_gmt":"2025-11-02T17:40:11","guid":{"rendered":"https:\/\/www.europesays.com\/fr\/507181\/"},"modified":"2025-11-02T17:40:11","modified_gmt":"2025-11-02T17:40:11","slug":"plombe-par-le-dernier-sondage-que-va-faire-georges-kepenekian","status":"publish","type":"post","link":"https:\/\/www.europesays.com\/fr\/507181\/","title":{"rendered":"plomb\u00e9 par le dernier sondage, que va faire Georges K\u00e9p\u00e9n\u00e9kian\u00a0?"},"content":{"rendered":"<p>\u00ab\u00a0Lorsque le sondage sort et que vous marchez dans la rue, vous avez l\u2019impression que tout le monde n\u2019a que \u00e7a en t\u00eate\u00a0\u00bb, confie Georges K\u00e9p\u00e9n\u00e9kian qui en sourit quand m\u00eame. Dans son cas, le supplice a dur\u00e9. Son mauvais score lui a \u00e9t\u00e9 communiqu\u00e9 trois jours avant la diffusion officielle.<\/p>\n<p>Depuis, une rumeur court. Le chirurgien urologue, figure de la communaut\u00e9 arm\u00e9nienne, longtemps proche de <a href=\"https:\/\/www.leprogres.fr\/p\/gerard-collomb\" target=\"_blank\" rel=\"nofollow noopener\">G\u00e9rard Collomb<\/a>, songerait \u00e0 mettre un terme \u00e0 sa campagne.<\/p>\n<p>Pas de rumeur sans fond de v\u00e9rit\u00e9. Le candidat de centre gauche s\u2019est ouvert \u00e0 des proches de cette possibilit\u00e9. Mais jeudi au caf\u00e9 Bellecour, il sert une autre version. \u00ab\u00a0\u00c0 qui profite cette rumeur\u00a0? Qui a int\u00e9r\u00eat \u00e0 ce que je n\u2019y aille pas\u00a0?\u00a0\u00bb. R\u00e9ponse\u00a0: \u00ab\u00a0Ceux qui veulent me&#8230;<\/p>\n","protected":false},"excerpt":{"rendered":"\u00ab\u00a0Lorsque le sondage sort et que vous marchez dans la rue, vous avez l\u2019impression que tout le monde&hellip;\n","protected":false},"author":2,"featured_media":507182,"comment_status":"","ping_status":"","sticky":false,"template":"","format":"standard","meta":{"footnotes":""},"categories":[1889],"tags":[1111,11,2430,2757,4188,1777,674,107,1011,27,2428,2756,12,316,25,2429],"class_list":{"0":"post-507181","1":"post","2":"type-post","3":"status-publish","4":"format-standard","5":"has-post-thumbnail","7":"category-lyon","8":"tag-actu","9":"tag-actualites","10":"tag-auvergne-rhone-alpes","11":"tag-edition-lyon-villeurbanne","12":"tag-elections-municipales","13":"tag-eu","14":"tag-europe","15":"tag-fil-info","16":"tag-fr","17":"tag-france","18":"tag-lyon","19":"tag-lyon-bassin","20":"tag-news","21":"tag-politique","22":"tag-republique-francaise","23":"tag-rhone"},"share_on_mastodon":{"url":"https:\/\/pubeurope.com\/@fr\/115481334541158441","error":""},"_links":{"self":[{"href":"https:\/\/www.europesays.com\/fr\/wp-json\/wp\/v2\/posts\/507181","targetHints":{"allow":["GET"]}}],"collection":[{"href":"https:\/\/www.europesays.com\/fr\/wp-json\/wp\/v2\/posts"}],"about":[{"href":"https:\/\/www.europesays.com\/fr\/wp-json\/wp\/v2\/types\/post"}],"author":[{"embeddable":true,"href":"https:\/\/www.europesays.com\/fr\/wp-json\/wp\/v2\/users\/2"}],"replies":[{"embeddable":true,"href":"https:\/\/www.europesays.com\/fr\/wp-json\/wp\/v2\/comments?post=507181"}],"version-history":[{"count":0,"href":"https:\/\/www.europesays.com\/fr\/wp-json\/wp\/v2\/posts\/507181\/revisions"}],"wp:featuredmedia":[{"embeddable":true,"href":"https:\/\/www.europesays.com\/fr\/wp-json\/wp\/v2\/media\/507182"}],"wp:attachment":[{"href":"https:\/\/www.europesays.com\/fr\/wp-json\/wp\/v2\/media?parent=507181"}],"wp:term":[{"taxonomy":"category","embeddable":true,"href":"https:\/\/www.europesays.com\/fr\/wp-json\/wp\/v2\/categories?post=507181"},{"taxonomy":"post_tag","embeddable":true,"href":"https:\/\/www.europesays.com\/fr\/wp-json\/wp\/v2\/tags?post=507181"}],"curies":[{"name":"wp","href":"https:\/\/api.w.org\/{rel}","templated":true}]}}