{"id":507183,"date":"2025-11-02T17:41:12","date_gmt":"2025-11-02T17:41:12","guid":{"rendered":"https:\/\/www.europesays.com\/fr\/507183\/"},"modified":"2025-11-02T17:41:12","modified_gmt":"2025-11-02T17:41:12","slug":"compositions-chaine-tv-heure-et-cotes-26","status":"publish","type":"post","link":"https:\/\/www.europesays.com\/fr\/507183\/","title":{"rendered":"Compositions, Cha\u00eene TV, Heure et Cotes"},"content":{"rendered":"<p style=\"text-align: justify;\"><strong>LIGUE 1 2025-2026 \u2013 \u00c0 quelle heure et sur quelle cha\u00eene TV suivre le match de Ligue 1 entre Brest et l\u2019Olympique Lyonnais ? Retrouvez \u00e9galement les compositions probables des deux \u00e9quipes.<\/strong><\/p>\n<p style=\"text-align: justify;\">Le <strong>Stade Brestois<\/strong> reste sur une s\u00e9rie de quatre matchs sans victoire. Les Bretons ont d\u2019abord encha\u00een\u00e9 deux matchs nuls face \u00e0 <strong>Nantes<\/strong> puis <strong>Lorient<\/strong>, avant de subir deux d\u00e9faites cons\u00e9cutives. Ils se sont inclin\u00e9s \u00e0 domicile contre le <strong>Paris Saint-Germain<\/strong> avant de tomber en d\u00e9placement au <strong>Havre<\/strong> en milieu de semaine. Avant cette rencontre, <strong>Brest<\/strong> occupe la 14e place du classement.<\/p>\n<p>Brest veut r\u00e9sister \u00e0 Lyon<\/p>\n<p style=\"text-align: justify;\">L\u2019<strong>Olympique Lyonnais<\/strong> reste sur un spectaculaire match nul (3-3) sur la pelouse du <strong>Paris FC<\/strong> apr\u00e8s avoir men\u00e9 de trois buts. Les <strong>Lyonnais<\/strong> ont laiss\u00e9 \u00e9chapper une occasion de revenir \u00e0 hauteur des premiers au classement de Ligue 1. Le week-end pr\u00e9c\u00e9dent, ils avaient renou\u00e9 avec la victoire en dominant <strong>Strasbourg<\/strong> gr\u00e2ce \u00e0 un but inscrit dans les derni\u00e8res minutes.<\/p>\n<p style=\"text-align: justify;\">La saison pass\u00e9e, les deux \u00e9quipes s\u2019\u00e9taient neutralis\u00e9es en remportant chacune l\u2019une des deux confrontations. Chez les bookmakers, l\u2019<strong>Olympique Lyonnais<\/strong> fait figure de favori pour ce d\u00e9placement \u00e0 <strong>Brest<\/strong>.<\/p>\n<p>Ligue 1 : Le programme TV de Brest-Lyon<br \/>\nDimanche 2 novembre 2025<\/p>\n<p style=\"text-align: justify;\"><b>Match diffus\u00e9 sur Ligue 1+<\/b><b>\u00a0: <\/b>D\u00e9but du match \u00e0<strong> 20h45.<\/strong><\/p>\n<p>Les compositions officielles de Brest-Lyon<br \/>\nLa composition de Brest<\/p>\n<p style=\"text-align: justify;\">Majecki \u2013 Lala, Chardonnet, Coulibaly, Locko \u2013 Chotard, Tousart, Magnetti \u2013 Del Castillo, Ajorque, Bald\u00e9<\/p>\n<p>La composition de Lyon<\/p>\n<p style=\"text-align: justify;\">Greif \u2013 Maitland-Niles, Mata, Niakhat\u00e9, Tagliafico \u2013 Morton, Tessmann, Tolisso \u2013 Karabec, Moreira, Satriano<\/p>\n<p>Les cotes de Brest-Lyon<\/p>\n<tr style=\"height: 16px;\">\n<td style=\"background-color: #404040; border-color: #ededed; width: 840px; text-align: left;\" colspan=\"3\"><strong><img loading=\"lazy\" decoding=\"async\" class=\"alignnone wp-image-512842 perfmatters-lazy\" alt=\"\" width=\"14\" height=\"13\" src=\"https:\/\/www.europesays.com\/fr\/wp-content\/uploads\/2025\/05\/Logo-Winamax.png\"  data-\/> Dimanche 2 novembre 20h45<\/strong><\/td>\n<\/tr>\n<tr style=\"height: 24px;\">\n<td style=\"background-color: #ffffff; border-color: #ededed; vertical-align: middle; text-align: center; width: 266px;\"><strong>Brest<br \/><\/strong><a href=\"https:\/\/www.winamax.fr\/paris-sportifs\/match\/61526168?banid=33423\" class=\"su-button su-button-style-flat su-button-wide\" style=\"color:#fff;background-color:#0860ff;border-color:#074dcc;border-radius:5px\" target=\"_blank\" rel=\"noopener noreferrer\"> 2.95<\/a><\/td>\n<td style=\"background-color: #ffffff; border-color: #ededed; vertical-align: middle; text-align: center; width: 266px;\"><strong>Match nul<\/strong><br \/><a href=\"https:\/\/www.winamax.fr\/paris-sportifs\/match\/61526168?banid=33423\" class=\"su-button su-button-style-flat su-button-wide\" style=\"color:#fff;background-color:#0860ff;border-color:#074dcc;border-radius:5px\" target=\"_blank\" rel=\"noopener noreferrer\"> 3.25<\/a><\/td>\n<td style=\"background-color: #ffffff; border-color: #ededed; vertical-align: middle; text-align: center; width: 266px;\"><strong>Lyon<\/strong><br \/><a href=\"https:\/\/www.winamax.fr\/paris-sportifs\/match\/61526168?banid=33423\" class=\"su-button su-button-style-flat su-button-wide\" style=\"color:#fff;background-color:#0860ff;border-color:#074dcc;border-radius:5px\" target=\"_blank\" rel=\"noopener noreferrer\"> 2.05<\/a><\/td>\n<\/tr>\n<p style=\"text-align: justify;\">Tentez votre chance en profitant de votre <a href=\"https:\/\/www.winamax.fr\/registration\/landing\/affiliation_Bonus100?banid=33423\" target=\"_blank\" rel=\"noopener\">1er d\u00e9p\u00f4t doubl\u00e9 jusqu\u2019\u00e0 100 \u20ac<\/a> direct en paris gratuits sur Winamax !<\/p>\n","protected":false},"excerpt":{"rendered":"LIGUE 1 2025-2026 \u2013 \u00c0 quelle heure et sur quelle cha\u00eene TV suivre le match de Ligue 1&hellip;\n","protected":false},"author":2,"featured_media":507184,"comment_status":"","ping_status":"","sticky":false,"template":"","format":"standard","meta":{"footnotes":""},"categories":[1889],"tags":[1111,11,2430,3450,2113,1777,674,63,1011,27,66,2428,12,978,502,25],"class_list":{"0":"post-507183","1":"post","2":"type-post","3":"status-publish","4":"format-standard","5":"has-post-thumbnail","7":"category-lyon","8":"tag-actu","9":"tag-actualites","10":"tag-auvergne-rhone-alpes","11":"tag-brest","12":"tag-breve","13":"tag-eu","14":"tag-europe","15":"tag-football","16":"tag-fr","17":"tag-france","18":"tag-ligue-1","19":"tag-lyon","20":"tag-news","21":"tag-olympique-lyonnais","22":"tag-programme-tv","23":"tag-republique-francaise"},"share_on_mastodon":{"url":"https:\/\/pubeurope.com\/@fr\/115481339011432462","error":""},"_links":{"self":[{"href":"https:\/\/www.europesays.com\/fr\/wp-json\/wp\/v2\/posts\/507183","targetHints":{"allow":["GET"]}}],"collection":[{"href":"https:\/\/www.europesays.com\/fr\/wp-json\/wp\/v2\/posts"}],"about":[{"href":"https:\/\/www.europesays.com\/fr\/wp-json\/wp\/v2\/types\/post"}],"author":[{"embeddable":true,"href":"https:\/\/www.europesays.com\/fr\/wp-json\/wp\/v2\/users\/2"}],"replies":[{"embeddable":true,"href":"https:\/\/www.europesays.com\/fr\/wp-json\/wp\/v2\/comments?post=507183"}],"version-history":[{"count":0,"href":"https:\/\/www.europesays.com\/fr\/wp-json\/wp\/v2\/posts\/507183\/revisions"}],"wp:featuredmedia":[{"embeddable":true,"href":"https:\/\/www.europesays.com\/fr\/wp-json\/wp\/v2\/media\/507184"}],"wp:attachment":[{"href":"https:\/\/www.europesays.com\/fr\/wp-json\/wp\/v2\/media?parent=507183"}],"wp:term":[{"taxonomy":"category","embeddable":true,"href":"https:\/\/www.europesays.com\/fr\/wp-json\/wp\/v2\/categories?post=507183"},{"taxonomy":"post_tag","embeddable":true,"href":"https:\/\/www.europesays.com\/fr\/wp-json\/wp\/v2\/tags?post=507183"}],"curies":[{"name":"wp","href":"https:\/\/api.w.org\/{rel}","templated":true}]}}