{"id":507185,"date":"2025-11-02T17:43:12","date_gmt":"2025-11-02T17:43:12","guid":{"rendered":"https:\/\/www.europesays.com\/fr\/507185\/"},"modified":"2025-11-02T17:43:12","modified_gmt":"2025-11-02T17:43:12","slug":"la-belle-moisson-des-loir-et-cheriens-karl-sagnier-et-jean-groussin-pour-bien-finir-la-saison-2025","status":"publish","type":"post","link":"https:\/\/www.europesays.com\/fr\/507185\/","title":{"rendered":"la belle moisson des Loir-et-Ch\u00e9riens Karl Sagnier et Jean Groussin pour \u00ab\u00a0bien finir la saison 2025\u00a0\u00bb"},"content":{"rendered":"<p>Ils ne portent plus les maillots du comit\u00e9 loir-et-ch\u00e9rien ou de la r\u00e9gion Centre mais on continue de porter sur eux des yeux attentifs.\u00a0Karl Sagnier (18\u00a0ans, ex-VC Contres) et Jean Groussin (17\u00a0ans, ex-Team Vall\u00e9e du Cher) ont quitt\u00e9 leurs clubs en d\u00e9but d\u2019ann\u00e9e pour poursuivre leur progression avec la formation d\u2019Argenteuil. Apr\u00e8s leur saison sur route, on retrouvait ainsi les deux gar\u00e7ons\u00a0sous les couleurs de l\u2019\u00cele-de-France, du mercredi 29\u00a0octobre au dimanche 2\u00a0novembre, sur les <a target=\"_self\" href=\"https:\/\/www.lanouvellerepublique.fr\/loir-et-cher\/commune\/contres\/championnats-de-france-de-cyclisme-sur-piste-avenir-deja-trois-medailles-pour-le-loir-et-cherien-karl-sagnier-1761939047\" rel=\"noopener\">championnats de France de cyclisme sur piste de l\u2019avenir \u00e0 Loud\u00e9ac (C\u00f4tes-d\u2019Armor)<\/a>&#8230;. <\/p>\n<p>    Cet article a \u00e9t\u00e9 tronqu\u00e9. Abonnez-vous pour lire l&rsquo;article complet sur notre site.<\/p>\n<p style=\"margin: 0 !important; padding: 0 !important; font-size: 12px !important;\">Cet article a \u00e9t\u00e9 tronqu\u00e9. Abonnez-vous pour lire l&rsquo;article complet.<\/p>\n<p>    <a href=\"https:\/\/www.lanouvellerepublique.fr\/abonnements\" style=\"display: inline-block; margin-top: 5px !important; padding: 6px 12px !important; background: #cb1c27; color: white; text-decoration: none; border-radius: 4px; font-size: 12px !important;\" target=\"_blank\" rel=\"noopener\"><br \/>\n      S&rsquo;abonner<br \/>\n    <\/a><\/p>\n","protected":false},"excerpt":{"rendered":"Ils ne portent plus les maillots du comit\u00e9 loir-et-ch\u00e9rien ou de la r\u00e9gion Centre mais on continue de&hellip;\n","protected":false},"author":2,"featured_media":507186,"comment_status":"","ping_status":"","sticky":false,"template":"","format":"standard","meta":{"footnotes":""},"categories":[1592],"tags":[1111,11,62725,207,1777,674,1011,27,662,62726,4368,12,626,25,34447,62896,7071,60],"class_list":{"0":"post-507185","1":"post","2":"type-post","3":"status-publish","4":"format-standard","5":"has-post-thumbnail","7":"category-ile-de-france","8":"tag-actu","9":"tag-actualites","10":"tag-contres","11":"tag-cyclisme","12":"tag-eu","13":"tag-europe","14":"tag-fr","15":"tag-france","16":"tag-ile-de-france","17":"tag-le-controis-en-sologne","18":"tag-loir-et-cher","19":"tag-news","20":"tag-paris","21":"tag-republique-francaise","22":"tag-saint-aignan","23":"tag-saint-romain-sur-cher","24":"tag-selles-sur-cher","25":"tag-sports"},"share_on_mastodon":{"url":"","error":""},"_links":{"self":[{"href":"https:\/\/www.europesays.com\/fr\/wp-json\/wp\/v2\/posts\/507185","targetHints":{"allow":["GET"]}}],"collection":[{"href":"https:\/\/www.europesays.com\/fr\/wp-json\/wp\/v2\/posts"}],"about":[{"href":"https:\/\/www.europesays.com\/fr\/wp-json\/wp\/v2\/types\/post"}],"author":[{"embeddable":true,"href":"https:\/\/www.europesays.com\/fr\/wp-json\/wp\/v2\/users\/2"}],"replies":[{"embeddable":true,"href":"https:\/\/www.europesays.com\/fr\/wp-json\/wp\/v2\/comments?post=507185"}],"version-history":[{"count":0,"href":"https:\/\/www.europesays.com\/fr\/wp-json\/wp\/v2\/posts\/507185\/revisions"}],"wp:featuredmedia":[{"embeddable":true,"href":"https:\/\/www.europesays.com\/fr\/wp-json\/wp\/v2\/media\/507186"}],"wp:attachment":[{"href":"https:\/\/www.europesays.com\/fr\/wp-json\/wp\/v2\/media?parent=507185"}],"wp:term":[{"taxonomy":"category","embeddable":true,"href":"https:\/\/www.europesays.com\/fr\/wp-json\/wp\/v2\/categories?post=507185"},{"taxonomy":"post_tag","embeddable":true,"href":"https:\/\/www.europesays.com\/fr\/wp-json\/wp\/v2\/tags?post=507185"}],"curies":[{"name":"wp","href":"https:\/\/api.w.org\/{rel}","templated":true}]}}