{"id":507189,"date":"2025-11-02T17:45:14","date_gmt":"2025-11-02T17:45:14","guid":{"rendered":"https:\/\/www.europesays.com\/fr\/507189\/"},"modified":"2025-11-02T17:45:14","modified_gmt":"2025-11-02T17:45:14","slug":"sacre-au-masters-1000-de-paris-sinner-reprend-place-sur-le-trone-de-n-1","status":"publish","type":"post","link":"https:\/\/www.europesays.com\/fr\/507189\/","title":{"rendered":"Sacr\u00e9 au Masters 1000 de Paris, Sinner reprend place sur le tr\u00f4ne de N.1"},"content":{"rendered":"<p class=\"mb-4 text-lg md:leading-8 break-words\">Sacr\u00e9 dimanche pour la premi\u00e8re fois au Masters 1000 Paris en dominant Felix Auger-Aliassime 6-4, 7-6 (7\/4), Jannik Sinner retrouvera lundi son fauteuil de N.1 mondial, pr\u00e8s de deux mois apr\u00e8s l\u2019avoir c\u00e9d\u00e9 \u00e0 son grand rival Carlos Alcaraz apr\u00e8s la finale de l&rsquo;US Open.<\/p>\n<p class=\"mb-4 text-lg md:leading-8 break-words\">L\u2019Italien de 24 ans aura toutefois du mal \u00e0 terminer l\u2019ann\u00e9e au sommet du classement ATP: vainqueur des Finales ATP en 2024, il aura davantage de points \u00e0 d\u00e9fendre au Masters de Turin qu\u2019Alcaraz, \u00e9limin\u00e9 d\u00e8s son entr\u00e9e en lice \u00e0 Paris.<\/p>\n<p class=\"mb-4 text-lg md:leading-8 break-words\">Avec un cinqui\u00e8me titre en 2025, Sinner a v\u00e9cu une saison contrast\u00e9e, faite de hauts comme ses titres \u00e0 l&rsquo;Open d&rsquo;Australie et Wimbledon mais aussi de bas, comme sa suspension de trois mois apr\u00e8s des contr\u00f4les positifs \u00e0 un anabolisant, ou ses abandons aux Masters 1000 de Cincinnati et Shanghai.<\/p>\n<p class=\"mb-4 text-lg md:leading-8 break-words\">Pour la premi\u00e8re \u00e9dition du Masters 1000 de Paris \u00e0 La D\u00e9fense Arena, apr\u00e8s 40 ans \u00e0 Bercy, le droitier italien r\u00e9alise son meilleur parcours dans la capitale fran\u00e7aise (huiti\u00e8mes de finale en 2023).<\/p>\n<p class=\"mb-4 text-lg md:leading-8 break-words\">Le premier Italien \u00e0 s&rsquo;imposer dans le tournoi n\u2019a c\u00e9d\u00e9 aucun set de la semaine, o\u00f9 la surface (dur indoor) a mis en valeur ses retours foudroyants, particuli\u00e8rement en coup droit.<\/p>\n<p class=\"mb-4 text-lg md:leading-8 break-words\">Avant la finale, Auger-Aliassime menait trois victoires \u00e0 deux dans ses duels avec Sinner, mais il a remport\u00e9 l&rsquo;une des confrontations en raison d&rsquo;un forfait de l&rsquo;Italien et ne l&rsquo;a plus battu \u00e0 la r\u00e9guli\u00e8re depuis 2022.<\/p>\n<p class=\"mb-4 text-lg md:leading-8 break-words\">Et dimanche, l\u2019Italien a termin\u00e9 son tournoi comme il l&rsquo;a commenc\u00e9, imposant un rythme d&rsquo;enfer au Canadien de 25 ans avec un break d&rsquo;entr\u00e9e sous les yeux du footballeur du Paris SG D\u00e9sir\u00e9 Dou\u00e9.<\/p>\n<p class=\"mb-4 text-lg md:leading-8 break-words\">&#8211; Auger-Aliassime a r\u00e9sist\u00e9, en vain &#8211;<\/p>\n<p class=\"mb-4 text-lg md:leading-8 break-words\">Contraint d\u00e8s les premi\u00e8res minutes \u00e0 prendre plus de risques, \u00ab\u00a0FAA\u00a0\u00bb a cr\u00e2nement jou\u00e9 sa partition mais malgr\u00e9 sa d\u00e9fense h\u00e9ro\u00efque et ses services surpuissants, Sinner a tout renvoy\u00e9 et conclu la manche d&rsquo;un coup droit crois\u00e9 au filet en 44 minutes.<\/p>\n<p class=\"mb-4 text-lg md:leading-8 break-words\">\u00ab\u00a0Allez Felix\u00a0\u00bb, se sont pris \u00e0 esp\u00e9rer de nombreux spectateurs sur chaque coup gagnant d&rsquo;Auger-Aliassime dans le deuxi\u00e8me set, moins nerveux et plus juste.<\/p>\n<p class=\"mb-4 text-lg md:leading-8 break-words\">Le Canadien a tenu la drag\u00e9e haute \u00e0 Sinner, poussant le quadruple laur\u00e9at en Grand Chelem jusqu&rsquo;au tie-break, mais son coup droit mal ma\u00eetris\u00e9 \u00e0 2\/2 a donn\u00e9 \u00e0 Sinner un mini-break d&rsquo;avance, fatal \u00e0 FAA incapable de revenir sur l&rsquo;Italien, finalement vainqueur en 1H52.<\/p>\n<p class=\"mb-4 text-lg md:leading-8 break-words\">Si Sinner n&rsquo;a conc\u00e9d\u00e9 aucune balle de break en finale, Auger-Aliassime n&rsquo;a pas d\u00e9m\u00e9rit\u00e9 en offrant une r\u00e9sistance rare au nouveau N.1 mondial, qui lui a sobrement dit \u00ab\u00a0bravo\u00a0\u00bb au moment de saluer son adversaire \u00e0 l&rsquo;issue du match.<\/p>\n<p class=\"mb-4 text-lg md:leading-8 break-words\">Sinner a re\u00e7u \u00ab\u00a0L&rsquo;Arbre de Fanti\u00a0\u00bb, le troph\u00e9e r\u00e9serv\u00e9 au vainqueur du simple, des mains de Yannick Noah, dernier vainqueur fran\u00e7ais chez les hommes d&rsquo;un tournoi du Grand Chelem (Roland Garros en 1983).<\/p>\n<p class=\"mb-4 text-lg md:leading-8 break-words\">Dans la course au Masters, sept tickets ont d\u00e9j\u00e0 \u00e9t\u00e9 attribu\u00e9s. En atteignant la finale \u00e0 Paris, Auger-Aliassime est pass\u00e9 huiti\u00e8me \u00e0 la Race mais restera jusqu&rsquo;au bout sous la menace de Lorenzo Musetti, juste derri\u00e8re \u00e0 160 points.<\/p>\n<p class=\"mb-4 text-lg md:leading-8 break-words\">L&rsquo;Italien s&rsquo;est inscrit \u00e0 la derni\u00e8re minute au tournoi ATP 250 d&rsquo;Ath\u00e8nes (2-8 novembre) tandis que le Canadien doit disputer en parall\u00e8le le 250 de Metz.<\/p>\n<p class=\"mb-4 text-lg md:leading-8 break-words\">aco-dga\/chc<\/p>\n","protected":false},"excerpt":{"rendered":"Sacr\u00e9 dimanche pour la premi\u00e8re fois au Masters 1000 Paris en dominant Felix Auger-Aliassime 6-4, 7-6 (7\/4), Jannik&hellip;\n","protected":false},"author":2,"featured_media":507190,"comment_status":"","ping_status":"","sticky":false,"template":"","format":"standard","meta":{"footnotes":""},"categories":[1888],"tags":[1111,1928,11,1927,7779,1777,674,1011,27,25011,20859,15036,6672,4177,12,1926,626,1925,25],"class_list":{"0":"post-507189","1":"post","2":"type-post","3":"status-publish","4":"format-standard","5":"has-post-thumbnail","7":"category-paris","8":"tag-actu","9":"tag-actu-paris","10":"tag-actualites","11":"tag-actualites-paris","12":"tag-carlos-alcaraz","13":"tag-eu","14":"tag-europe","15":"tag-fr","16":"tag-france","17":"tag-grand-chelem","18":"tag-jannik-sinner","19":"tag-litalien","20":"tag-masters","21":"tag-masters-1000","22":"tag-news","23":"tag-news-paris","24":"tag-paris","25":"tag-paris-news","26":"tag-republique-francaise"},"share_on_mastodon":{"url":"https:\/\/pubeurope.com\/@fr\/115481354213661208","error":""},"_links":{"self":[{"href":"https:\/\/www.europesays.com\/fr\/wp-json\/wp\/v2\/posts\/507189","targetHints":{"allow":["GET"]}}],"collection":[{"href":"https:\/\/www.europesays.com\/fr\/wp-json\/wp\/v2\/posts"}],"about":[{"href":"https:\/\/www.europesays.com\/fr\/wp-json\/wp\/v2\/types\/post"}],"author":[{"embeddable":true,"href":"https:\/\/www.europesays.com\/fr\/wp-json\/wp\/v2\/users\/2"}],"replies":[{"embeddable":true,"href":"https:\/\/www.europesays.com\/fr\/wp-json\/wp\/v2\/comments?post=507189"}],"version-history":[{"count":0,"href":"https:\/\/www.europesays.com\/fr\/wp-json\/wp\/v2\/posts\/507189\/revisions"}],"wp:featuredmedia":[{"embeddable":true,"href":"https:\/\/www.europesays.com\/fr\/wp-json\/wp\/v2\/media\/507190"}],"wp:attachment":[{"href":"https:\/\/www.europesays.com\/fr\/wp-json\/wp\/v2\/media?parent=507189"}],"wp:term":[{"taxonomy":"category","embeddable":true,"href":"https:\/\/www.europesays.com\/fr\/wp-json\/wp\/v2\/categories?post=507189"},{"taxonomy":"post_tag","embeddable":true,"href":"https:\/\/www.europesays.com\/fr\/wp-json\/wp\/v2\/tags?post=507189"}],"curies":[{"name":"wp","href":"https:\/\/api.w.org\/{rel}","templated":true}]}}