{"id":507191,"date":"2025-11-02T17:46:13","date_gmt":"2025-11-02T17:46:13","guid":{"rendered":"https:\/\/www.europesays.com\/fr\/507191\/"},"modified":"2025-11-02T17:46:13","modified_gmt":"2025-11-02T17:46:13","slug":"brigitte-macron-ose-la-jupe-gothique-au-diner-de-lelysee","status":"publish","type":"post","link":"https:\/\/www.europesays.com\/fr\/507191\/","title":{"rendered":"Brigitte Macron ose la jupe gothique au d\u00eener de l&rsquo;\u00c9lys\u00e9e"},"content":{"rendered":"<p>Brigitte Macron ose la jupe gothique au d\u00eener de l&rsquo;\u00c9lys\u00e9e &#8211; Cr\u00e9dit photo \u00a9 Paris Select Book<\/p>\n<p>\u00c0 <strong>l\u2019\u00c9lys\u00e9e<\/strong>, la mode se joue souvent au millim\u00e8tre. Ce <a href=\"https:\/\/www.parisselectbook.com\/2025\/09\/17\/norbert-tarayre-et-mohamed-cheikh-un-diner-exclusif-au-prince-de-galles\/\" target=\"_blank\" rel=\"noopener nofollow\"><strong>d\u00eener officiel<\/strong><\/a> a confirm\u00e9 que Brigitte Macron ma\u00eetrise ce langage. Ainsi, une jupe noire d\u2019\u00ab inspiration gothique \u00bb a aimant\u00e9 les regards.<\/p>\n<p>Un d\u00eener \u00e0 l\u2019\u00c9lys\u00e9e sous le signe du noir chic<\/p>\n<p>Le cadre de la pr\u00e9sidence impose des codes pr\u00e9cis. Pourtant, la Premi\u00e8re dame sait injecter une note personnelle. Gr\u00e2ce au <strong>noir profond<\/strong>, la silhouette de Brigitte <a href=\"https:\/\/www.parisselectbook.com\/2025\/10\/22\/brigitte-macron-sattaque-aux-rumeurs-et-a-la-haine-en-ligne-pour-proteger-sa-famille\/\" target=\"_blank\" rel=\"noopener nofollow\">Macron<\/a> gagne en relief et en pr\u00e9sence. De plus, la coupe nette dialogue avec l\u2019\u00e9tiquette sans lourdeur.<\/p>\n<p>L\u2019expression \u00ab gothique \u00bb \u00e9voque surtout une palette sombre et affirm\u00e9e. Ainsi, l\u2019effet visuel se joue sur les volumes et la lumi\u00e8re. En revanche, le registre reste poli, pens\u00e9 pour un d\u00eener d\u2019\u00c9tat. <a href=\"https:\/\/www.parisselectbook.com\/2025\/10\/14\/brigitte-macron-en-dior-le-style-qui-interroge-paris-en-2025\/\" target=\"_blank\" rel=\"noopener nofollow\">Brigitte<\/a> Macron s\u2019inscrit alors dans une \u00e9l\u00e9gance graphique, sans exc\u00e8s.<\/p>\n<p>Le dispositif m\u00e9diatique attend ces signaux de style. Aussi, un d\u00e9tail bien choisi peut structurer tout un r\u00e9cit. Ici, Brigitte Macron privil\u00e9gie une <a href=\"https:\/\/www.parisselectbook.com\/2025\/11\/01\/chaussures-rouges-3-modeles-tendance-a-adopter-cet-automne-2025-et-comment-les-porter\/\" target=\"_blank\" rel=\"noopener nofollow\">allure<\/a> sobre, mais expressive. Par cons\u00e9quent, la tenue parle autant que le protocole.<\/p>\n<blockquote>\n<p>\u00ab Une allure sombre, mais lisible, qui respecte la sc\u00e8ne tout en affirmant une pr\u00e9sence. \u00bb<\/p>\n<\/blockquote>\n<p>Pourquoi parler d\u2019\u00ab inspiration gothique \u00bb ?<\/p>\n<p>Dans la mode, le \u00ab gothique \u00bb contemporain rime avec modernit\u00e9. Ainsi, le noir devient un outil de contraste et de clart\u00e9. Brigitte Macron capitalise sur cette grammaire visuelle connue. En bref, cela renforce la lisibilit\u00e9 d\u2019une figure publique.<\/p>\n<p>Certains y verront un clin d\u2019\u0153il aux tendances d\u2019atelier. Pourtant, l\u2019intention reste institutionnelle et mesur\u00e9e. La posture de Brigitte Macron privil\u00e9gie l\u2019\u00e9quilibre sur le spectaculaire. Par cons\u00e9quent, le regard se fixe sur la fonction, pas sur l\u2019effet.<\/p>\n<ul>\n<li><strong>5 rep\u00e8res<\/strong> sobres valent mieux qu\u2019un effet de manche.<\/li>\n<li>Le noir cr\u00e9e un cadre, la coupe fait la diff\u00e9rence.<\/li>\n<li>Un d\u00e9tail lumineux suffit \u00e0 guider l\u2019\u0153il.<\/li>\n<li>Le protocole fixe la base, le style signe la nuance.<\/li>\n<li>La coh\u00e9rence l\u2019emporte sur l\u2019accumulation d\u2019accessoires.<\/li>\n<\/ul>\n<p>Lecture de style et codes protocolaires<\/p>\n<p>Les d\u00eeners \u00e0 l\u2019\u00c9lys\u00e9e orchestrent des dramaturgies discr\u00e8tes. Ainsi, chaque choix vestimentaire soutient la narration nationale. Brigitte Macron s\u2019ancre dans ce r\u00e9cit avec constance. De plus, le noir facilite l\u2019accord avec les d\u00e9cors et les usages.<\/p>\n<p>Le protocole valorise la retenue, sans gommer la personnalit\u00e9. Aussi, une jupe structur\u00e9e peut signifier respect et modernit\u00e9. Ici, la signature de Brigitte Macron se lit dans la proportion. En revanche, le registre \u00e9vite toute excentricit\u00e9 ostentatoire.<\/p>\n<p>Aucun produit avec marque et r\u00e9f\u00e9rence exacte n\u2019est cit\u00e9 dans le contenu accessible, ni dans les l\u00e9gendes d\u2019images. L\u2019article \u00e9voque le style de Brigitte Macron lors d\u2019un d\u00eener \u00e0 l\u2019\u00c9lys\u00e9e, qualifi\u00e9 d\u2019\u00ab inspiration gothique \u00bb, sans mentionner de mod\u00e8les, ni de prix.<\/p>\n<p>R\u00e9ception officielle, image publique<\/p>\n<p>Une r\u00e9ception engage toujours une dimension diplomatique. Ainsi, l\u2019apparence devient un levier silencieux de coh\u00e9rence. Brigitte Macron travaille ce levier avec rigueur feutr\u00e9e. En bref, le message tient en <strong>3<\/strong> axes simples.<\/p>\n<p>Respect du lieu, clart\u00e9 du r\u00f4le, continuit\u00e9 visuelle. Aussi, ces axes rassurent partenaires et observateurs. Par cons\u00e9quent, la lecture reste fluide pour le public. En revanche, le d\u00e9tail mode ne prend jamais le pas sur la fonction.<\/p>\n<p>Conseils look pour un noir du soir moderne<\/p>\n<p>Pour s\u2019inspirer sans copier, pensez structure avant effet. Ainsi, un volume net donne du port, m\u00eame assis. Comme Brigitte Macron, choisissez un <strong>noir<\/strong> franc et lumineux. De plus, dosez les contrastes avec des mati\u00e8res sobres.<\/p>\n<p>C\u00f4t\u00e9 accessoires, visez la pr\u00e9cision plut\u00f4t que l\u2019abondance. Aussi, limitez la brillance au point focal voulu. En bref, <strong>deux \u00e9l\u00e9ments<\/strong> forts suffisent \u00e0 signer une tenue. Par cons\u00e9quent, la silhouette respire et reste lisible.<\/p>\n<p>Enfin, pr\u00e9parez une tenue qui vit bien sous les projecteurs. Ainsi, la cam\u00e9ra capte les lignes sans les durcir. Ce sont des rep\u00e8res utiles que Brigitte Macron applique souvent. En revanche, chacun peut adapter ces codes \u00e0 son propre cadre.<\/p>\n","protected":false},"excerpt":{"rendered":"Brigitte Macron ose la jupe gothique au d\u00eener de l&rsquo;\u00c9lys\u00e9e &#8211; Cr\u00e9dit photo \u00a9 Paris Select Book \u00c0&hellip;\n","protected":false},"author":2,"featured_media":507192,"comment_status":"","ping_status":"","sticky":false,"template":"","format":"standard","meta":{"footnotes":""},"categories":[1888],"tags":[11,986,1777,674,1011,27,12,626,25],"class_list":{"0":"post-507191","1":"post","2":"type-post","3":"status-publish","4":"format-standard","5":"has-post-thumbnail","7":"category-paris","8":"tag-actualites","9":"tag-brigitte-macron","10":"tag-eu","11":"tag-europe","12":"tag-fr","13":"tag-france","14":"tag-news","15":"tag-paris","16":"tag-republique-francaise"},"share_on_mastodon":{"url":"https:\/\/pubeurope.com\/@fr\/115481358552992864","error":""},"_links":{"self":[{"href":"https:\/\/www.europesays.com\/fr\/wp-json\/wp\/v2\/posts\/507191","targetHints":{"allow":["GET"]}}],"collection":[{"href":"https:\/\/www.europesays.com\/fr\/wp-json\/wp\/v2\/posts"}],"about":[{"href":"https:\/\/www.europesays.com\/fr\/wp-json\/wp\/v2\/types\/post"}],"author":[{"embeddable":true,"href":"https:\/\/www.europesays.com\/fr\/wp-json\/wp\/v2\/users\/2"}],"replies":[{"embeddable":true,"href":"https:\/\/www.europesays.com\/fr\/wp-json\/wp\/v2\/comments?post=507191"}],"version-history":[{"count":0,"href":"https:\/\/www.europesays.com\/fr\/wp-json\/wp\/v2\/posts\/507191\/revisions"}],"wp:featuredmedia":[{"embeddable":true,"href":"https:\/\/www.europesays.com\/fr\/wp-json\/wp\/v2\/media\/507192"}],"wp:attachment":[{"href":"https:\/\/www.europesays.com\/fr\/wp-json\/wp\/v2\/media?parent=507191"}],"wp:term":[{"taxonomy":"category","embeddable":true,"href":"https:\/\/www.europesays.com\/fr\/wp-json\/wp\/v2\/categories?post=507191"},{"taxonomy":"post_tag","embeddable":true,"href":"https:\/\/www.europesays.com\/fr\/wp-json\/wp\/v2\/tags?post=507191"}],"curies":[{"name":"wp","href":"https:\/\/api.w.org\/{rel}","templated":true}]}}