{"id":507193,"date":"2025-11-02T17:47:18","date_gmt":"2025-11-02T17:47:18","guid":{"rendered":"https:\/\/www.europesays.com\/fr\/507193\/"},"modified":"2025-11-02T17:47:18","modified_gmt":"2025-11-02T17:47:18","slug":"le-champion-olympique-charles-coste-avant-dernier-relayeur-des-jo-de-paris-2024-est-mort-a-101-ans","status":"publish","type":"post","link":"https:\/\/www.europesays.com\/fr\/507193\/","title":{"rendered":"Le champion olympique Charles Coste, avant-dernier relayeur des JO de Paris 2024, est mort \u00e0 101\u00a0ans"},"content":{"rendered":"<p class=\"paragraph text_align_left lp-f-body-02\">Le <a href=\"https:\/\/www.leparisien.fr\/sports\/JO\/avec-charles-coste-le-doyen-mondial-des-champions-olympiques-est-desormais-francais-02-01-2025-UDSVMKSXV5BFNBZPHGVS7HHC4M.php\" target=\"_blank\" rel=\"noreferrer noopener\">doyen des champions olympiques<\/a> est mort paisiblement \u00e0 101 ans, dans son sommeil, jeudi, et sera inhum\u00e9 vendredi 7 novembre au cimeti\u00e8re de Levallois-Perret. Juste avant de s\u2019\u00e9teindre, <a href=\"https:\/\/www.leparisien.fr\/jo-paris-2024\/je-ne-suis-pas-le-plus-vieux-champion-olympique-mais-le-plus-heureux-charles-coste-a-toujours-la-flamme-22-08-2024-JMXAR4J2JFC4DLDLVQK2NVCRJY.php\" target=\"_blank\" rel=\"noreferrer noopener\">Charles Coste<\/a> avait demand\u00e9 des obs\u00e8ques discr\u00e8tes.<\/p>\n<p class=\"paragraph text_align_left lp-f-body-02\">\u00ab La cohue, il y en a eu beaucoup trop autour de moi ces derniers temps \u00bb, avait-il expliqu\u00e9 \u00e0 ses proches quelques jours plus t\u00f4t. Et c\u2019est vrai que sa fin de vie, par son \u00e9clat m\u00e9diatique, avait contrast\u00e9 avec un oubli, v\u00e9cu comme de l\u2019ingratitude et qui l\u2019avait accompagn\u00e9 pr\u00e8s de 75 ans. Mais l\u2019ombre avait fini par c\u00e9der sa place, l\u2019ann\u00e9e de son centenaire, \u00e0 une incroyable lumi\u00e8re. Celle de la flamme olympique.<\/p>\n<p class=\"paragraph text_align_left lp-f-body-02\">Le 26 juillet 2024, lors de <a href=\"https:\/\/www.leparisien.fr\/jo-paris-2024\/ceremonie-ouverture\/\" target=\"_blank\" rel=\"noreferrer noopener\">la c\u00e9r\u00e9monie d\u2019ouverture<\/a>, c\u2019est lui qui, sur son fauteuil roulant, avait \u00e9t\u00e9 l\u2019avant-dernier relayeur. Il avait transmis <a href=\"https:\/\/www.leparisien.fr\/jo-paris-2024\/jo-paris-2024-marie-jose-perec-et-teddy-riner-un-couple-royal-pour-allumer-la-vasque-27-07-2024-FTVHVYV53JAQBGBOHZZXS3ZXKU.php\" target=\"_blank\" rel=\"noreferrer noopener\">le flambeau \u00e0 Marie-Jos\u00e9 P\u00e9rec et Teddy Riner<\/a> qui avaient allum\u00e9 la vasque des Tuileries. L\u2019image avait fait le tour du monde. Le vieil homme et la flamme, heureux sous la pluie. Cette pluie d\u2019\u00e9t\u00e9 qui avait masqu\u00e9 quelques larmes de joie sur un visage burin\u00e9 mais apais\u00e9. Car cet honneur olympique avait pris son temps. 76 ans d\u2019attente apr\u00e8s le premier.<\/p>\n<p>Champion olympique aux Jeux de 1948<\/p>\n<p class=\"paragraph text_align_left lp-f-body-02\">Charles Coste, n\u00e9 le 8 f\u00e9vrier 1924, avait \u00e9t\u00e9 sacr\u00e9 champion olympique de poursuite par \u00e9quipes en 1948 aux Jeux de Londres. Des Jeux organis\u00e9s dans le souvenir encore fumant de la Seconde Guerre mondiale. Avec le plaisir, pour l\u2019\u00e9poque, de battre les Anglais chez eux en demi-finale puis les Italiens en finale.<\/p>\n<p><img decoding=\"async\" class=\"image \" loading=\"lazy\" src=\"https:\/\/www.europesays.com\/fr\/wp-content\/uploads\/2025\/11\/6B3HEFHEEJBIPELVB6PVRDMQ7U.jpg\" alt=\"Charles Coste, ici en f\u00e9vrier 2024 \u00e0 Bois-Colombes (Hauts-de-Seine). Icon Sport\/Victor Joly\" align=\"\" data-rubrique-principale=\"\" data-article-type=\"\" fetchpriority=\"auto\"\/>Charles Coste, ici en f\u00e9vrier 2024 \u00e0 Bois-Colombes (Hauts-de-Seine). Icon Sport\/Victor Joly <\/p>\n<p class=\"paragraph text_align_left lp-f-body-02\">Sa m\u00e9daille d\u2019or, on lui avait remis dans une bo\u00eete et sans chichis ni Marseillaise. Re\u00e7u \u00e0 l\u2019\u00c9lys\u00e9e avec tous les m\u00e9daill\u00e9s fran\u00e7ais par le pr\u00e9sident Vincent Auriol, le Varois de naissance d\u00e9cide ensuite de passer professionnel au sein de l\u2019\u00e9quipe Peugeot. En 1949, il remporte sa plus belle victoire en s\u2019adjugeant le prestigieux Grand Prix des Nations, un contre-la-montre de 142 km.<\/p>\n<p>\u00ab J\u2019ai \u00e9t\u00e9 plus fort que Fausto Coppi sur une journ\u00e9e \u00bb<\/p>\n<p class=\"paragraph text_align_left lp-f-body-02\">\u00ab Ce jour-l\u00e0, j\u2019ai pris le meilleur sur Fausto Coppi, qui avait pourtant gagn\u00e9 deux fois cette \u00e9preuve. Eh oui, j\u2019ai \u00e9t\u00e9 plus fort que Coppi sur une journ\u00e9e ! L\u2019ann\u00e9e suivante, il m\u2019a battu \u00e0 Paris-Roubaix. Il \u00e9tait sympa, ce gars, je m\u2019entendais bien avec lui. \u00bb<\/p>\n<p class=\"paragraph text_align_left lp-f-body-02\">Il disputera deux Tours de France et trois Tours d\u2019Italie avant de raccrocher son v\u00e9lo en 1959. \u00ab Je suis ensuite devenu inspecteur g\u00e9n\u00e9ral au sein de la Blanchisserie de Grenelle, avant de prendre ma retraite en 1987. \u00bb<\/p>\n<p class=\"paragraph text_align_left lp-f-body-02\">Trente ans plus tard, nous l\u2019avions retrouv\u00e9 dans son appartement de Bois-Colombes (Hauts-de-Seine). C\u2019est l\u00e0, presque g\u00ean\u00e9, qu\u2019il avait confi\u00e9 ce poids silencieux sur sa poitrine : il aurait aim\u00e9 qu\u2019on y accroche une L\u00e9gion d\u2019honneur comme \u00e0 tous les champions olympiques fran\u00e7ais. Mais cette tradition ne remonte qu\u2019aux Jeux de 1952. Lui avait \u00e9t\u00e9 sacr\u00e9 quatre ans trop t\u00f4t. Cette reconnaissance, il la voulait surtout pour ses trois copains de l\u2019\u00e9quipe de France d\u00e9c\u00e9d\u00e9s avant lui.<\/p>\n<p class=\"paragraph text_align_left lp-f-body-02\"><a href=\"https:\/\/www.leparisien.fr\/sports\/je-sais-pourquoi-je-voulais-rester-en-vie-a-97-ans-le-champion-olympique-charles-coste-enfin-decore-de-la-legion-dhonneur-18-01-2022-NGPRYEQMSVBO5J6XE7MTJGO2CA.php\" target=\"_blank\" rel=\"noreferrer noopener\">C\u2019est notre journal qui avait permis sa d\u00e9coration<\/a>. Mais il avait fallu cinq ans d\u2019attente, de nombreux coups de fil et de portes ferm\u00e9es avant qu\u2019un homme ne soit touch\u00e9 par son histoire : <a href=\"https:\/\/www.leparisien.fr\/jo-paris-2024\/toutes-ces-personnes-qui-me-disent-merci-un-an-apres-les-jo-tony-estanguet-revient-sur-une-aventure-hors-norme-26-07-2025-EIN7MBLLRRFLLAOUVECOVVIDCM.php\" target=\"_blank\" rel=\"noreferrer noopener\">Tony Estanguet<\/a>, le patron du Cojo (Comit\u00e9 d\u2019organisation des Jeux olympiques). En 2022, il lui remettra lui-m\u00eame son ruban rouge devant de nombreux sportifs.<\/p>\n<p>\u00ab J\u2019\u00e9tais le pape des Jeux \u00bb<\/p>\n<p class=\"paragraph text_align_left lp-f-body-02\">La presse du monde entier a d\u00e9fil\u00e9 dans son petit appartement pour entendre l\u2019histoire du patient fran\u00e7ais. Mais Estanguet avait d\u00e9cid\u00e9 de lui offrir un plus bel \u00e9crin. Un soleil sous la pluie.<\/p>\n<p class=\"paragraph text_align_left lp-f-body-02\">\u00ab Un mois avant la c\u00e9r\u00e9monie, Tony Estanguet, m\u2019a appel\u00e9 et m\u2019a dit : Pr\u00e9pare-toi \u00e0 une surprise pour la c\u00e9r\u00e9monie \u00bb, racontait-il. \u00ab Une voiture m\u2019a emmen\u00e9 au Louvre et l\u00e0, j\u2019ai appris que je serai le dernier \u00e0 transmettre la flamme. Je ne pensais pas recevoir un tel honneur. \u00bb<\/p>\n<p class=\"paragraph text_align_left lp-f-body-02\">La suite \u00e9tait grav\u00e9e dans une m\u00e9moire que l\u2019\u00e2ge n\u2019avait pas \u00e9rod\u00e9e. \u00ab On m\u2019a habill\u00e9 aux couleurs des Jeux et ensuite, avec tous les autres champions, on nous a mis dans une grande salle pour regarder la c\u00e9r\u00e9monie. Puis \u00e0 un moment, il a fallu aller aux Tuileries. Les autres y sont all\u00e9s \u00e0 pied et moi dans une papamobile. Cette voiturette transparente. J\u2019\u00e9tais le pape des Jeux. Et voir ensuite cette flamme s\u2019\u00e9lever a \u00e9t\u00e9 une des plus belles choses de ma longue vie. \u00bb<\/p>\n<p class=\"paragraph text_align_left lp-f-body-02\">Tony Estanguet n\u2019avait pas coup\u00e9 le lien apr\u00e8s les JO. Au contraire, il \u00e9tait d\u2019ailleurs pass\u00e9 le voir il y a quelques semaines et avait compris que le temps des adieux s\u2019approchait.<\/p>\n<p class=\"paragraph text_align_left lp-f-body-02\">Aujourd\u2019hui et pour longtemps, il restera l\u2019image de ce vieil homme, heureux en surv\u00eatement au milieu des autres champions olympiques fran\u00e7ais. Une des plus belles des Jeux. Croyant, il avait dit qu\u2019\u00e0 sa mort, il rejoindrait au ciel ses trois co\u00e9quipiers de la poursuite sur piste des Jeux de 1948. \u00ab Je leur dirai : Les gars, on ne nous a pas oubli\u00e9s. \u00bb<\/p>\n","protected":false},"excerpt":{"rendered":"Le doyen des champions olympiques est mort paisiblement \u00e0 101 ans, dans son sommeil, jeudi, et sera inhum\u00e9&hellip;\n","protected":false},"author":2,"featured_media":507194,"comment_status":"","ping_status":"","sticky":false,"template":"","format":"standard","meta":{"footnotes":""},"categories":[1888],"tags":[11,207,1777,674,1011,27,12,626,5856,25,60],"class_list":{"0":"post-507193","1":"post","2":"type-post","3":"status-publish","4":"format-standard","5":"has-post-thumbnail","7":"category-paris","8":"tag-actualites","9":"tag-cyclisme","10":"tag-eu","11":"tag-europe","12":"tag-fr","13":"tag-france","14":"tag-news","15":"tag-paris","16":"tag-paris-2024","17":"tag-republique-francaise","18":"tag-sports"},"share_on_mastodon":{"url":"https:\/\/pubeurope.com\/@fr\/115481362975658619","error":""},"_links":{"self":[{"href":"https:\/\/www.europesays.com\/fr\/wp-json\/wp\/v2\/posts\/507193","targetHints":{"allow":["GET"]}}],"collection":[{"href":"https:\/\/www.europesays.com\/fr\/wp-json\/wp\/v2\/posts"}],"about":[{"href":"https:\/\/www.europesays.com\/fr\/wp-json\/wp\/v2\/types\/post"}],"author":[{"embeddable":true,"href":"https:\/\/www.europesays.com\/fr\/wp-json\/wp\/v2\/users\/2"}],"replies":[{"embeddable":true,"href":"https:\/\/www.europesays.com\/fr\/wp-json\/wp\/v2\/comments?post=507193"}],"version-history":[{"count":0,"href":"https:\/\/www.europesays.com\/fr\/wp-json\/wp\/v2\/posts\/507193\/revisions"}],"wp:featuredmedia":[{"embeddable":true,"href":"https:\/\/www.europesays.com\/fr\/wp-json\/wp\/v2\/media\/507194"}],"wp:attachment":[{"href":"https:\/\/www.europesays.com\/fr\/wp-json\/wp\/v2\/media?parent=507193"}],"wp:term":[{"taxonomy":"category","embeddable":true,"href":"https:\/\/www.europesays.com\/fr\/wp-json\/wp\/v2\/categories?post=507193"},{"taxonomy":"post_tag","embeddable":true,"href":"https:\/\/www.europesays.com\/fr\/wp-json\/wp\/v2\/tags?post=507193"}],"curies":[{"name":"wp","href":"https:\/\/api.w.org\/{rel}","templated":true}]}}