{"id":507195,"date":"2025-11-02T17:48:14","date_gmt":"2025-11-02T17:48:14","guid":{"rendered":"https:\/\/www.europesays.com\/fr\/507195\/"},"modified":"2025-11-02T17:48:14","modified_gmt":"2025-11-02T17:48:14","slug":"six-morts-dont-deux-enfants-dans-des-frappes-russes-la-belgique-de-nouveau-survolee-par-des-drones","status":"publish","type":"post","link":"https:\/\/www.europesays.com\/fr\/507195\/","title":{"rendered":"Six morts dont deux enfants dans des frappes russes, la Belgique de nouveau survol\u00e9e par des drones"},"content":{"rendered":"<p>Vous avez rat\u00e9 les derniers \u00e9v\u00e9nements sur la <a href=\"https:\/\/www.20minutes.fr\/monde\/ukraine\/\" class=\"c-link c-link--is-underlined\" rel=\"nofollow noopener\" target=\"_blank\">guerre en Ukraine<\/a>\u00a0? 20 Minutes fait le point pour vous tous les soirs. Voici l\u2019essentiel de ce dimanche 2\u00a0novembre, 1.348e jour du conflit.<\/p>\n<p>Le fait du jour<\/p>\n<p>Alors que <a href=\"https:\/\/www.20minutes.fr\/monde\/moscou\/\" target=\"_blank\" class=\"c-link c-link--is-underlined\" rel=\"nofollow noopener\">Moscou<\/a> poursuit ses attaques terrestres sur le front et bombarde le syst\u00e8me \u00e9nerg\u00e9tique ukrainien, de nouvelles attaques nocturnes russes ont fait au moins six morts, dont deux enfants, en Ukraine, ont indiqu\u00e9 ce dimanche les autorit\u00e9s locales. Selon elles, quatre personnes ont \u00e9t\u00e9 tu\u00e9es, dont deux gar\u00e7ons de 11 et 14 ans, dans la r\u00e9gion de Dnipropetrovsk (centre-est) et deux autres dans celle d\u2019Odessa (sud). Une quinzaine de bless\u00e9s ont \u00e9galement \u00e9t\u00e9 recens\u00e9s.<\/p>\n<p>Dans la nuit de samedi \u00e0 ce dimanche, l\u2019arm\u00e9e russe a lanc\u00e9 79 drones et deux missiles balistiques sur l\u2019Ukraine, selon l\u2019arm\u00e9e de l\u2019air ukrainienne, qui a affirm\u00e9 avoir abattu 67 drones. Le pr\u00e9sident <a href=\"https:\/\/www.20minutes.fr\/monde\/volodymyr-zelensky\/\" target=\"_blank\" class=\"c-link c-link--is-underlined\" rel=\"nofollow noopener\">Volodymyr Zelensky<\/a> a pr\u00e9cis\u00e9 que cinq r\u00e9gions (Dnipropetrovsk, Zaporijjia, Kharkiv, Tcherniguiv et Odessa) avaient \u00e9t\u00e9 touch\u00e9es.<\/p>\n<\/p>\n<p>De son c\u00f4t\u00e9, <a href=\"https:\/\/www.20minutes.fr\/dossier\/kiev\" target=\"_blank\" class=\"c-link c-link--is-underlined\" rel=\"nofollow noopener\">Kiev<\/a> a frapp\u00e9 dans la matin\u00e9e des installations p\u00e9troli\u00e8res dans un port sur la mer Noire. Des drones ont touch\u00e9 le port russe de Touaps\u00e9, endommageant deux navires et les infrastructures d\u2019un terminal p\u00e9trolier, selon les autorit\u00e9s locales.<\/p>\n<p>Le chiffre du jour<\/p>\n<p>2. Des nouveaux survols de drones au-dessus d\u2019une base militaire <a href=\"https:\/\/www.20minutes.fr\/dossier\/belge\" target=\"_blank\" class=\"c-link c-link--is-underlined\" rel=\"nofollow noopener\">belge<\/a> ont eu lieu pendant deux soirs cons\u00e9cutifs, a indiqu\u00e9 ce dimanche le ministre de la D\u00e9fense Theo Francken, conduisant les autorit\u00e9s locales \u00e0 ouvrir une <a href=\"https:\/\/www.20minutes.fr\/dossier\/enquete\" target=\"_blank\" class=\"c-link c-link--is-underlined\" rel=\"nofollow noopener\">enqu\u00eate<\/a>. Les drones suspects ont \u00e9t\u00e9 signal\u00e9s vendredi et samedi soir au-dessus de la base a\u00e9rienne de Kleine-Brogel, dans le nord-est du pays.<\/p>\n<p>Samedi, \u00ab\u00a0il ne s\u2019agissait pas d\u2019un simple survol, mais d\u2019une mission claire visant Kleine-Brogel\u00a0\u00bb, a affirm\u00e9 le ministre sur X, mentionnant trois signalements de drones, \u00ab\u00a0de type plus grand\u00a0\u00bb et volant \u00ab\u00a0\u00e0 plus haute altitude\u00a0\u00bb. D\u00e9but octobre, des drones non identifi\u00e9s avaient d\u00e9j\u00e0 survol\u00e9 le camp militaire belge d\u2019Elsenborn, situ\u00e9 non loin de la fronti\u00e8re avec l\u2019<a href=\"https:\/\/www.20minutes.fr\/dossier\/allemagne\" target=\"_blank\" class=\"c-link c-link--is-underlined\" rel=\"nofollow noopener\">Allemagne<\/a>. D\u2019ici \u00e0\u00a02027, l\u2019<a href=\"https:\/\/www.20minutes.fr\/dossier\/ue\" target=\"_blank\" class=\"c-link c-link--is-underlined\" rel=\"nofollow noopener\">Union europ\u00e9enne<\/a> veut <a href=\"https:\/\/www.20minutes.fr\/monde\/ukraine\/4175842-20250930-guerre-ukraine-mur-antidrones-voulu-union-europeenne-necessite-illusion\" target=\"_blank\" class=\"c-link c-link--is-underlined\" rel=\"nofollow noopener\">mettre en place un \u00ab\u00a0mur\u00a0\u00bb antidrones<\/a>, apr\u00e8s une s\u00e9rie d\u2019incursions dans le ciel europ\u00e9en.<\/p>\n<p>La tendance<\/p>\n<p>Les deux soldats <a href=\"https:\/\/www.20minutes.fr\/monde\/coree_du_nord\/\" target=\"_blank\" class=\"c-link c-link--is-underlined\" rel=\"nofollow noopener\">nord-cor\u00e9ens<\/a> faits prisonniers en Ukraine ont exprim\u00e9 leur souhait de faire d\u00e9fection en <a href=\"https:\/\/www.20minutes.fr\/dossier\/coree_du_sud\" target=\"_blank\" class=\"c-link c-link--is-underlined\" rel=\"nofollow noopener\">Cor\u00e9e du Sud<\/a>, a affirm\u00e9 ce dimanche une organisation travaillant avec des transfuges du Nord. Alors que leur capture avait \u00e9t\u00e9 annonc\u00e9e par S\u00e9oul en janvier, l\u2019un avait dit vouloir \u00ab\u00a0une vie normale\u00a0\u00bb au Sud, selon un d\u00e9put\u00e9 sud-cor\u00e9en qui leur a rendu visite en f\u00e9vrier. Une demande qu\u2019il a renouvel\u00e9e lors d\u2019un entretien pour un documentaire, cette fois suivi par son compatriote.<\/p>\n<p>\u00ab\u00a0Les deux ont demand\u00e9 au producteur, \u00e0 la fin de l\u2019interview, de les emmener au Sud\u00a0\u00bb, a assur\u00e9 Jang Se-yul, directeur de Gyeore-eol Nation United, un groupe d\u2019aide aux transfuges qui a coorganis\u00e9 l\u2019entretien. L\u2019\u00e9change a eu lieu le 28\u00a0octobre \u00e0 Kiev, dans un lieu dont l\u2019emplacement n\u2019est pas connu, o\u00f9 les deux hommes sont prisonniers. \u00ab\u00a0Ils ont suppli\u00e9 l\u2019intervieweuse de promettre qu\u2019elle reviendrait les chercher\u00a0\u00bb, a ajout\u00e9 le directeur du groupe, lui-m\u00eame un transfuge.<\/p>\n<p><a href=\"https:\/\/www.20minutes.fr\/monde\/ukraine\/\" class=\"c-link c-btn c-btn--primary\" rel=\"nofollow noopener\" target=\"_blank\">Tous nos articles sur la Guerre en Ukraine<\/a><\/p>\n<p>La Constitution sud-cor\u00e9enne dispose que tous les Cor\u00e9ens, y compris du Nord, sont des citoyens \u00e0 part enti\u00e8re, S\u00e9oul ayant pr\u00e9cis\u00e9 que la r\u00e8gle s\u2019applique aussi aux prisonniers de guerre en Ukraine. Les renseignements sud-cor\u00e9ens et de plusieurs pays occidentaux estiment \u00e0 plus de 10.000 le nombre de militaires nord-cor\u00e9ens envoy\u00e9s en Russie en\u00a02024, dans la r\u00e9gion de Koursk principalement, pour soutenir l\u2019effort de guerre de Moscou contre l\u2019Ukraine.<\/p>\n","protected":false},"excerpt":{"rendered":"Vous avez rat\u00e9 les derniers \u00e9v\u00e9nements sur la guerre en Ukraine\u00a0? 20 Minutes fait le point pour vous&hellip;\n","protected":false},"author":2,"featured_media":507196,"comment_status":"","ping_status":"","sticky":false,"template":"","format":"standard","meta":{"footnotes":""},"categories":[1591],"tags":[47,11,828,13987,5640,564,1067,1887,33159,131,74,12,807,1885,1886,132,135,134],"class_list":{"0":"post-507195","1":"post","2":"type-post","3":"status-publish","4":"format-standard","5":"has-post-thumbnail","7":"category-russie","8":"tag-actualite","9":"tag-actualites","10":"tag-belgique","11":"tag-coree-du-nord","12":"tag-coree-du-sud","13":"tag-drone","14":"tag-enquete","15":"tag-federation-de-russie","16":"tag-frappes-aeriennes","17":"tag-guerre-en-ukraine","18":"tag-monde","19":"tag-news","20":"tag-prisonniers","21":"tag-russia","22":"tag-russian-federation","23":"tag-russie","24":"tag-vladimir-poutine","25":"tag-volodymyr-zelensky"},"share_on_mastodon":{"url":"https:\/\/pubeurope.com\/@fr\/115481365978074563","error":""},"_links":{"self":[{"href":"https:\/\/www.europesays.com\/fr\/wp-json\/wp\/v2\/posts\/507195","targetHints":{"allow":["GET"]}}],"collection":[{"href":"https:\/\/www.europesays.com\/fr\/wp-json\/wp\/v2\/posts"}],"about":[{"href":"https:\/\/www.europesays.com\/fr\/wp-json\/wp\/v2\/types\/post"}],"author":[{"embeddable":true,"href":"https:\/\/www.europesays.com\/fr\/wp-json\/wp\/v2\/users\/2"}],"replies":[{"embeddable":true,"href":"https:\/\/www.europesays.com\/fr\/wp-json\/wp\/v2\/comments?post=507195"}],"version-history":[{"count":0,"href":"https:\/\/www.europesays.com\/fr\/wp-json\/wp\/v2\/posts\/507195\/revisions"}],"wp:featuredmedia":[{"embeddable":true,"href":"https:\/\/www.europesays.com\/fr\/wp-json\/wp\/v2\/media\/507196"}],"wp:attachment":[{"href":"https:\/\/www.europesays.com\/fr\/wp-json\/wp\/v2\/media?parent=507195"}],"wp:term":[{"taxonomy":"category","embeddable":true,"href":"https:\/\/www.europesays.com\/fr\/wp-json\/wp\/v2\/categories?post=507195"},{"taxonomy":"post_tag","embeddable":true,"href":"https:\/\/www.europesays.com\/fr\/wp-json\/wp\/v2\/tags?post=507195"}],"curies":[{"name":"wp","href":"https:\/\/api.w.org\/{rel}","templated":true}]}}