{"id":507199,"date":"2025-11-02T17:50:15","date_gmt":"2025-11-02T17:50:15","guid":{"rendered":"https:\/\/www.europesays.com\/fr\/507199\/"},"modified":"2025-11-02T17:50:15","modified_gmt":"2025-11-02T17:50:15","slug":"droits-de-douane-les-etats-unis-prets-a-relever-leurs-taxes-si-la-chine-ne-tient-pas-ses-engagements","status":"publish","type":"post","link":"https:\/\/www.europesays.com\/fr\/507199\/","title":{"rendered":"Droits de douane. Les \u00c9tats-Unis pr\u00eats \u00e0 relever leurs taxes si la Chine ne tient pas ses engagements"},"content":{"rendered":"<p>Les \u00c9tats-Unis sont pr\u00eats \u00e0 relever les droits de douane impos\u00e9s \u00e0 la Chine si le pays manque \u00e0 son engagement de ne pas bloquer les exportations de terres rares, a d\u00e9clar\u00e9 dimanche le secr\u00e9taire am\u00e9ricain au Tr\u00e9sor, Scott Bessent. Les autorit\u00e9s chinoises ont indiqu\u00e9 jeudi avoir suspendu, pour un an, des restrictions suppl\u00e9mentaires impos\u00e9es le 9 octobre sur les exportations de terres rares, des m\u00e9taux cruciaux pour le secteur technologique mondial. Elles sont extraites dans de nombreux pays, y compris aux \u00c9tats-Unis, mais la Chine poss\u00e8de un quasi-monopole du traitement de ces \u00e9l\u00e9ments m\u00e9talliques pour les rendre utilisables dans l&rsquo;industrie.<\/p>\n<p>Une partie des contraintes \u00e0 l&rsquo;export d\u00e9cid\u00e9es pr\u00e9c\u00e9demment par P\u00e9kin demeurent n\u00e9anmoins en place. La suspension a \u00e9t\u00e9 communiqu\u00e9e apr\u00e8s des entretiens entre les pr\u00e9sident am\u00e9ricain <a href=\"https:\/\/www.estrepublicain.fr\/p\/donald-trump\" target=\"_blank\" rel=\"nofollow noopener\">Donald Trump<\/a> et chinois <a href=\"https:\/\/www.estrepublicain.fr\/p\/xi-jinping\" target=\"_blank\" rel=\"nofollow noopener\">Xi Jinping<\/a> en Cor\u00e9e du Sud. \u00ab Les Chinois ont pris le contr\u00f4le de ce march\u00e9 et, malheureusement, par moments, se sont r\u00e9v\u00e9l\u00e9s \u00eatre des partenaires (commerciaux) peu fiables \u00bb, a comment\u00e9 Scott Bessent lors d&rsquo;un entretien \u00e0 la cha\u00eene Fox.<\/p>\n<p>\u00ab Bonne volont\u00e9\u00a0\u00bb<\/p>\n<p><a href=\"https:\/\/www.estrepublicain.fr\/politique\/2025\/10\/30\/grand-succes-droits-de-douanes-ce-qu-il-faut-retenir-de-la-rencontre-entre-trump-et-xi-jinping\" target=\"_blank\" rel=\"nofollow noopener\">Apr\u00e8s l&rsquo;accord et \u00ab la bonne volont\u00e9 \u00bb<\/a> affich\u00e9e entre les chefs d&rsquo;\u00c9tat chinois et am\u00e9ricain, \u00ab j&rsquo;esp\u00e8re que nous pourrons compter sur eux pour \u00eatre des partenaires plus fiables \u00bb, a poursuivi le ministre am\u00e9ricain de l&rsquo;\u00c9conomie. Dans le cas contraire, \u00ab nous pourrions brandir de nouveau la menace de droits de douane et agir sur beaucoup d&rsquo;autres leviers aussi \u00bb, a pr\u00e9venu le responsable.<\/p>\n<p>Dans le cadre de l&rsquo;accord annonc\u00e9 cette semaine, le gouvernement am\u00e9ricain va r\u00e9duire de 57% \u00e0 47% le niveau des droits de douane impos\u00e9s aux exportations chinoises \u00e0 l&rsquo;entr\u00e9e aux \u00c9tats-Unis. Le protocole pass\u00e9 entre les deux premi\u00e8res \u00e9conomies du monde pr\u00e9voit que la Chine prenne des \u00ab mesures significatives pour endiguer le flux de Fentanyl vers les \u00c9tats-Unis \u00bb, selon un document publi\u00e9 par la Maison Blanche.<\/p>\n<p>Le Fentanyl est un puissant opiac\u00e9 dont la consommation provoque chaque ann\u00e9e, aux \u00c9tats-Unis, la mort de dizaines de milliers de personnes par overdose. Selon l&rsquo;agence am\u00e9ricaine de lutte contre le trafic de stup\u00e9fiants (DEA), la Chine est, de tr\u00e8s loin, le premier fournisseur de Fentanyl des \u00c9tats-Unis.<\/p>\n","protected":false},"excerpt":{"rendered":"Les \u00c9tats-Unis sont pr\u00eats \u00e0 relever les droits de douane impos\u00e9s \u00e0 la Chine si le pays manque&hellip;\n","protected":false},"author":2,"featured_media":507200,"comment_status":"","ping_status":"","sticky":false,"template":"","format":"standard","meta":{"footnotes":""},"categories":[1589],"tags":[11,2388,33,73,1866,107,329,12,1864,1865,1863,308],"class_list":{"0":"post-507199","1":"post","2":"type-post","3":"status-publish","4":"format-standard","5":"has-post-thumbnail","7":"category-etats-unis","8":"tag-actualites","9":"tag-droits-de-douane","10":"tag-economie","11":"tag-etats-unis","12":"tag-etats-unis-damerique","13":"tag-fil-info","14":"tag-france-monde","15":"tag-news","16":"tag-united-states","17":"tag-united-states-of-america","18":"tag-us","19":"tag-usa"},"share_on_mastodon":{"url":"https:\/\/pubeurope.com\/@fr\/115481374141659979","error":""},"_links":{"self":[{"href":"https:\/\/www.europesays.com\/fr\/wp-json\/wp\/v2\/posts\/507199","targetHints":{"allow":["GET"]}}],"collection":[{"href":"https:\/\/www.europesays.com\/fr\/wp-json\/wp\/v2\/posts"}],"about":[{"href":"https:\/\/www.europesays.com\/fr\/wp-json\/wp\/v2\/types\/post"}],"author":[{"embeddable":true,"href":"https:\/\/www.europesays.com\/fr\/wp-json\/wp\/v2\/users\/2"}],"replies":[{"embeddable":true,"href":"https:\/\/www.europesays.com\/fr\/wp-json\/wp\/v2\/comments?post=507199"}],"version-history":[{"count":0,"href":"https:\/\/www.europesays.com\/fr\/wp-json\/wp\/v2\/posts\/507199\/revisions"}],"wp:featuredmedia":[{"embeddable":true,"href":"https:\/\/www.europesays.com\/fr\/wp-json\/wp\/v2\/media\/507200"}],"wp:attachment":[{"href":"https:\/\/www.europesays.com\/fr\/wp-json\/wp\/v2\/media?parent=507199"}],"wp:term":[{"taxonomy":"category","embeddable":true,"href":"https:\/\/www.europesays.com\/fr\/wp-json\/wp\/v2\/categories?post=507199"},{"taxonomy":"post_tag","embeddable":true,"href":"https:\/\/www.europesays.com\/fr\/wp-json\/wp\/v2\/tags?post=507199"}],"curies":[{"name":"wp","href":"https:\/\/api.w.org\/{rel}","templated":true}]}}