{"id":507203,"date":"2025-11-02T17:52:11","date_gmt":"2025-11-02T17:52:11","guid":{"rendered":"https:\/\/www.europesays.com\/fr\/507203\/"},"modified":"2025-11-02T17:52:11","modified_gmt":"2025-11-02T17:52:11","slug":"un-syrien-arrete-a-berlin-pour-un-projet-presume-dattentat","status":"publish","type":"post","link":"https:\/\/www.europesays.com\/fr\/507203\/","title":{"rendered":"un Syrien arr\u00eat\u00e9 \u00e0 Berlin pour un projet pr\u00e9sum\u00e9 d\u2019attentat"},"content":{"rendered":"<p>Cette arrestation \u00ab\u00a0montre une fois de plus que <a href=\"https:\/\/www.sudouest.fr\/justice\/terrorisme\/un-jeune-homme-suspecte-de-preparer-des-actes-terroristes-en-france-a-ete-mis-en-examen-26289302.php\" target=\"_blank\" rel=\"follow noopener\">la menace terroriste<\/a> en Allemagne, bien que souvent abstraite, reste \u00e9lev\u00e9e\u00a0\u00bb, a comment\u00e9 le ministre de l\u2019Int\u00e9rieur, Alexander Dobrindt, dans un communiqu\u00e9. \u00ab\u00a0Les activit\u00e9s du Syrien pr\u00e9sent en Allemagne depuis 2023, laissant pr\u00e9sager une pr\u00e9paration d\u2019attentat, ont \u00e9t\u00e9 d\u00e9tect\u00e9es \u00e0 temps\u00a0\u00bb, a-t-il ajout\u00e9, remerciant les autorit\u00e9s de s\u00e9curit\u00e9 pour \u00ab\u00a0leur vigilance et leur intervention cibl\u00e9e\u00a0\u00bb.<\/p>\n<p>Questions de s\u00e9curit\u00e9<\/p>\n<p>D\u00e9tenu dans un centre de r\u00e9tention, le jeune homme devait \u00eatre pr\u00e9sent\u00e9 \u00e0 un juge d\u2019instruction dimanche apr\u00e8s-midi. Il est poursuivi pour pr\u00e9paration d\u2019un acte grave mettant l\u2019\u00c9tat en danger, a ajout\u00e9 cette source judiciaire. Selon le journal populaire \u00ab\u00a0Bild\u00a0\u00bb, des mat\u00e9riaux pouvant servir \u00e0 fabriquer des explosifs ont \u00e9t\u00e9 saisis lors de perquisitions dans trois domiciles berlinois du suspect, men\u00e9es par des forces sp\u00e9ciales. L\u2019attaque aurait vis\u00e9 la capitale, sans que d\u2019autres d\u00e9tails ne soient r\u00e9v\u00e9l\u00e9s, selon le journal.<\/p>\n","protected":false},"excerpt":{"rendered":"Cette arrestation \u00ab\u00a0montre une fois de plus que la menace terroriste en Allemagne, bien que souvent abstraite, reste&hellip;\n","protected":false},"author":2,"featured_media":507204,"comment_status":"","ping_status":"","sticky":false,"template":"","format":"standard","meta":{"footnotes":""},"categories":[1587],"tags":[11,672,1804,1805,1803,1777,674,1801,12,1802],"class_list":{"0":"post-507203","1":"post","2":"type-post","3":"status-publish","4":"format-standard","5":"has-post-thumbnail","7":"category-allemagne","8":"tag-actualites","9":"tag-allemagne","10":"tag-bundesrepublik-deutschland","11":"tag-de","12":"tag-deutschland","13":"tag-eu","14":"tag-europe","15":"tag-germany","16":"tag-news","17":"tag-republique-federale-dallemagne"},"share_on_mastodon":{"url":"https:\/\/pubeurope.com\/@fr\/115481381759270236","error":""},"_links":{"self":[{"href":"https:\/\/www.europesays.com\/fr\/wp-json\/wp\/v2\/posts\/507203","targetHints":{"allow":["GET"]}}],"collection":[{"href":"https:\/\/www.europesays.com\/fr\/wp-json\/wp\/v2\/posts"}],"about":[{"href":"https:\/\/www.europesays.com\/fr\/wp-json\/wp\/v2\/types\/post"}],"author":[{"embeddable":true,"href":"https:\/\/www.europesays.com\/fr\/wp-json\/wp\/v2\/users\/2"}],"replies":[{"embeddable":true,"href":"https:\/\/www.europesays.com\/fr\/wp-json\/wp\/v2\/comments?post=507203"}],"version-history":[{"count":0,"href":"https:\/\/www.europesays.com\/fr\/wp-json\/wp\/v2\/posts\/507203\/revisions"}],"wp:featuredmedia":[{"embeddable":true,"href":"https:\/\/www.europesays.com\/fr\/wp-json\/wp\/v2\/media\/507204"}],"wp:attachment":[{"href":"https:\/\/www.europesays.com\/fr\/wp-json\/wp\/v2\/media?parent=507203"}],"wp:term":[{"taxonomy":"category","embeddable":true,"href":"https:\/\/www.europesays.com\/fr\/wp-json\/wp\/v2\/categories?post=507203"},{"taxonomy":"post_tag","embeddable":true,"href":"https:\/\/www.europesays.com\/fr\/wp-json\/wp\/v2\/tags?post=507203"}],"curies":[{"name":"wp","href":"https:\/\/api.w.org\/{rel}","templated":true}]}}