{"id":507211,"date":"2025-11-02T17:56:14","date_gmt":"2025-11-02T17:56:14","guid":{"rendered":"https:\/\/www.europesays.com\/fr\/507211\/"},"modified":"2025-11-02T17:56:14","modified_gmt":"2025-11-02T17:56:14","slug":"les-tops-flops-de-rennes-racing-4-1","status":"publish","type":"post","link":"https:\/\/www.europesays.com\/fr\/507211\/","title":{"rendered":"les tops\/flops de Rennes \u2013 Racing (4-1)"},"content":{"rendered":"<p>  Les tops<\/p>\n<p><strong>Lepaul a encore frapp\u00e9<\/strong><\/p>\n<p>Esteban Lepaul adore le Racing. L\u2019avant-centre rennais, qui a grandi en Alsace, avait d\u00e9j\u00e0 inscrit quatre buts lors de ses deux matches contre Strasbourg lorsqu\u2019il portait le maillot d\u2019Angers\u00a0: un doubl\u00e9 en f\u00e9vrier dernier en Coupe de France puis en mai en Ligue\u00a01.<\/p>\n<p>Il a fait encore mieux ce dimanche apr\u00e8s-midi en marquant un tripl\u00e9 gr\u00e2ce notamment \u00e0 son flair pour venir couper un centre de Moussa Al-Tamari (9e) ou bonifier le travail de Kader Meit\u00e9 (48e). Il a conclu son festival d\u2019une frappe en premi\u00e8re intention limpide qui a crucifi\u00e9 le pauvre Mike Penders (60e). De la (tr\u00e8s) belle ouvrage pour l\u2019ancien de l\u2019US Baldenheim et des SR Colmar qui a quitt\u00e9 le stade sous l&rsquo;ovation du public et avec le ballon du match sous le bras.<\/p>\n<p><strong>Un but pour sauver l\u2019honneur<\/strong><\/p>\n<p>Evidemment, ce n\u2019\u00e9tait que pour l\u2019honneur. Mais m\u00eame men\u00e9 4-0, le Racing n\u2019a pas baiss\u00e9 les bras et a cherch\u00e9 \u00e0 r\u00e9duire le score. Il aurait pu totalement s\u2019\u00e9crouler au vu de la situation. Mais les Blancs ont continu\u00e9 \u00e0 faire les efforts. Le but de Sebastian Nanasi, s\u2019il est anecdotique, est une bonne nouvelle pour le Su\u00e9dois qui vient d\u2019en inscrire deux en quatre jours, lui qui avait \u00e9t\u00e9 absent de longues semaines pour une blessure \u00e0 l\u2019\u00e9paule.<\/p>\n<p>  Les flops<\/p>\n<p><strong>Des erreurs d\u00e9fensives r\u00e9dhibitoires<\/strong><\/p>\n<p>Mais o\u00f9 \u00e9tait la d\u00e9fense alsacienne ce dimanche\u00a0? C\u2019est simple, elle est fautive sur les quatre buts rennais. A ce niveau, on ne peut faire preuve de tant de largesses comme sur l\u2019ouverture du score d\u2019Esteban Lepaul qui a surgi dans l\u2019intervalle, entre Gu\u00e9la Dou\u00e9 et Lucas Hogsberg, pour tromper Mike Penders (9e).<\/p>\n<p>Sur les deuxi\u00e8me (35e) et quatri\u00e8me (48e) buts bretilliens, l\u2019arri\u00e8re-garde a une nouvelle fois \u00e9t\u00e9 d\u00e9pass\u00e9e sur les combinaisons bretonnes. Et que dire du troisi\u00e8me but, sur lequel Hogsberg se fait jongler comme un cadet par un Kader Meit\u00e9 dos au but avant de servir Lepaul dans un fauteuil (48e). Non, franchement, la d\u00e9fense strasbourgeoise a \u00e9t\u00e9 mang\u00e9e comme rarement depuis l\u2019arriv\u00e9e de <a href=\"https:\/\/www.dna.fr\/p\/liam-rosenior\" target=\"_blank\" rel=\"noopener\">Liam Rosenior<\/a> sur le banc du Racing.<\/p>\n<p><strong>Une maladresse offensive crasse<\/strong><\/p>\n<p>Si le Racing a conc\u00e9d\u00e9 beaucoup trop d\u2019occasions, il s\u2019en est aussi cr\u00e9\u00e9 quelques-unes. D\u2019ailleurs, c\u2019est lui qui a \u00e9t\u00e9 le premier en action mais la frappe enroul\u00e9e de Samuel Amo-Ameyaw a manqu\u00e9 de pr\u00e9cision alors qu&rsquo;elle aurait pu lancer le match sur d\u2019autres bases (8e).<\/p>\n<p>L\u2019Anglais n\u2019est pas le seul fautif\u00a0: Julio Enciso, irritant par moments, trop mou face au but (23e) ou Valentin Barco (56e, 58e) pas tr\u00e8s lucide ont, eux aussi, manqu\u00e9 des balles d\u2019\u00e9galisation ou de r\u00e9duction du score. Abdoul Ouattara a \u00e9galement g\u00e2ch\u00e9 quelques bons ballons en prenant les mauvaises d\u00e9cisions tandis que Joaquin Panichelli, en feu en ce moment (6 buts en 4 matches), a peu pes\u00e9.<\/p>\n<p><strong>Collectivement, ce n\u2019\u00e9tait pas brillant<\/strong><\/p>\n<p>Difficile de ressortir un joueur strasbourgeois apr\u00e8s ce naufrage en terre rennaise. D\u00e9j\u00e0, il y a eu \u00e9norm\u00e9ment de d\u00e9chet dans les relances et \u00e0 la construction, ce qui n\u2019est pas une des marques de fabrique du Racing. Ensuite, le bloc alsacien a \u00e9t\u00e9 bien trop friable et transperc\u00e9 \u00e0 de trop nombreuses reprises sur des projections bretonnes. Personne n\u2019a vraiment \u00e9t\u00e9 capable de mettre le pied sur le ballon et de contr\u00f4ler le tempo. On a vu beaucoup trop de f\u00e9brilit\u00e9 et d\u2019approximations, que ce soit au niveau technique ou dans les prises de d\u00e9cision. Une apr\u00e8s-midi sans, tant individuellement que collectivement.<\/p>\n<p><strong>Rosenior n&rsquo;a rien pu faire<\/strong><\/p>\n<p>Face au d\u00e9sastre qui se profilait, Liam Rosenior a essay\u00e9 de r\u00e9agir, notamment en injectant du sang frais d\u00e8s le d\u00e9but de la seconde p\u00e9riode apr\u00e8s le troisi\u00e8me but breton. Mais ses changements n&rsquo;ont jamais entra\u00een\u00e9 une r\u00e9organisation tactique alors que le bateau alsacien prenait l&rsquo;eau. L&rsquo;Anglais, comme ses joueurs, n&rsquo;a pas \u00e9t\u00e9 tr\u00e8s inspir\u00e9 et a perdu son duel face \u00e0 Habib Beye qui jouait sa survie sur le banc bretillien.\u00a0<\/p>\n","protected":false},"excerpt":{"rendered":"Les tops Lepaul a encore frapp\u00e9 Esteban Lepaul adore le Racing. L\u2019avant-centre rennais, qui a grandi en Alsace,&hellip;\n","protected":false},"author":2,"featured_media":507212,"comment_status":"","ping_status":"","sticky":false,"template":"","format":"standard","meta":{"footnotes":""},"categories":[2],"tags":[328,11,2389,2880,107,63,1011,27,12,41281,25,517,1947],"class_list":{"0":"post-507211","1":"post","2":"type-post","3":"status-publish","4":"format-standard","5":"has-post-thumbnail","7":"category-actualites","8":"tag-a-la-une","9":"tag-actualites","10":"tag-alsace","11":"tag-edition-strasbourg","12":"tag-fil-info","13":"tag-football","14":"tag-fr","15":"tag-france","16":"tag-news","17":"tag-racing-club-strasbourg-masculin","18":"tag-republique-francaise","19":"tag-sport","20":"tag-sport-national"},"share_on_mastodon":{"url":"https:\/\/pubeurope.com\/@fr\/115481397494579815","error":""},"_links":{"self":[{"href":"https:\/\/www.europesays.com\/fr\/wp-json\/wp\/v2\/posts\/507211","targetHints":{"allow":["GET"]}}],"collection":[{"href":"https:\/\/www.europesays.com\/fr\/wp-json\/wp\/v2\/posts"}],"about":[{"href":"https:\/\/www.europesays.com\/fr\/wp-json\/wp\/v2\/types\/post"}],"author":[{"embeddable":true,"href":"https:\/\/www.europesays.com\/fr\/wp-json\/wp\/v2\/users\/2"}],"replies":[{"embeddable":true,"href":"https:\/\/www.europesays.com\/fr\/wp-json\/wp\/v2\/comments?post=507211"}],"version-history":[{"count":0,"href":"https:\/\/www.europesays.com\/fr\/wp-json\/wp\/v2\/posts\/507211\/revisions"}],"wp:featuredmedia":[{"embeddable":true,"href":"https:\/\/www.europesays.com\/fr\/wp-json\/wp\/v2\/media\/507212"}],"wp:attachment":[{"href":"https:\/\/www.europesays.com\/fr\/wp-json\/wp\/v2\/media?parent=507211"}],"wp:term":[{"taxonomy":"category","embeddable":true,"href":"https:\/\/www.europesays.com\/fr\/wp-json\/wp\/v2\/categories?post=507211"},{"taxonomy":"post_tag","embeddable":true,"href":"https:\/\/www.europesays.com\/fr\/wp-json\/wp\/v2\/tags?post=507211"}],"curies":[{"name":"wp","href":"https:\/\/api.w.org\/{rel}","templated":true}]}}