{"id":507213,"date":"2025-11-02T17:57:10","date_gmt":"2025-11-02T17:57:10","guid":{"rendered":"https:\/\/www.europesays.com\/fr\/507213\/"},"modified":"2025-11-02T17:57:10","modified_gmt":"2025-11-02T17:57:10","slug":"jul-va-revenir-au-stade-de-france-voici-quand-et-comment-acheter-les-places","status":"publish","type":"post","link":"https:\/\/www.europesays.com\/fr\/507213\/","title":{"rendered":"Jul va revenir au Stade de France, voici quand et comment acheter les places"},"content":{"rendered":"<p>            Par<br \/>\n        <strong><br \/>\n            <a href=\"https:\/\/actu.fr\/auteur\/redaction-paris\" title=\"Consulter tous les articles de R\u00e9daction Paris\" target=\"_blank\" rel=\"noopener\">R\u00e9daction Paris<\/a><br \/>\n        <\/strong><\/p>\n<p>        Publi\u00e9 le<\/p>\n<p>            2 nov. 2025 \u00e0 18h53        <\/p>\n<p>\u00ab\u2009Wesh la team\u2009\u00bb. Trois mois d\u2019introduction pour une annonce qui devrait ravir ses fans. Ce dimanche 2\u00a0novembre 2025, le <strong>rappeur Jul<\/strong> a annonc\u00e9 sur les r\u00e9seaux sociaux qu\u2019il donnerait deux concerts au <a href=\"https:\/\/actu.fr\/tag\/stade-de-france\" target=\"_blank\" rel=\"noopener\">Stade de France<\/a>, \u00e0 Saint-Denis (<a href=\"https:\/\/actu.fr\/ile-de-france\/seine-saint-denis_93\" target=\"_blank\" rel=\"noopener\">Seine-Saint-Denis<\/a>) le <strong>vendredi\u00a015 et le samedi 16\u00a0mai 2026<\/strong>. Ces dates interviendront plus d\u2019un an apr\u00e8s qu\u2019il a battu le record d\u2019affluence de l\u2019enceinte, avec 97\u2009816\u00a0spectateurs.<\/p>\n<p>Pr\u00e9vente et vente les 5 et 7\u00a0novembre<\/p>\n<p class=\" wall-content\">Sur le r\u00e9seau social X, l\u2019artiste de 35\u00a0ans, l\u2019un des plus prolifiques et \u00e9cout\u00e9s en France, a ainsi d\u00e9voil\u00e9 son nouveau programme en agr\u00e9geant des photos et des vid\u00e9os dat\u00e9es de <a href=\"https:\/\/actu.fr\/loisirs-culture\/concert\/jul-au-stade-de-france-mathilde-a-assiste-au-concert-le-public-etait-plus-ghetto-a-ses-debuts_62567456.html\" target=\"_blank\" rel=\"noopener\">l\u2019ann\u00e9e derni\u00e8re<\/a>, lorsqu\u2019il \u00e9tait venu au Stade de France le 26\u00a0avril 2025. D\u2019autres souvenirs font \u00e9galement r\u00e9f\u00e9rence \u00e0 <a href=\"https:\/\/actu.fr\/provence-alpes-cote-d-azur\/marseille_13055\/jul-devoile-le-nouveau-maillot-de-l-om-lors-de-son-concert-au-velodrome-les-fans-conquis_62687188.html\" target=\"_blank\" rel=\"noopener\">ses performances au V\u00e9lodrome \u00e0 Marseille<\/a>, o\u00f9 il se produira \u00e9galement les <strong>29 et 30\u00a0mai 2026<\/strong>.<\/p>\n<p class=\" wall-content\">\n<p class=\" wall-content\">Puisque cette information ne pouvait venir seule, le rappeur a \u00e9galement donn\u00e9 des \u00e9l\u00e9ments relatifs \u00e0 la vente des billets. La pr\u00e9vente d\u00e9butera ce <strong>mercredi 5\u00a0novembre 2025<\/strong> \u00e0 <strong>12\u00a0heures<\/strong>, \u00e0 l\u2019heure o\u00f9 son <strong>nouvel album<\/strong> \u00ab\u2009TP sur TP\u2009\u00bb sortira. Quarante-huit plus tard, <strong>vendredi 7\u00a0novembre<\/strong> \u00e0 <strong>10\u00a0heures<\/strong>, aura lieu la mise en vente g\u00e9n\u00e9rale. L\u2019acquisition risque d\u2019\u00eatre d\u00e9licate, \u00e0 l\u2019image de l\u2019ann\u00e9e derni\u00e8re.<\/p>\n<p class=\" wall-content\">\u00ab\u2009Attention aux faux billets\u2009\u00bb, a averti Jul. Les billets seront disponibles sur les plateformes de ticketmaster.fr, stadedefrance.com, orangevelodrome.com et adamconcerts.com. Son concert se tiendra deux semaines avant celui d<a href=\"https:\/\/actu.fr\/ile-de-france\/saint-denis_93066\/je-crois-qu-il-est-temps-aya-nakamura-annonce-son-premier-concert-au-stade-de-france-et-un-nouvel-album_63348921.html\" target=\"_blank\" rel=\"noopener\">\u2019Aya Nakamura<\/a>, le 29\u00a0mai 2026.<\/p>\n<p class=\" wall-content\">Personnalisez votre actualit\u00e9 en ajoutant vos villes et m\u00e9dias en favori avec <a href=\"https:\/\/moncompte.actu.fr\" title=\"D\u00e9couvez Mon Actu\" rel=\"nofollow noopener\" data-trk=\"{&quot;cta&quot;:{&quot;action&quot;:&quot;https:\\\/\\\/moncompte.actu.fr&quot;,&quot;category&quot;:&quot;mon compte&quot;,&quot;from&quot;:&quot;article footer&quot;,&quot;name&quot;:&quot;Mon actu&quot;,&quot;type&quot;:&quot;cta&quot;}}\" target=\"_blank\">Mon Actu<\/a>.<\/p>\n","protected":false},"excerpt":{"rendered":"Par R\u00e9daction Paris Publi\u00e9 le 2 nov. 2025 \u00e0 18h53 \u00ab\u2009Wesh la team\u2009\u00bb. Trois mois d\u2019introduction pour une&hellip;\n","protected":false},"author":2,"featured_media":507214,"comment_status":"","ping_status":"","sticky":false,"template":"","format":"standard","meta":{"footnotes":""},"categories":[4],"tags":[11,1697,1011,27,1279,1652,12,25,14478],"class_list":{"0":"post-507213","1":"post","2":"type-post","3":"status-publish","4":"format-standard","5":"has-post-thumbnail","7":"category-france","8":"tag-actualites","9":"tag-concert","10":"tag-fr","11":"tag-france","12":"tag-jul","13":"tag-loisirs-culture","14":"tag-news","15":"tag-republique-francaise","16":"tag-stade-de-france"},"share_on_mastodon":{"url":"https:\/\/pubeurope.com\/@fr\/115481401498932407","error":""},"_links":{"self":[{"href":"https:\/\/www.europesays.com\/fr\/wp-json\/wp\/v2\/posts\/507213","targetHints":{"allow":["GET"]}}],"collection":[{"href":"https:\/\/www.europesays.com\/fr\/wp-json\/wp\/v2\/posts"}],"about":[{"href":"https:\/\/www.europesays.com\/fr\/wp-json\/wp\/v2\/types\/post"}],"author":[{"embeddable":true,"href":"https:\/\/www.europesays.com\/fr\/wp-json\/wp\/v2\/users\/2"}],"replies":[{"embeddable":true,"href":"https:\/\/www.europesays.com\/fr\/wp-json\/wp\/v2\/comments?post=507213"}],"version-history":[{"count":0,"href":"https:\/\/www.europesays.com\/fr\/wp-json\/wp\/v2\/posts\/507213\/revisions"}],"wp:featuredmedia":[{"embeddable":true,"href":"https:\/\/www.europesays.com\/fr\/wp-json\/wp\/v2\/media\/507214"}],"wp:attachment":[{"href":"https:\/\/www.europesays.com\/fr\/wp-json\/wp\/v2\/media?parent=507213"}],"wp:term":[{"taxonomy":"category","embeddable":true,"href":"https:\/\/www.europesays.com\/fr\/wp-json\/wp\/v2\/categories?post=507213"},{"taxonomy":"post_tag","embeddable":true,"href":"https:\/\/www.europesays.com\/fr\/wp-json\/wp\/v2\/tags?post=507213"}],"curies":[{"name":"wp","href":"https:\/\/api.w.org\/{rel}","templated":true}]}}