{"id":507215,"date":"2025-11-02T17:58:15","date_gmt":"2025-11-02T17:58:15","guid":{"rendered":"https:\/\/www.europesays.com\/fr\/507215\/"},"modified":"2025-11-02T17:58:15","modified_gmt":"2025-11-02T17:58:15","slug":"sept-francais-se-qualifient-pour-la-finale-des-cartes-europeennes-a-tarragone","status":"publish","type":"post","link":"https:\/\/www.europesays.com\/fr\/507215\/","title":{"rendered":"Sept Fran\u00e7ais se qualifient pour la finale des Cartes europ\u00e9ennes \u00e0 Tarragone"},"content":{"rendered":"<p>\t\t\t\t\t\t<img width=\"770\" height=\"556\" src=\"https:\/\/www.europesays.com\/fr\/wp-content\/uploads\/2025\/06\/54553282852_0f8a1dd50b_o-770x556.jpg\" class=\"img-responsive wp-post-image\" alt=\"\" decoding=\"async\" fetchpriority=\"high\"  \/>\t\t\t\t\t<\/p>\n<p>\t\t\t\t\t\t Partager cet article <\/p>\n<p class=\"screen-reader-text juiz_sps_maybe_hidden_text\">Partager la publication \u00ab\u00a0Sept Fran\u00e7ais se qualifient pour la finale des Cartes europ\u00e9ennes \u00e0 Tarragone\u00a0\u00bb<\/p>\n<p><strong>Victorieux \u00e0 Almeria et \u00e0 Albacete, Robin Sciot-Siegrist et Quentin Debove valident brillamment leur billet pour les PQ3 des Cartes europ\u00e9ennes qui auront lieu \u00e0 Tarragone (Espagne) du 7 au 12 novembre. Ils seront accompagn\u00e9s par Robin Roussel, Julien Brun, Gr\u00e9gory Bourdy, Julien Quesne (photo) et Maxence Giboudot.\u00a0<\/strong><\/p>\n<p><strong>L.V.<\/strong><\/p>\n<p><strong>Robin Sciot-Siegrist<\/strong>, apr\u00e8s un premier tour de rodage jeudi \u00e0 <strong>Almeria<\/strong> au <strong>Desert Springs Resort<\/strong> avec un bon 69 (-3), n\u2019a par la suite plus quitt\u00e9 le top 6 alignant successivement trois cartes de 67 (-5), 66 (-6) et de nouveau 67. A -19 total, il partage la t\u00eate avec le Su\u00e9dois <strong>Oliver Gillberg<\/strong>.<\/p>\n<p>Encore au-del\u00e0 des clous du top 24 \u00ab\u00a0qualificatif\u00a0\u00bb samedi soir (28e), <strong>Robin Roussel<\/strong> a r\u00e9ussi \u00e0 passer du bon c\u00f4t\u00e9 de la fronti\u00e8re avec un dernier 67 salvateur. Le golfeur d\u2019<strong>Ozoir-la-Ferri\u00e8re (77)<\/strong> prend la 16e place \u00e0 -10 et valide lui aussi son billet pour le marathon en six tours (avec cut apr\u00e8s 72 trous) qui d\u00e9bute vendredi prochain \u00e0 <strong>Tarragone<\/strong> (Espagne). Cela ne passe en revanche pas pour <strong>Edgar Catherine<\/strong>, 31e \u00e0 -7.\u00a0<\/p>\n<p><a href=\"https:\/\/www.europeantour.com\/dpworld-tour\/second-stage-desert-springs-resort-2025\/leaderboard\" target=\"_blank\" rel=\"noopener nofollow\">Retrouvez le classement complet \u00e0 Almeria<\/a><\/p>\n<p>Julien Brun fait de la r\u00e9sistance<\/p>\n<p>Toujours concern\u00e9 par cette qualification aux PQ3 des Cartes europ\u00e9ennes (il \u00e9tait d\u00e9j\u00e0 20e apr\u00e8s 18 trous \u00e0 <strong>Huelva<\/strong>), <strong>Julien Brun<\/strong> a assur\u00e9 cette semaine sur le par 71 du<strong> Isla Canela Links<\/strong> avec un score total de -16. 8e, l\u2019Antibois, qui n\u2019avait pas pu conserver son droit de jeu cette ann\u00e9e sur le <strong>DP World Tour<\/strong> avec son exemption m\u00e9dicale, termine \u00e0 quatre longueurs seulement des deux Am\u00e9ricains leaders \u00e0 -20, <strong>Ben Warian<\/strong> et <strong>Spencer Tibbits<\/strong>.<\/p>\n<p>Julien Brun est le seul \u00e0 passer cet \u00e9cueil des PQ2 \u00e0 Huelva puisque <strong>Nathan Legendre<\/strong> et <strong>Antoine Bachelier<\/strong> n\u2019ont pu faire mieux qu\u2019une 32e place \u00e0 -9 (24 spots en jeu). Plus loin, on retrouve <strong>Valentin Peugnet<\/strong> (60e \u00e0 -2), l\u2019amateur <strong>Romain Buttarazzi<\/strong> (65e \u00e0 +1) et <strong>Cl\u00e9ment Guichard<\/strong> (66e \u00e0 +2). <strong>Mathieu Decottignies-Lafon<\/strong> avait pour sa part abandonn\u00e9 apr\u00e8s 54 trous.\u00a0<\/p>\n<p><a href=\"https:\/\/www.europeantour.com\/dpworld-tour\/second-stage-isla-canela-links-2025\/leaderboard\" target=\"_blank\" rel=\"noopener nofollow\">Retrouvez le classement complet \u00e0 Huelva<\/a><\/p>\n<p>Les v\u00e9t\u00e9rans Bourdy et Quesne assurent<\/p>\n<p>Jeunesse et exp\u00e9rience ! Voil\u00e0 comment on pourrait r\u00e9sumer le bilan des Fran\u00e7ais pr\u00e9sents \u00e0 <strong>Albacete<\/strong> au <strong>Golf Las Pinaillas<\/strong>. Si <strong>Quentin Debove<\/strong>, 24 ans, a remport\u00e9 la session avec un splendide score de -20 (avec notamment trois cartes successives de 65), <strong>Gr\u00e9gory Bourdy<\/strong>, 43 ans, et <strong>Julien Quesne<\/strong>, 45 ans, se sont eux aussi extirp\u00e9s de ce pi\u00e8ge des PQ2 des Cartes europ\u00e9ennes. Le Bordelais, <a href=\"https:\/\/www.golfplanete.com\/actualites\/gregory-bourdy-mon-objectif-principal-cest-davoir-la-carte-du-dp-world-tour\/\" target=\"_blank\" rel=\"noopener nofollow\">qui croit toujours en son \u00e9toile<\/a>, s\u2019offre ainsi la 9e place \u00e0 -10 tandis que le Manceau suit juste derri\u00e8re (14e \u00e0 -9).<\/p>\n<p>Embarqu\u00e9 dans un playoff \u00e0 quatre pour deux places apr\u00e8s avoir achev\u00e9 ses quatre tours en 22e position \u00e0 -6, <strong>Romain Wattel<\/strong> a \u00e9t\u00e9 battu (tout comme l\u2019Am\u00e9ricain <strong>Tyler Collet<\/strong>) par l\u2019Ecossais <strong>Graig Howie<\/strong> et l\u2019Am\u00e9ricain <strong>Ben Sigel<\/strong>. Cruel ! C\u2019est \u00e9galement termin\u00e9 pour <strong>Pierre Pineau<\/strong>, qui \u00e9choue tr\u00e8s pr\u00e8s du top 23 qualificatif (27e \u00e0 -5). M\u00eame issue pour <strong>S\u00e9bastien Gros<\/strong> (30e \u00e0 -4), <strong>Jo\u00ebl Stalter<\/strong> (35e \u00e0 -3), <strong>David Guyot<\/strong> (58e \u00e0 +4) et <strong>Bastien Amat<\/strong> (62e \u00e0 +6).\u00a0<\/p>\n<p><a href=\"https:\/\/www.europeantour.com\/dpworld-tour\/second-stage-golf-las-pinaillas-2025\/leaderboard\" target=\"_blank\" rel=\"noopener nofollow\">Retrouvez le classement complet \u00e0 Albacete<\/a><\/p>\n<p>Des quatre Tricolores engag\u00e9s \u00e0 <strong>G\u00e9rone<\/strong> au <strong>Fontanals Golf Club<\/strong>, seul <strong>Maxence Giboudot<\/strong> sera au d\u00e9part \u00e0 partir du vendredi 7 novembre \u00e0 l\u2019<strong>Infinitum Golf<\/strong> de Tarragone. Le pensionnaire de l\u2019<strong>HotelPlanner Tour 2025<\/strong> a pris la 11e place \u00e0 -11 tandis que le N\u00e9o-Z\u00e9landais <strong>Tyler Wood<\/strong>, leader depuis le premier jour, a survol\u00e9 la session avec un score final de -20.<\/p>\n<p>Ancien vainqueur sur le <strong>PGA Tour<\/strong>, <strong>Martin Trainer<\/strong> s\u2019arr\u00eate l\u00e0 (33e \u00e0 -5), tout comme <strong>Alexandre Vandermoten<\/strong> (53e \u00e0 -1). <strong>Victor Veyret<\/strong> s\u2019\u00e9tait retir\u00e9 vendredi soir apr\u00e8s deux tours.\u00a0<\/p>\n<p><a href=\"https:\/\/www.europeantour.com\/dpworld-tour\/second-stage-fontanals-golf-club-2025\/leaderboard\" target=\"_blank\" rel=\"noopener nofollow\">Retrouvez le classement complet \u00e0 G\u00e9rone<\/a><\/p>\n<p>\t\t\t\t\t<a id=\"189447\" href=\"https:\/\/golfplus.fr\/content\/57-programme-de-fidelite\" target=\"_blank\" rel=\"sponsorised nofollow noopener\"><img decoding=\"async\" src=\"data:image\/svg+xml,%3Csvg%20xmlns=\" http:=\"\" class=\"img-responsive\" alt=\"\" data-lazy-src=\"https:\/\/www.europesays.com\/fr\/wp-content\/uploads\/2025\/10\/golfplus-e28-programme-fidelite-1170x275-1.jpg\"\/><\/a><\/p>\n<p>Photo : Alps Tour<\/p>\n","protected":false},"excerpt":{"rendered":"Partager cet article Partager la publication \u00ab\u00a0Sept Fran\u00e7ais se qualifient pour la finale des Cartes europ\u00e9ennes \u00e0 Tarragone\u00a0\u00bb&hellip;\n","protected":false},"author":2,"featured_media":179663,"comment_status":"","ping_status":"","sticky":false,"template":"","format":"standard","meta":{"footnotes":""},"categories":[1418],"tags":[1011,27,1472,60],"class_list":{"0":"post-507215","1":"post","2":"type-post","3":"status-publish","4":"format-standard","5":"has-post-thumbnail","7":"category-golf","8":"tag-fr","9":"tag-france","10":"tag-golf","11":"tag-sports"},"share_on_mastodon":{"url":"https:\/\/pubeurope.com\/@fr\/115481405516919377","error":""},"_links":{"self":[{"href":"https:\/\/www.europesays.com\/fr\/wp-json\/wp\/v2\/posts\/507215","targetHints":{"allow":["GET"]}}],"collection":[{"href":"https:\/\/www.europesays.com\/fr\/wp-json\/wp\/v2\/posts"}],"about":[{"href":"https:\/\/www.europesays.com\/fr\/wp-json\/wp\/v2\/types\/post"}],"author":[{"embeddable":true,"href":"https:\/\/www.europesays.com\/fr\/wp-json\/wp\/v2\/users\/2"}],"replies":[{"embeddable":true,"href":"https:\/\/www.europesays.com\/fr\/wp-json\/wp\/v2\/comments?post=507215"}],"version-history":[{"count":0,"href":"https:\/\/www.europesays.com\/fr\/wp-json\/wp\/v2\/posts\/507215\/revisions"}],"wp:featuredmedia":[{"embeddable":true,"href":"https:\/\/www.europesays.com\/fr\/wp-json\/wp\/v2\/media\/179663"}],"wp:attachment":[{"href":"https:\/\/www.europesays.com\/fr\/wp-json\/wp\/v2\/media?parent=507215"}],"wp:term":[{"taxonomy":"category","embeddable":true,"href":"https:\/\/www.europesays.com\/fr\/wp-json\/wp\/v2\/categories?post=507215"},{"taxonomy":"post_tag","embeddable":true,"href":"https:\/\/www.europesays.com\/fr\/wp-json\/wp\/v2\/tags?post=507215"}],"curies":[{"name":"wp","href":"https:\/\/api.w.org\/{rel}","templated":true}]}}