{"id":507221,"date":"2025-11-02T18:06:14","date_gmt":"2025-11-02T18:06:14","guid":{"rendered":"https:\/\/www.europesays.com\/fr\/507221\/"},"modified":"2025-11-02T18:06:14","modified_gmt":"2025-11-02T18:06:14","slug":"l1-rennes-strasbourg-les-compos-maxifoot","status":"publish","type":"post","link":"https:\/\/www.europesays.com\/fr\/507221\/","title":{"rendered":"L1 : Rennes-Strasbourg, les compos &#8211; Maxifoot"},"content":{"rendered":"<ol>\n<li><a href=\"https:\/\/news.google.com\/rss\/articles\/CBMiggFBVV95cUxPOFdJOGRfSTJrN0s0Tmg4amVTMlc4TU42M0ZxVHlIQXFaV2p0bklnM2Fudmw0RWtBeUpoeGM2UVRDY1FUVlE5bjNWNHF0WnY3Yk1uYzNSZkVxcy1mcGtqR05neXdCX1BPZDV0SW9yQjg4RFA4aHJoci0yQ3hxdmI3eGtR0gGCAUFVX3lxTE1Jakh5TlREc1JQN3RvQldyOEtUeGJKU0I5WGYyTXowV1FmUDhJWWdCRVREWGhZLTdRYVVQTEdjZ1VDd1pseFk0eExlNUF4UHZpamZHR3lvQTB6cjgyNUhjdkQ0S1NGQU83bS1NYVFIdUdNcDhLSVdvcFB6YTRvMkVTYnc?oc=5\" target=\"_blank\" rel=\"nofollow noopener\">L1 : Rennes-Strasbourg, les compos<\/a>&nbsp;&nbsp;Maxifoot<\/li>\n<li><a href=\"https:\/\/news.google.com\/rss\/articles\/CBMigwJBVV95cUxPSzZRUDRLOHI1R0JqR2ZWSTRhNHJfS0I3RzBlTUp6eTFaclI2OUFSanNJRzVyb1paMnBlU1ctWlo2SFpUMmxXR3JrMy1HS1UtVVBKNEN1ZlFFUURSdFYwQ0dIVVdrM00xRTFnM3VJcW9YVUtYYnZqY0Q4VUxuUlVuc0oxejFVM1B5QmE5cGdmdGxLREoydFJJMjlzZ0JiZ3N6clI0RW9IZ0ZZQmd2Z1hkcF94WmJvbk1TNXVhNkVqV25VSEJCVVRXMmI2RU5yRXhkREZYNjhSR096MW83YTA0enc1em5JSUMxM3BxdGVaOC1CTk5ROWQ4MnlUOEMxRUlZaDM4?oc=5\" target=\"_blank\" rel=\"nofollow noopener\">Le clin d&rsquo;oeil de Liam Rosenior, l&rsquo;entra\u00eeneur de Strasbourg, au Rennais Esteban Lepaul, bourreau de son \u00e9quipe avec un tripl\u00e9<\/a>&nbsp;&nbsp;L&rsquo;\u00c9quipe<\/li>\n<li><a href=\"https:\/\/news.google.com\/rss\/articles\/CBMi8wFBVV95cUxNUHNFX2ticXlUdXhUbHVkbFdFalQ2RDUzZC1XM2JQLTh4UGFnZXJGbFJtQlJQNUhHNVk3MnhEaGZPcFdUZDVZTTNWbFBGaXpGVlNETHNsUlZOazJQTnpmYzlCR1duZUhZVkpiMUtScFhwczY3T256MkhWemt6cnhNcGczYmc5M2dTajM2VGZ6WndPX1hjb2VhaGxCaDZrMTdIUkNZNl9jMmJoTDlLVXNrcUtKem1RMzAtWS0zZXppWndTYXRDeUxEX3hlaUhZaV8xMngxeTN2eVItRi16Q0xLYlo3RmNnNmdMOW1QMjVwdWNWTDQ?oc=5\" target=\"_blank\" rel=\"nofollow noopener\">\u00ab\u00a0Notre match r\u00e9f\u00e9rence\u00a0\u00bb : Rennes, l&rsquo;arc-en-ciel apr\u00e8s l&rsquo;orage<\/a>&nbsp;&nbsp;Eurosport<\/li>\n<li><a href=\"https:\/\/news.google.com\/rss\/articles\/CBMihAJBVV95cUxNVW1CaGV1R3lzNlB3a3pTRmk1R20wY0ZRYmRIckFQTnNXQ2E0QUN1UFk2QTBQOXZmcHZNamR0TEo2ZTZhWHBudVRvSF9Sd1E0dUl3eGMzSUktdlplNHF1d3hscU5IbE5ZZmZndXVhSUlFTDJ0dXdjTHRVM3p6Zk9sbzFVWDhTd3NuTEd4dTJfLU1LeHY0cVE1a1BKUTlvQlJWX1BnU2pMV3BlWXFWUE5sek9kZG43Ykd3b3AzOGVvN0tlOFR4OVdqVklVZXZaazllV3B0d3NCX3MxU2dtZ0ZyamlNem9hM3FKWU1jd2JMRnV1UEtQTnUxM0t4cmVYcWtjdmJaNA?oc=5\" target=\"_blank\" rel=\"nofollow noopener\">Habib Beye et le Stade rennais se donnent de l\u2019air en Ligue 1 en renouant avec la victoire contre Strasbourg<\/a>&nbsp;&nbsp;Le Monde.fr<\/li>\n<li><a href=\"https:\/\/news.google.com\/rss\/articles\/CBMiogFBVV95cUxQQUJyUXZacTV1ZGtuQjRWTkNxdmU4d2NXOURqTkF0OFI2LTVNVU50NTFJY2VjQnl4SkQwMzIxNU1LV2pRUWxtVDROZXdjY0VJclRLYVczY21pSVJwTGQ1b3QxQ3JqMkJyM1FWTkU5bFB5MXVWQkU3WmNhV2JSSzJnbTl2aDZkUk9MSXFWenRqekozMUdRNldfM0luWFpRbllqQWc?oc=5\" target=\"_blank\" rel=\"nofollow noopener\">Le ph\u00e9nom\u00e8ne Esteban Lepaul sort Rennes de la crise !<\/a>&nbsp;&nbsp;Foot Mercato<\/li>\n<\/ol>\n","protected":false},"excerpt":{"rendered":"L1 : Rennes-Strasbourg, les compos&nbsp;&nbsp;Maxifoot Le clin d&rsquo;oeil de Liam Rosenior, l&rsquo;entra\u00eeneur de Strasbourg, au Rennais Esteban Lepaul,&hellip;\n","protected":false},"author":2,"featured_media":507222,"comment_status":"","ping_status":"","sticky":false,"template":"","format":"standard","meta":{"footnotes":""},"categories":[1410],"tags":[2266,2262,2261,1981,83,2260,451,2263,462,2269,2257,63,1011,27,2265,1441,453,66,447,2267,955,2268,241,149,70,1817,93,2264,2258,2259,60,969,455],"class_list":{"0":"post-507221","1":"post","2":"type-post","3":"status-publish","4":"format-standard","5":"has-post-thumbnail","7":"category-football","8":"tag-as-monaco","9":"tag-bundesligua","10":"tag-calcio","11":"tag-classement","12":"tag-coupe-de-france","13":"tag-coupe-de-la-ligue","14":"tag-coupe-du-monde","15":"tag-equipe","16":"tag-fc-nantes","17":"tag-fifa","18":"tag-foot","19":"tag-football","20":"tag-fr","21":"tag-france","22":"tag-girondins-bordeaux","23":"tag-joueur","24":"tag-liga","25":"tag-ligue-1","26":"tag-ligue-des-champions","27":"tag-losc","28":"tag-match","29":"tag-ogc-nice","30":"tag-ol","31":"tag-om","32":"tag-premier-league","33":"tag-pronostic","34":"tag-psg","35":"tag-rc-lens","36":"tag-resultat","37":"tag-score","38":"tag-sports","39":"tag-transfert","40":"tag-uefa"},"share_on_mastodon":{"url":"https:\/\/pubeurope.com\/@fr\/115481436858392875","error":""},"_links":{"self":[{"href":"https:\/\/www.europesays.com\/fr\/wp-json\/wp\/v2\/posts\/507221","targetHints":{"allow":["GET"]}}],"collection":[{"href":"https:\/\/www.europesays.com\/fr\/wp-json\/wp\/v2\/posts"}],"about":[{"href":"https:\/\/www.europesays.com\/fr\/wp-json\/wp\/v2\/types\/post"}],"author":[{"embeddable":true,"href":"https:\/\/www.europesays.com\/fr\/wp-json\/wp\/v2\/users\/2"}],"replies":[{"embeddable":true,"href":"https:\/\/www.europesays.com\/fr\/wp-json\/wp\/v2\/comments?post=507221"}],"version-history":[{"count":0,"href":"https:\/\/www.europesays.com\/fr\/wp-json\/wp\/v2\/posts\/507221\/revisions"}],"wp:featuredmedia":[{"embeddable":true,"href":"https:\/\/www.europesays.com\/fr\/wp-json\/wp\/v2\/media\/507222"}],"wp:attachment":[{"href":"https:\/\/www.europesays.com\/fr\/wp-json\/wp\/v2\/media?parent=507221"}],"wp:term":[{"taxonomy":"category","embeddable":true,"href":"https:\/\/www.europesays.com\/fr\/wp-json\/wp\/v2\/categories?post=507221"},{"taxonomy":"post_tag","embeddable":true,"href":"https:\/\/www.europesays.com\/fr\/wp-json\/wp\/v2\/tags?post=507221"}],"curies":[{"name":"wp","href":"https:\/\/api.w.org\/{rel}","templated":true}]}}