{"id":507227,"date":"2025-11-02T18:10:13","date_gmt":"2025-11-02T18:10:13","guid":{"rendered":"https:\/\/www.europesays.com\/fr\/507227\/"},"modified":"2025-11-02T18:10:13","modified_gmt":"2025-11-02T18:10:13","slug":"direct-video-le-president-du-rn-jordan-bardella-invite-de-lci-tf1-info","status":"publish","type":"post","link":"https:\/\/www.europesays.com\/fr\/507227\/","title":{"rendered":"DIRECT VID\u00c9O &#8211; Le pr\u00e9sident du RN Jordan Bardella invit\u00e9 de LCI &#8211; TF1 Info"},"content":{"rendered":"<ol>\n<li><a href=\"https:\/\/news.google.com\/rss\/articles\/CBMi2AFBVV95cUxPTWtNU0t2VzlvMDFtVFNBOWdmT2FkTmtoTHRyZXJvNlRkTU5kaVJjbmJqV1U2M0w1UkN0eU1rMm43d3lGWVZiUE13T1pVZ0JIYzQ0OEhWdkxORl9nc1BYZk1QNVdsdEJheF9GZXJQV3pfSVhtbXQ2SEQ3YVoyLXNKMGdIQmxvVTRXVktUaHJUbkRFREdKd044TktISUEzUHZ5VFpoOFJtemM4RnZ1djExVFh0UTVYVmt4N3RCbkRpQnE4RUNycm5xMWVablB6NkNyNVdyb21rN0Q?oc=5\" target=\"_blank\" rel=\"noopener\">DIRECT VID\u00c9O &#8211; Le pr\u00e9sident du RN Jordan Bardella invit\u00e9 de LCI<\/a>&nbsp;&nbsp;TF1 Info<\/li>\n<li><a href=\"https:\/\/news.google.com\/rss\/articles\/CBMiqgJBVV95cUxOYnhNbkxkYkxHamJEZEV3aWZITnVOenNBQkRkZzJheEhFc0FsMUYzMlZjeHZzZmF4UDY2MU5sSjFKOEZnbFF4eDlWQlZ0OFdrQm0xQkJEVXc1bC1xVGlMdXRPQ0N1X0kzYkRNR2hBWDBSS1ZiWmdLdG80cVFnSmd5YTQtckZhY2ZIcDktR3BIZ2RCTXktRDhqRUJZanpEaEtfU0phdkk2R09lcGNHa2VtMzE1N2V5amUxaFVpdVdERjFvNXFLNU5BMkFrQmo3c0F4VW1JUGZmVVlmVFRYMVhRVG5lV0pjLTExZVFUYl9VeGRZMXYyb0tHM0RLN0xlQnUtMzl2eS1HSnk1S3FzaC1ZMGFKa1lxYXFBSVc3OTlsSzl2TWN3RWZuX29n?oc=5\" target=\"_blank\" rel=\"noopener\">EN DIRECT &#8211; Sur LCI, Jordan Bardella dit envisager d&rsquo;\u00eatre candidat aux prochaines l\u00e9gislatives<\/a>&nbsp;&nbsp;TF1 Info<\/li>\n<li><a href=\"https:\/\/news.google.com\/rss\/articles\/CBMi8AFBVV95cUxQcjdsamtRdE5KaDNwUTRHTGxCVEpZZ1BUcjUwazFHLU1iMkxwRWUtaWhEYllHUFlvcHM1UUNTTURFSFFjUkdfT0JvR0pWd1l2ZFJlZmc4dEVWeU1CSks3MnJJXy1Ra1RHZkdoZFV3X3VlWV9fOFB6Y2FHQ0pEaVJYVk5NUWItOE1ESEpCQ0JzQUtfODB6WjZac2JWcXhyNlhiN1JGSkF3aUVfZktnd3JubTZSZTQwdzRGSmZqVWdVZzQ0VF9DMlhNVmFMbFZ4WWdmTkRaOS01MGt6eTFGNXpkRXBYWUVEWHJNRWhOQWVVMlY?oc=5\" target=\"_blank\" rel=\"noopener\">Union des droites : \u00abNous acceptons toutes les mains tendues\u00bb, d\u00e9clare Andrea Kotarac, porte-parole du RN<\/a>&nbsp;&nbsp;europe1.fr<\/li>\n<li><a href=\"https:\/\/news.google.com\/rss\/articles\/CBMijAFBVV95cUxQaUhfVk9SWE9jb2xyTTVpNDBGdzhwSFVHcHpmeTRUbTRTVFFIRVBuSnhva0k0VHVWRjVnZnZZQzM4dUVYUlB0MllOZnhOc1paMWxJQWVGTWxRVHVoYXlmbFFYb0RrUkNxcnF1ZE5oclR4em5WY0toaktIbTdLUGE4SUc1eXZwVVBDLS12Rw?oc=5\" target=\"_blank\" rel=\"noopener\">Jordan Bardella : \u00abLe d\u00e9clin n\u2019est pas une fatalit\u00e9\u00bb<\/a>&nbsp;&nbsp;lejdd.fr<\/li>\n<li><a href=\"https:\/\/news.google.com\/rss\/articles\/CBMiqAJBVV95cUxOSnZfRU5JSmJMb0V0YnBfbnZxSXNDaDd1b3F0Y0VjU2c3djVodXotd2lYWkpmU3hFdjk5Y3hFMGYtdFB3MzdTSTJDSTFnTlVWTWpSWm5CNVpaekpZQTlhdXVsYWY1VTUxWk5IY0RyWm1uVkdHaGpTZTVVVU1TSThXcWk1bW1xb2ItM09oUFRPcWdNSThsZnFUVmlPWlJtY2VvN3JPSFd6bGpsa2hrUm1OMUdaSUd2aWF0TmpMaGdmQi1hdTM2OW5RSlhLNFNmQ1YzbVhsT3piUW9XdERhNEpxamQ3cmM1czUwXzBYcFZDS19SNEdsTEdIVkxLUkRDNGMwQm9tMGt5UDhqcnY0M3Ffa2Rxd0VzSmxWYm9rZ3pkZnVoamdQbl8xVA?oc=5\" target=\"_blank\" rel=\"noopener\">SIGN\u00c9 CONSIGNY &#8211; \u00ab\u00a0Jordan Bardella r\u00eave d&rsquo;\u00eatre le pr\u00e9sident de l&rsquo;UMP\u00a0\u00bb, estime Charles Consigny \u00e0 propos de l&rsquo;union des droites<\/a>&nbsp;&nbsp;BFMTV<\/li>\n<\/ol>\n","protected":false},"excerpt":{"rendered":"DIRECT VID\u00c9O &#8211; Le pr\u00e9sident du RN Jordan Bardella invit\u00e9 de LCI&nbsp;&nbsp;TF1 Info EN DIRECT &#8211; Sur LCI,&hellip;\n","protected":false},"author":2,"featured_media":507228,"comment_status":"","ping_status":"","sticky":false,"template":"","format":"standard","meta":{"footnotes":""},"categories":[1356],"tags":[1111,11,1921,58,59,1011,27,1922,1077,1078,252,1364,133,4530],"class_list":{"0":"post-507227","1":"post","2":"type-post","3":"status-publish","4":"format-standard","5":"has-post-thumbnail","7":"category-television","8":"tag-actu","9":"tag-actualites","10":"tag-article-video","11":"tag-divertissement","12":"tag-entertainment","13":"tag-fr","14":"tag-france","15":"tag-info","16":"tag-jordan-bardella","17":"tag-rassemblement-national","18":"tag-television","19":"tag-tv","20":"tag-video","21":"tag-video-politique"},"share_on_mastodon":{"url":"https:\/\/pubeurope.com\/@fr\/115481452633044468","error":""},"_links":{"self":[{"href":"https:\/\/www.europesays.com\/fr\/wp-json\/wp\/v2\/posts\/507227","targetHints":{"allow":["GET"]}}],"collection":[{"href":"https:\/\/www.europesays.com\/fr\/wp-json\/wp\/v2\/posts"}],"about":[{"href":"https:\/\/www.europesays.com\/fr\/wp-json\/wp\/v2\/types\/post"}],"author":[{"embeddable":true,"href":"https:\/\/www.europesays.com\/fr\/wp-json\/wp\/v2\/users\/2"}],"replies":[{"embeddable":true,"href":"https:\/\/www.europesays.com\/fr\/wp-json\/wp\/v2\/comments?post=507227"}],"version-history":[{"count":0,"href":"https:\/\/www.europesays.com\/fr\/wp-json\/wp\/v2\/posts\/507227\/revisions"}],"wp:featuredmedia":[{"embeddable":true,"href":"https:\/\/www.europesays.com\/fr\/wp-json\/wp\/v2\/media\/507228"}],"wp:attachment":[{"href":"https:\/\/www.europesays.com\/fr\/wp-json\/wp\/v2\/media?parent=507227"}],"wp:term":[{"taxonomy":"category","embeddable":true,"href":"https:\/\/www.europesays.com\/fr\/wp-json\/wp\/v2\/categories?post=507227"},{"taxonomy":"post_tag","embeddable":true,"href":"https:\/\/www.europesays.com\/fr\/wp-json\/wp\/v2\/tags?post=507227"}],"curies":[{"name":"wp","href":"https:\/\/api.w.org\/{rel}","templated":true}]}}