{"id":507239,"date":"2025-11-02T18:18:23","date_gmt":"2025-11-02T18:18:23","guid":{"rendered":"https:\/\/www.europesays.com\/fr\/507239\/"},"modified":"2025-11-02T18:18:23","modified_gmt":"2025-11-02T18:18:23","slug":"la-regle-des-19-c-est-depassee-voici-les-nouvelles-recommandations-des-experts","status":"publish","type":"post","link":"https:\/\/www.europesays.com\/fr\/507239\/","title":{"rendered":"la r\u00e8gle des 19 \u00b0C est d\u00e9pass\u00e9e, voici les nouvelles recommandations des experts"},"content":{"rendered":"<p>L\u2019hiver approche et avec lui revient l\u2019\u00e9ternel dilemme\u00a0: comment chauffer son logement efficacement sans voir sa facture d\u2019\u00e9nergie exploser\u00a0? Depuis la crise p\u00e9troli\u00e8re des ann\u00e9es 1970, <a href=\"https:\/\/www.presse-citron.net\/chauffage-baisser-vos-radiateurs-permet-il-vraiment-de-faire-des-economies-delectricite\/\" rel=\"nofollow noopener\" target=\"_blank\">la r\u00e8gle des 19 \u00b0C s\u2019est impos\u00e9e comme un dogme en mati\u00e8re de chauffage domestique<\/a>. Pourtant, les experts en efficacit\u00e9 \u00e9nerg\u00e9tique sonnent aujourd\u2019hui la fin de ce diktat thermique. Une temp\u00e9rature unique ne peut plus r\u00e9pondre aux enjeux actuels du confort moderne et de la performance \u00e9nerg\u00e9tique.<\/p>\n<p> La fin d\u2019un mythe\u00a0: pourquoi les 19 \u00b0C ne fonctionnent plus\u00a0? <\/p>\n<p>La r\u00e8gle des 19 \u00b0C est n\u00e9e dans un contexte bien diff\u00e9rent de celui d\u2019aujourd\u2019hui. Les logements des ann\u00e9es 1970 pr\u00e9sentaient des caract\u00e9ristiques thermiques radicalement diff\u00e9rentes de ceux d\u2019aujourd\u2019hui. L\u2019isolation \u00e9tait souvent m\u00e9diocre, les syst\u00e8mes de chauffage moins performants et les modes de vie diff\u00e9rents. Nick Barber, expert en gestion \u00e9nerg\u00e9tique, souligne que \u00ab\u00a0c<strong>ette temp\u00e9rature a \u00e9t\u00e9 d\u00e9finie comme un compromis \u00e9conomique plut\u00f4t que comme un v\u00e9ritable optimum de confort<\/strong>\u00a0\u00bb.<\/p>\n<p>Les progr\u00e8s en mati\u00e8re de construction et de r\u00e9novation \u00e9nerg\u00e9tique ont boulevers\u00e9 la donne. Les logements modernes, mieux isol\u00e9s et \u00e9quip\u00e9s de syst\u00e8mes de chauffage plus sophistiqu\u00e9s, permettent une gestion plus fine de la temp\u00e9rature. Les experts s\u2019accordent d\u00e9sormais sur <strong>un nouveau standard\u00a0: 20 \u00b0C repr\u00e9sente la v\u00e9ritable temp\u00e9rature de r\u00e9f\u00e9rence pour les pi\u00e8ces de vie.<\/strong><\/p>\n<p> 20 \u00b0C\u00a0: le nouveau standard de toute fa\u00e7on d\u00e9j\u00e0 largement adopt\u00e9 <\/p>\n<p>Cette \u00e9volution d\u2019un degr\u00e9 peut sembler minime, mais elle change radicalement la donne en mati\u00e8re de confort. <strong>Difficile de se sentir \u00e0 l\u2019aise \u00e0 19 \u00b0C sans ressentir comme un l\u00e9ger frisson<\/strong>. Brad Roberson, sp\u00e9cialiste des syst\u00e8mes de chauffage, explique que \u00ab\u00a0<strong>la sensation de confort thermique d\u00e9pend de nombreux facteurs au-del\u00e0 de la simple temp\u00e9rature<\/strong>\u00a0\u00bb. L\u2019humidit\u00e9, la circulation d\u2019air, l\u2019activit\u00e9 physique et m\u00eame la fa\u00e7on de s\u2019habiller jouent un r\u00f4le crucial dans notre perception du confort.<\/p>\n<p>Les \u00e9tudes r\u00e9centes d\u00e9montrent qu\u2019<strong>\u00e0 20 \u00b0C, le corps humain maintient plus facilement sa temp\u00e9rature id\u00e9ale de 37 \u00b0C,<\/strong> particuli\u00e8rement lors d\u2019activit\u00e9s s\u00e9dentaires comme le t\u00e9l\u00e9travail ou la lecture. Cette temp\u00e9rature permet \u00e9galement de r\u00e9duire les risques de condensation et de d\u00e9veloppement de moisissures, probl\u00e8mes fr\u00e9quents dans les logements maintenus \u00e0 des temp\u00e9ratures trop basses.<\/p>\n<p> La nouvelle approche\u00a0: le chauffage intelligent pi\u00e8ce par pi\u00e8ce <\/p>\n<p>Les experts pr\u00e9conisent d\u00e9sormais une approche diff\u00e9renci\u00e9e du chauffage domestique. <strong>Chaque pi\u00e8ce m\u00e9rite sa propre temp\u00e9rature en fonction de son usage<\/strong>. Le salon et les espaces de vie principaux s\u2019\u00e9panouissent \u00e0 20 \u00b0C, cr\u00e9ant une atmosph\u00e8re accueillante propice aux activit\u00e9s quotidiennes. Les chambres, en revanche, peuvent \u00eatre maintenues entre 16 et 18 \u00b0C pour favoriser un sommeil r\u00e9parateur.<\/p>\n<p>La salle de bain constitue un cas particulier\u00a0: <strong>une temp\u00e9rature de 22 \u00b0C y est recommand\u00e9e pour \u00e9viter le choc thermique \u00e0 la sortie de la douche<\/strong>. Les espaces de transition comme les couloirs peuvent se contenter de 17 \u00b0C. Cette gestion diff\u00e9renci\u00e9e permet non seulement d\u2019optimiser le confort, mais aussi de r\u00e9aliser des \u00e9conomies substantielles.<\/p>\n<p>Les technologies modernes facilitent grandement cette gestion intelligente du chauffage. <a href=\"https:\/\/www.presse-citron.net\/google-presente-nest-thermostat-et-le-retour-de-la-technologie-soli\/\" rel=\"nofollow noopener\" target=\"_blank\">Les thermostats connect\u00e9s permettent de programmer des temp\u00e9ratures diff\u00e9rentes selon les pi\u00e8ces et les moments de la journ\u00e9e<\/a>. Ces syst\u00e8mes peuvent g\u00e9n\u00e9rer jusqu\u2019\u00e0 15\u00a0% d\u2019\u00e9conomies sur la facture annuelle de chauffage, tout en maintenant un niveau de confort optimal.<\/p>\n<p>L\u2019impact financier de cette nouvelle approche s\u2019av\u00e8re plus complexe qu\u2019une simple augmentation de consommation. Certes, <strong>chaque degr\u00e9 suppl\u00e9mentaire augmente th\u00e9oriquement la consommation de 7\u00a0%<\/strong>. Cependant, une temp\u00e9rature mieux adapt\u00e9e r\u00e9duit les compensations co\u00fbteuses comme l\u2019utilisation de chauffages d\u2019appoint ou la surventilation pour r\u00e9guler une chaleur mal r\u00e9partie.<\/p>\n<ul class=\"tldr\">\n<li>La temp\u00e9rature id\u00e9ale passe de 19 \u00b0C \u00e0 20 \u00b0C dans les pi\u00e8ces de vie pour un meilleur \u00e9quilibre confort\/\u00e9conomies<\/li>\n<li>Chaque pi\u00e8ce n\u00e9cessite sa propre temp\u00e9rature\u00a0: 16-18 \u00b0C pour les chambres, 22 \u00b0C pour la salle de bain<\/li>\n<li>Les technologies modernes de r\u00e9gulation permettent d\u2019optimiser le chauffage et de r\u00e9aliser jusqu\u2019\u00e0 15\u00a0% d\u2019\u00e9conomies<\/li>\n<\/ul>\n<blockquote>\n<p class=\"text-base text-neutral-700 dark:text-neutral-300\">\ud83d\udccd Pour ne manquer aucune actualit\u00e9 de Presse-citron, suivez-nous sur <a href=\"https:\/\/news.google.com\/publications\/CAAqBggKMIPiNTC70wU?hl=fr&amp;gl=FR&amp;ceid=FR%3Afr\" target=\"_blank\" rel=\"nofollow noopener\">Google Actualit\u00e9s<\/a> et <a href=\"https:\/\/whatsapp.com\/channel\/0029VaCkGuz4NViitBXbEr0b\" target=\"_blank\" rel=\"nofollow noopener\">WhatsApp<\/a>.<\/p>\n<\/blockquote>\n","protected":false},"excerpt":{"rendered":"L\u2019hiver approche et avec lui revient l\u2019\u00e9ternel dilemme\u00a0: comment chauffer son logement efficacement sans voir sa facture d\u2019\u00e9nergie&hellip;\n","protected":false},"author":2,"featured_media":507240,"comment_status":"","ping_status":"","sticky":false,"template":"","format":"standard","meta":{"footnotes":""},"categories":[6],"tags":[35,27378,33,34,579,1011,27,1922],"class_list":{"0":"post-507239","1":"post","2":"type-post","3":"status-publish","4":"format-standard","5":"has-post-thumbnail","7":"category-economie","8":"tag-business","9":"tag-chauffage","10":"tag-economie","11":"tag-economy","12":"tag-electricite","13":"tag-fr","14":"tag-france","15":"tag-info"},"share_on_mastodon":{"url":"https:\/\/pubeurope.com\/@fr\/115481484014752005","error":""},"_links":{"self":[{"href":"https:\/\/www.europesays.com\/fr\/wp-json\/wp\/v2\/posts\/507239","targetHints":{"allow":["GET"]}}],"collection":[{"href":"https:\/\/www.europesays.com\/fr\/wp-json\/wp\/v2\/posts"}],"about":[{"href":"https:\/\/www.europesays.com\/fr\/wp-json\/wp\/v2\/types\/post"}],"author":[{"embeddable":true,"href":"https:\/\/www.europesays.com\/fr\/wp-json\/wp\/v2\/users\/2"}],"replies":[{"embeddable":true,"href":"https:\/\/www.europesays.com\/fr\/wp-json\/wp\/v2\/comments?post=507239"}],"version-history":[{"count":0,"href":"https:\/\/www.europesays.com\/fr\/wp-json\/wp\/v2\/posts\/507239\/revisions"}],"wp:featuredmedia":[{"embeddable":true,"href":"https:\/\/www.europesays.com\/fr\/wp-json\/wp\/v2\/media\/507240"}],"wp:attachment":[{"href":"https:\/\/www.europesays.com\/fr\/wp-json\/wp\/v2\/media?parent=507239"}],"wp:term":[{"taxonomy":"category","embeddable":true,"href":"https:\/\/www.europesays.com\/fr\/wp-json\/wp\/v2\/categories?post=507239"},{"taxonomy":"post_tag","embeddable":true,"href":"https:\/\/www.europesays.com\/fr\/wp-json\/wp\/v2\/tags?post=507239"}],"curies":[{"name":"wp","href":"https:\/\/api.w.org\/{rel}","templated":true}]}}