{"id":507247,"date":"2025-11-02T18:22:33","date_gmt":"2025-11-02T18:22:33","guid":{"rendered":"https:\/\/www.europesays.com\/fr\/507247\/"},"modified":"2025-11-02T18:22:33","modified_gmt":"2025-11-02T18:22:33","slug":"incendie-a-saint-etienne-sept-personnes-prises-en-charge-apres-un-feu-de-balcon","status":"publish","type":"post","link":"https:\/\/www.europesays.com\/fr\/507247\/","title":{"rendered":"Incendie \u00e0 Saint-\u00c9tienne : sept personnes prises en charge apr\u00e8s un feu de balcon"},"content":{"rendered":"<p>Un incendie s&rsquo;est d\u00e9clar\u00e9 ce vendredi 31 octobre au soir sur un balcon d&rsquo;un immeuble situ\u00e9 rue des Trois-Meules, dans le quartier Centre-Deux \u00e0 Saint-\u00c9tienne. Sept personnes ont \u00e9t\u00e9 transport\u00e9es \u00e0 l&rsquo;h\u00f4pital apr\u00e8s avoir inhal\u00e9 des fum\u00e9es.<\/p>\n<p>Les pompiers de la Loire sont intervenus <b>ce vendredi 31 octobre<\/b> vers 22h30 pour ma\u00eetriser un feu de balcon au premier \u00e9tage d&rsquo;un immeuble du quartier <b>Centre-Deux<\/b> \u00e0 <b>Saint-\u00c9tienne<\/b>.\u00a0<\/p>\n<p>L&rsquo;incendie, rapidement circonscrit gr\u00e2ce \u00e0 une lance \u00e0 incendie, a provoqu\u00e9 un important d\u00e9gagement de fum\u00e9e dans la cage d&rsquo;escalier, rendant l&rsquo;\u00e9vacuation n\u00e9cessaire pour plusieurs dizaines de r\u00e9sidents.<\/p>\n<p>Sept personnes prises en charge par les secours\u00a0<\/p>\n<p>Sept personnes, incommod\u00e9es par les fum\u00e9es, ont \u00e9t\u00e9 prises en charge par les secours et transport\u00e9es vers diff\u00e9rents centres hospitaliers. Le quartier a \u00e9t\u00e9 boucl\u00e9 pendant toute la dur\u00e9e de l&rsquo;intervention, mobilisant pompiers et forces de l&rsquo;ordre.<\/p>\n<p>L&rsquo;origine du sinistre reste \u00e0 d\u00e9terminer. Une enqu\u00eate a \u00e9t\u00e9 ouverte afin de comprendre les circonstances exactes de l&rsquo;incendie.<\/p>\n<p><img loading=\"lazy\" decoding=\"async\" src=\"https:\/\/www.europesays.com\/fr\/wp-content\/uploads\/2025\/11\/1762107753_39_img\" width=\"350\" height=\"200\" border=\"0\" title=\"La gendarmerie de la Haute-Loire a retrouv\u00c3\u00a9 un jeune homme de 19 ans en for\u00c3\u00aat\"\/><\/p>\n<p>\u25baFaits divers<\/p>\n<p style=\"font-size: 22px;\"><b>Victime d&rsquo;un accident, il dispara\u00eet : un homme retrouv\u00e9 dans la for\u00eat en Haute-Loire<\/b><\/p>\n<p>Dans la nuit du jeudi \u00e0 vendredi, un jeune conducteur&#8230;<\/p>\n<p><\/p>\n","protected":false},"excerpt":{"rendered":"Un incendie s&rsquo;est d\u00e9clar\u00e9 ce vendredi 31 octobre au soir sur un balcon d&rsquo;un immeuble situ\u00e9 rue des&hellip;\n","protected":false},"author":2,"featured_media":507248,"comment_status":"","ping_status":"","sticky":false,"template":"","format":"standard","meta":{"footnotes":""},"categories":[9653],"tags":[1111,11,2430,60640,1777,674,62897,1011,27,1310,12,1311,25,4001,7342],"class_list":{"0":"post-507247","1":"post","2":"type-post","3":"status-publish","4":"format-standard","5":"has-post-thumbnail","7":"category-saint-etienne","8":"tag-actu","9":"tag-actualites","10":"tag-auvergne-rhone-alpes","11":"tag-centre-deux","12":"tag-eu","13":"tag-europe","14":"tag-feu-de-balcon","15":"tag-fr","16":"tag-france","17":"tag-incendie","18":"tag-news","19":"tag-pompiers","20":"tag-republique-francaise","21":"tag-saint-etienne","22":"tag-secours"},"share_on_mastodon":{"url":"https:\/\/pubeurope.com\/@fr\/115481500512830459","error":""},"_links":{"self":[{"href":"https:\/\/www.europesays.com\/fr\/wp-json\/wp\/v2\/posts\/507247","targetHints":{"allow":["GET"]}}],"collection":[{"href":"https:\/\/www.europesays.com\/fr\/wp-json\/wp\/v2\/posts"}],"about":[{"href":"https:\/\/www.europesays.com\/fr\/wp-json\/wp\/v2\/types\/post"}],"author":[{"embeddable":true,"href":"https:\/\/www.europesays.com\/fr\/wp-json\/wp\/v2\/users\/2"}],"replies":[{"embeddable":true,"href":"https:\/\/www.europesays.com\/fr\/wp-json\/wp\/v2\/comments?post=507247"}],"version-history":[{"count":0,"href":"https:\/\/www.europesays.com\/fr\/wp-json\/wp\/v2\/posts\/507247\/revisions"}],"wp:featuredmedia":[{"embeddable":true,"href":"https:\/\/www.europesays.com\/fr\/wp-json\/wp\/v2\/media\/507248"}],"wp:attachment":[{"href":"https:\/\/www.europesays.com\/fr\/wp-json\/wp\/v2\/media?parent=507247"}],"wp:term":[{"taxonomy":"category","embeddable":true,"href":"https:\/\/www.europesays.com\/fr\/wp-json\/wp\/v2\/categories?post=507247"},{"taxonomy":"post_tag","embeddable":true,"href":"https:\/\/www.europesays.com\/fr\/wp-json\/wp\/v2\/tags?post=507247"}],"curies":[{"name":"wp","href":"https:\/\/api.w.org\/{rel}","templated":true}]}}