{"id":507251,"date":"2025-11-02T18:24:19","date_gmt":"2025-11-02T18:24:19","guid":{"rendered":"https:\/\/www.europesays.com\/fr\/507251\/"},"modified":"2025-11-02T18:24:19","modified_gmt":"2025-11-02T18:24:19","slug":"theatre-contemporain-la-terre-a-la-manufacture","status":"publish","type":"post","link":"https:\/\/www.europesays.com\/fr\/507251\/","title":{"rendered":"Th\u00e9\u00e2tre contemporain La Terre , \u00e0 la Manufacture"},"content":{"rendered":"<p>Anne Bardot a adapt\u00e9 au th\u00e9\u00e2tre le roman d\u2019\u00c9mile Zola, La Terre. Le spectacle plonge le public dans l\u2019univers rural du XIXe\u00a0 si\u00e8cle, explorant les d\u00e9fis et les espoirs d\u2019une famille paysanne.<\/p>\n<p class=\"note\">Repr\u00e9sentations mardi\u00a04 et vendredi 7\u00a0novembre, \u00e0 20\u00a0h\u00a0; mercredi\u00a05, \u00e0 14\u00a0h\u00a030, 19\u00a0h et 20\u00a0h\u00a0; jeudi\u00a06, \u00e0 14\u00a0h\u00a030\u00a0; et samedi\u00a08, \u00e0 19\u00a0h, au Th\u00e9\u00e2tre de la Manufacture, 10, rue Baron-Louis, \u00e0 Nancy. Tarifs\u00a0: de 24\u00a0\u20ac \u00e0 6\u00a0\u20ac. R\u00e9servations au 03\u00a083\u00a037\u00a042\u00a042.<\/p>\n","protected":false},"excerpt":{"rendered":"Anne Bardot a adapt\u00e9 au th\u00e9\u00e2tre le roman d\u2019\u00c9mile Zola, La Terre. Le spectacle plonge le public dans&hellip;\n","protected":false},"author":2,"featured_media":507252,"comment_status":"","ping_status":"","sticky":false,"template":"","format":"standard","meta":{"footnotes":""},"categories":[9635],"tags":[1111,11,1687,1704,1777,674,1011,27,775,1702,1703,12,25,3140],"class_list":{"0":"post-507251","1":"post","2":"type-post","3":"status-publish","4":"format-standard","5":"has-post-thumbnail","7":"category-nancy","8":"tag-actu","9":"tag-actualites","10":"tag-culture-loisirs","11":"tag-edition-nancy-et-agglomeration","12":"tag-eu","13":"tag-europe","14":"tag-fr","15":"tag-france","16":"tag-grand-est","17":"tag-nancy","18":"tag-nancy-ville-54b","19":"tag-news","20":"tag-republique-francaise","21":"tag-spectacle"},"share_on_mastodon":{"url":"https:\/\/pubeurope.com\/@fr\/115481507511074231","error":""},"_links":{"self":[{"href":"https:\/\/www.europesays.com\/fr\/wp-json\/wp\/v2\/posts\/507251","targetHints":{"allow":["GET"]}}],"collection":[{"href":"https:\/\/www.europesays.com\/fr\/wp-json\/wp\/v2\/posts"}],"about":[{"href":"https:\/\/www.europesays.com\/fr\/wp-json\/wp\/v2\/types\/post"}],"author":[{"embeddable":true,"href":"https:\/\/www.europesays.com\/fr\/wp-json\/wp\/v2\/users\/2"}],"replies":[{"embeddable":true,"href":"https:\/\/www.europesays.com\/fr\/wp-json\/wp\/v2\/comments?post=507251"}],"version-history":[{"count":0,"href":"https:\/\/www.europesays.com\/fr\/wp-json\/wp\/v2\/posts\/507251\/revisions"}],"wp:featuredmedia":[{"embeddable":true,"href":"https:\/\/www.europesays.com\/fr\/wp-json\/wp\/v2\/media\/507252"}],"wp:attachment":[{"href":"https:\/\/www.europesays.com\/fr\/wp-json\/wp\/v2\/media?parent=507251"}],"wp:term":[{"taxonomy":"category","embeddable":true,"href":"https:\/\/www.europesays.com\/fr\/wp-json\/wp\/v2\/categories?post=507251"},{"taxonomy":"post_tag","embeddable":true,"href":"https:\/\/www.europesays.com\/fr\/wp-json\/wp\/v2\/tags?post=507251"}],"curies":[{"name":"wp","href":"https:\/\/api.w.org\/{rel}","templated":true}]}}