{"id":507257,"date":"2025-11-02T18:29:30","date_gmt":"2025-11-02T18:29:30","guid":{"rendered":"https:\/\/www.europesays.com\/fr\/507257\/"},"modified":"2025-11-02T18:29:30","modified_gmt":"2025-11-02T18:29:30","slug":"loccitanie-celebre-les-80-ans-de-la-secu","status":"publish","type":"post","link":"https:\/\/www.europesays.com\/fr\/507257\/","title":{"rendered":"L\u2019Occitanie c\u00e9l\u00e8bre les 80 ans de la S\u00e9cu"},"content":{"rendered":"\n<p>Port\u00e9es principalement par des collectivit\u00e9s de gauche, par la CGT et par le monde associatif (la droite a-t-elle oubli\u00e9 que le G\u00e9n\u00e9ral de Gaulle dirigeait le gouvernement provisoire lors de sa cr\u00e9ation\u00a0?), de nombreuses manifestations \u00e9maillent le Gard et l\u2019H\u00e9rault. Le film La Sociale de Gilles Perret, qui raconte l\u2019histoire de la S\u00e9cu, a \u00e9t\u00e9 r\u00e9guli\u00e8rement diffus\u00e9 comme jeudi 30\u00a0octobre \u00e0 l\u2019Union locale CGT de B\u00e9ziers avant d\u2019\u00eatre suivi d\u2019un d\u00e9bat sur l\u2019avenir de la S\u00e9cu.<\/p>\n<p>Du c\u00f4t\u00e9 de la Ville de Montpellier, une \u00ab\u00a0exposition qui retrace 80 ann\u00e9es d\u2019existence de la S\u00e9curit\u00e9 sociale\u00a0\u00bb a \u00e9t\u00e9 inaugur\u00e9e le 27\u00a0octobre dans le hall de l\u2019h\u00f4tel de ville. Mais elle ne sera accessible que jusqu\u2019au vendredi 31\u00a0octobre. L\u2019initiative la plus originale devait venir de la CGT de Lunel, qui avait lanc\u00e9 durant l\u2019\u00e9t\u00e9 un appel \u00e0 projets artistiques pour une \u00ab\u00a0exposition participative\u00a0\u00bb intitul\u00e9e \u00ab\u00a080\u00a0ans de S\u00e9cu, 80\u00a0regards\u00a0\u00bb. Le but \u00e9tait de faire appel aux artistes locaux (plasticiens, photographes, vid\u00e9astes, performeurs, collectifs, artistes num\u00e9riques) pour obtenir des regards diff\u00e9rents sur le soin et la solidarit\u00e9. Sauf qu\u2019\u00e0 la veille de monter l\u2019exposition, la mairie a refus\u00e9 de pr\u00eater une salle. \u00ab\u00a0On n\u2019a pas r\u00e9ussi \u00e0 rebondir apr\u00e8s ce probl\u00e8me avec la mairie\u00a0\u00bb, regrette Alain Bobet, secr\u00e9taire de l\u2019UL CGT de Lunel.<\/p>\n<p> Exposition sur Ambroise Croizat \u00e0 Al\u00e8s\n              <\/p>\n<p>Dans le Gard, ce sont les deux bars du Prol\u00e9 qui sont principalement \u00e0 la man\u0153uvre. \u00c0 N\u00eemes, une conf\u00e9rence-d\u00e9bat avec L\u00e9o Rosell, auteur de \u00ab\u00a0La s\u00e9cu, une ambition perdue\u00a0? De la solidarit\u00e9 \u00e0 la rentabilit\u00e9\u00a0\u00bb, est organis\u00e9e le samedi 15\u00a0novembre (\u00e0 17h). Du c\u00f4t\u00e9 d\u2019Al\u00e8s, o\u00f9 la CGT a men\u00e9 une large campagne de sensibilisation, notamment aupr\u00e8s des jeunes, sur l\u2019importance de pr\u00e9server la S\u00e9curit\u00e9 sociale et o\u00f9 le collectif de d\u00e9fense de la sant\u00e9 du bassin al\u00e9sien a aussi organis\u00e9 des conf\u00e9rences et des d\u00e9bats, c\u2019est le Prol\u00e9 qui accueille d\u00e9sormais une exposition sur Ambroise Croizat. Ainsi, la vie du ministre du Travail (PCF) qui a jou\u00e9 un r\u00f4le d\u00e9terminant dans la mise en \u0153uvre concr\u00e8te de la S\u00e9cu qu\u2019il a con\u00e7ue comme un m\u00e9canisme de solidarit\u00e9 nationale et non comme une simple assurance professionnelle est r\u00e9sum\u00e9e sur une quinzaine de panneaux. \u00ab\u00a0Non seulement, nous devons agir pour pr\u00e9server notre syst\u00e8me de s\u00e9curit\u00e9 sociale mais agir pour l\u2019extraire des logiques de march\u00e9 et l\u2019inscrire dans notre constitution\u00a0\u00bb, a martel\u00e9 Giovanni di Francesco, secr\u00e9taire de la section al\u00e9sienne du PCF, lors de l\u2019inauguration.<\/p>\n","protected":false},"excerpt":{"rendered":"Port\u00e9es principalement par des collectivit\u00e9s de gauche, par la CGT et par le monde associatif (la droite a-t-elle&hellip;\n","protected":false},"author":2,"featured_media":507258,"comment_status":"","ping_status":"","sticky":false,"template":"","format":"standard","meta":{"footnotes":""},"categories":[9599],"tags":[1111,11,1777,674,1011,27,2208,12,2680,13852,25],"class_list":{"0":"post-507257","1":"post","2":"type-post","3":"status-publish","4":"format-standard","5":"has-post-thumbnail","7":"category-montpellier","8":"tag-actu","9":"tag-actualites","10":"tag-eu","11":"tag-europe","12":"tag-fr","13":"tag-france","14":"tag-montpellier","15":"tag-news","16":"tag-occitanie","17":"tag-protection-sociale","18":"tag-republique-francaise"},"share_on_mastodon":{"url":"https:\/\/pubeurope.com\/@fr\/115481527245561768","error":""},"_links":{"self":[{"href":"https:\/\/www.europesays.com\/fr\/wp-json\/wp\/v2\/posts\/507257","targetHints":{"allow":["GET"]}}],"collection":[{"href":"https:\/\/www.europesays.com\/fr\/wp-json\/wp\/v2\/posts"}],"about":[{"href":"https:\/\/www.europesays.com\/fr\/wp-json\/wp\/v2\/types\/post"}],"author":[{"embeddable":true,"href":"https:\/\/www.europesays.com\/fr\/wp-json\/wp\/v2\/users\/2"}],"replies":[{"embeddable":true,"href":"https:\/\/www.europesays.com\/fr\/wp-json\/wp\/v2\/comments?post=507257"}],"version-history":[{"count":0,"href":"https:\/\/www.europesays.com\/fr\/wp-json\/wp\/v2\/posts\/507257\/revisions"}],"wp:featuredmedia":[{"embeddable":true,"href":"https:\/\/www.europesays.com\/fr\/wp-json\/wp\/v2\/media\/507258"}],"wp:attachment":[{"href":"https:\/\/www.europesays.com\/fr\/wp-json\/wp\/v2\/media?parent=507257"}],"wp:term":[{"taxonomy":"category","embeddable":true,"href":"https:\/\/www.europesays.com\/fr\/wp-json\/wp\/v2\/categories?post=507257"},{"taxonomy":"post_tag","embeddable":true,"href":"https:\/\/www.europesays.com\/fr\/wp-json\/wp\/v2\/tags?post=507257"}],"curies":[{"name":"wp","href":"https:\/\/api.w.org\/{rel}","templated":true}]}}