{"id":507261,"date":"2025-11-02T18:31:10","date_gmt":"2025-11-02T18:31:10","guid":{"rendered":"https:\/\/www.europesays.com\/fr\/507261\/"},"modified":"2025-11-02T18:31:10","modified_gmt":"2025-11-02T18:31:10","slug":"alors-de-la-pluie-du-vent-ou-du-soleil","status":"publish","type":"post","link":"https:\/\/www.europesays.com\/fr\/507261\/","title":{"rendered":"alors, de la pluie, du vent ou du soleil\u00a0?"},"content":{"rendered":"<p>            Par<br \/>\n        <strong><br \/>\n            <a href=\"https:\/\/actu.fr\/auteur\/eaube\" title=\"Consulter tous les articles de Elo\u00efse Aub\u00e9\" target=\"_blank\" rel=\"noopener\">Elo\u00efse Aub\u00e9<\/a><br \/>\n        <\/strong><\/p>\n<p>        Publi\u00e9 le<\/p>\n<p>            2 nov. 2025 \u00e0 17h02        <\/p>\n<p>Si le changement d\u2019heure est en place depuis une bonne semaine, on a tout de m\u00eame un peu de mal \u00e0 se faire \u00e0 cette nuit qui arrive vite, non\u2009? Encore plus apr\u00e8s une semaine marqu\u00e9e par des \u00e9pisodes de pluie, quelques heures de soleil et beaucoup de vent en <strong>Seine-Maritime.<\/strong><\/p>\n<p class=\" wall-content\">Mais alors qu\u2019en sera-t-il de <a href=\"https:\/\/actu.fr\/meteo\/normandie\/le-havre_76351\" target=\"_blank\" rel=\"noopener\">la m\u00e9t\u00e9o<\/a> dans le d\u00e9partement pour cette premi\u00e8re semaine de novembre\u2009? Voici les pr\u00e9visions.<\/p>\n<p>L\u2019\u00e9tat du ciel<\/p>\n<p class=\" wall-content\">D\u00e8s ce lundi 3\u00a0novembre 2025, les nuages seront tr\u00e8s pr\u00e9sents dans le ciel \u00e0 en croire les pr\u00e9visions de M\u00e9t\u00e9o France. <strong>Un ciel (tr\u00e8s) couvert<\/strong> donc, qui doit laisser place \u00e0 des averses \u00e0 compter du jeudi 6 novembre, sur l\u2019ensemble du d\u00e9partement. Le week-end, si le soleil doit timidement pointer le bout de son nez, la pluie sera malheureusement toujours au rendez-vous.<\/p>\n<p class=\" wall-content\">C\u00f4t\u00e9 vent, l\u2019int\u00e9rieur des terres ne devrait pas se prendre un bol d\u2019air frais contrairement au<a href=\"https:\/\/actu.fr\/normandie\/le-havre_76351\" target=\"_blank\" rel=\"noopener\"> littoral Havrais<\/a> qui, de lundi \u00e0 mercredi, observera des <strong>rafales de vent comprises entre 45 et 50\u00a0km\/h.<\/strong><\/p>\n<p>Les temp\u00e9ratures<\/p>\n<p class=\" wall-content\">C\u00f4t\u00e9 thermom\u00e8tre en revanche, pas d\u2019\u00e9pisode de grand froid en perspective. Toute la semaine, les temp\u00e9ratures seront aux alentours de 10 degr\u00e9s le matin et 15 degr\u00e9s l\u2019apr\u00e8s-midi. La <strong>journ\u00e9e la plus chaude<\/strong> sera celle de mercredi 5\u00a0novembre avec un thermom\u00e8tre avoisinant les 19 degr\u00e9s \u00ab\u2009des temp\u00e9ratures qui se situent au-dessus des valeurs normalement observ\u00e9es\u2009\u00bb, indiquent les pr\u00e9visionnistes.<\/p>\n<p>Vid\u00e9os : en ce moment sur Actu<\/p>\n<p class=\" wall-content\">Alors le parapluie, oui, mais la doudoune, pas pour tout de suite.<\/p>\n<p>Suivez l\u2019actualit\u00e9 sur WhatsApp du\u00a0<a href=\"https:\/\/www.whatsapp.com\/channel\/0029VaFqJYE8aKvLBwVrEe0o\" target=\"_blank\" rel=\"noopener\">Havre<\/a> et de <a href=\"https:\/\/www.whatsapp.com\/channel\/0029VaKfnf99hXF2ddApFB1D\" target=\"_blank\" rel=\"noopener\">Rouen<\/a> et sur notre <a href=\"https:\/\/www.tiktok.com\/@76actu.fr?lang=fr\" target=\"_blank\" rel=\"noopener\">compte TikTok<\/a><\/p>\n<p class=\" wall-content\">Personnalisez votre actualit\u00e9 en ajoutant vos villes et m\u00e9dias en favori avec <a href=\"https:\/\/moncompte.actu.fr\" title=\"D\u00e9couvez Mon Actu\" rel=\"nofollow noopener\" data-trk=\"{&quot;cta&quot;:{&quot;action&quot;:&quot;https:\\\/\\\/moncompte.actu.fr&quot;,&quot;category&quot;:&quot;mon compte&quot;,&quot;from&quot;:&quot;article footer&quot;,&quot;name&quot;:&quot;Mon actu&quot;,&quot;type&quot;:&quot;cta&quot;}}\" target=\"_blank\">Mon Actu<\/a>.<\/p>\n<p>                    <script async src=\"\/\/www.tiktok.com\/embed.js\"><\/script><\/p>\n","protected":false},"excerpt":{"rendered":"Par Elo\u00efse Aub\u00e9 Publi\u00e9 le 2 nov. 2025 \u00e0 17h02 Si le changement d\u2019heure est en place depuis&hellip;\n","protected":false},"author":2,"featured_media":507262,"comment_status":"","ping_status":"","sticky":false,"template":"","format":"standard","meta":{"footnotes":""},"categories":[9587],"tags":[1111,11,1777,674,1011,27,3059,2487,2357,12,5161,4459,25,9590],"class_list":{"0":"post-507261","1":"post","2":"type-post","3":"status-publish","4":"format-standard","5":"has-post-thumbnail","7":"category-rouen","8":"tag-actu","9":"tag-actualites","10":"tag-eu","11":"tag-europe","12":"tag-fr","13":"tag-france","14":"tag-intemperies","15":"tag-meteo","16":"tag-meteo-france","17":"tag-news","18":"tag-normandie","19":"tag-pluie","20":"tag-republique-francaise","21":"tag-rouen"},"share_on_mastodon":{"url":"https:\/\/pubeurope.com\/@fr\/115481534978101407","error":""},"_links":{"self":[{"href":"https:\/\/www.europesays.com\/fr\/wp-json\/wp\/v2\/posts\/507261","targetHints":{"allow":["GET"]}}],"collection":[{"href":"https:\/\/www.europesays.com\/fr\/wp-json\/wp\/v2\/posts"}],"about":[{"href":"https:\/\/www.europesays.com\/fr\/wp-json\/wp\/v2\/types\/post"}],"author":[{"embeddable":true,"href":"https:\/\/www.europesays.com\/fr\/wp-json\/wp\/v2\/users\/2"}],"replies":[{"embeddable":true,"href":"https:\/\/www.europesays.com\/fr\/wp-json\/wp\/v2\/comments?post=507261"}],"version-history":[{"count":0,"href":"https:\/\/www.europesays.com\/fr\/wp-json\/wp\/v2\/posts\/507261\/revisions"}],"wp:featuredmedia":[{"embeddable":true,"href":"https:\/\/www.europesays.com\/fr\/wp-json\/wp\/v2\/media\/507262"}],"wp:attachment":[{"href":"https:\/\/www.europesays.com\/fr\/wp-json\/wp\/v2\/media?parent=507261"}],"wp:term":[{"taxonomy":"category","embeddable":true,"href":"https:\/\/www.europesays.com\/fr\/wp-json\/wp\/v2\/categories?post=507261"},{"taxonomy":"post_tag","embeddable":true,"href":"https:\/\/www.europesays.com\/fr\/wp-json\/wp\/v2\/tags?post=507261"}],"curies":[{"name":"wp","href":"https:\/\/api.w.org\/{rel}","templated":true}]}}