{"id":507265,"date":"2025-11-02T18:36:53","date_gmt":"2025-11-02T18:36:53","guid":{"rendered":"https:\/\/www.europesays.com\/fr\/507265\/"},"modified":"2025-11-02T18:36:53","modified_gmt":"2025-11-02T18:36:53","slug":"ligue-2-grave-blessure-retournement-de-situation-buts-revivez-la-victoire-capitale-du-gf38-a-amiens","status":"publish","type":"post","link":"https:\/\/www.europesays.com\/fr\/507265\/","title":{"rendered":"Ligue 2. Grave blessure, retournement de situation, buts&#8230; revivez la victoire capitale du GF38 \u00e0 Amiens"},"content":{"rendered":"<p>Le Grenoble Foot 38 a r\u00e9ussi un gros coup ce samedi sur la pelouse de d&rsquo;Amiens ce samedi en s&rsquo;imposant 3-2. En t\u00eate \u00e0 la pause (2-0), les Is\u00e9rois ont connu un retour des vestiaires compliqu\u00e9s avec deux buts encaiss\u00e9s en moins de cinq minutes \u00e0 l&rsquo;heure de jeu. Mais les hommes de Franck Rizzetto ont eu les ressources pour s&rsquo;imposer gr\u00e2ce \u00e0 Yadaly Diaby qui a profit\u00e9 d&rsquo;une erreur de Paul Bernardoni. Revivez la rencontre en direct comment\u00e9.<\/p>\n<p>&#13;<br \/>\n              Y.L. (avec L.A., \u00e0 Amiens) &#8211; &#13;<br \/>\n        &#13;<br \/>\n          Hier \u00e0 16:07&#13;<br \/>\n    &#13;<br \/>\n                  | mis \u00e0 jour hier \u00e0 16:09&#13;<br \/>\n              &#8211; Temps de lecture : &#13;<br \/>\n  &#13;<\/p>\n","protected":false},"excerpt":{"rendered":"Le Grenoble Foot 38 a r\u00e9ussi un gros coup ce samedi sur la pelouse de d&rsquo;Amiens ce samedi&hellip;\n","protected":false},"author":2,"featured_media":507266,"comment_status":"","ping_status":"","sticky":false,"template":"","format":"standard","meta":{"footnotes":""},"categories":[9566],"tags":[1111,11,2430,3545,112,113,114,1777,674,107,1701,63,1011,27,12637,2731,2732,108,12636,1985,12,25,517],"class_list":{"0":"post-507265","1":"post","2":"type-post","3":"status-publish","4":"format-standard","5":"has-post-thumbnail","7":"category-grenoble","8":"tag-actu","9":"tag-actualites","10":"tag-auvergne-rhone-alpes","11":"tag-direct-sport","12":"tag-edition-grenoble-agglomeration","13":"tag-edition-gresivaudan-oisans","14":"tag-edition-voiron-saint-marcellin","15":"tag-eu","16":"tag-europe","17":"tag-fil-info","18":"tag-fil-info-sport","19":"tag-football","20":"tag-fr","21":"tag-france","22":"tag-gf38-grenoble-foot-38","23":"tag-grenoble","24":"tag-grenoble-bassin","25":"tag-isere","26":"tag-ligue-2-football","27":"tag-metropole-de-grenoble","28":"tag-news","29":"tag-republique-francaise","30":"tag-sport"},"share_on_mastodon":{"url":"https:\/\/pubeurope.com\/@fr\/115481558566355911","error":""},"_links":{"self":[{"href":"https:\/\/www.europesays.com\/fr\/wp-json\/wp\/v2\/posts\/507265","targetHints":{"allow":["GET"]}}],"collection":[{"href":"https:\/\/www.europesays.com\/fr\/wp-json\/wp\/v2\/posts"}],"about":[{"href":"https:\/\/www.europesays.com\/fr\/wp-json\/wp\/v2\/types\/post"}],"author":[{"embeddable":true,"href":"https:\/\/www.europesays.com\/fr\/wp-json\/wp\/v2\/users\/2"}],"replies":[{"embeddable":true,"href":"https:\/\/www.europesays.com\/fr\/wp-json\/wp\/v2\/comments?post=507265"}],"version-history":[{"count":0,"href":"https:\/\/www.europesays.com\/fr\/wp-json\/wp\/v2\/posts\/507265\/revisions"}],"wp:featuredmedia":[{"embeddable":true,"href":"https:\/\/www.europesays.com\/fr\/wp-json\/wp\/v2\/media\/507266"}],"wp:attachment":[{"href":"https:\/\/www.europesays.com\/fr\/wp-json\/wp\/v2\/media?parent=507265"}],"wp:term":[{"taxonomy":"category","embeddable":true,"href":"https:\/\/www.europesays.com\/fr\/wp-json\/wp\/v2\/categories?post=507265"},{"taxonomy":"post_tag","embeddable":true,"href":"https:\/\/www.europesays.com\/fr\/wp-json\/wp\/v2\/tags?post=507265"}],"curies":[{"name":"wp","href":"https:\/\/api.w.org\/{rel}","templated":true}]}}